{"id":119318,"date":"2025-10-20T20:25:11","date_gmt":"2025-10-20T20:25:11","guid":{"rendered":"https:\/\/www.europesays.com\/pt\/119318\/"},"modified":"2025-10-20T20:25:11","modified_gmt":"2025-10-20T20:25:11","slug":"vitoria-e-o-municipio-do-es-que-mais-vacinou-no-dia-d-da-campanha-de-multivacinacao-2025-prefeitura-de-vitoria","status":"publish","type":"post","link":"https:\/\/www.europesays.com\/pt\/119318\/","title":{"rendered":"Vit\u00f3ria \u00e9 o munic\u00edpio do ES que mais vacinou no Dia D da Campanha de Multivacina\u00e7\u00e3o 2025 \u2013 Prefeitura de Vit\u00f3ria"},"content":{"rendered":"<p>                      Vit\u00f3ria \u00e9 o munic\u00edpio do ES que mais vacinou no Dia D da Campanha de Multivacina\u00e7\u00e3o 2025<\/p>\n<ul class=\"list-unstyled ods\">\n<li>\n                          <a href=\"https:\/\/observavix.vitoria.es.gov.br\/objetivo\/3\" rel=\"external nofollow noopener\" title=\"Sa\u00fade e bem-estar\" target=\"_blank\"><img loading=\"lazy\" decoding=\"async\" src=\"https:\/\/www.europesays.com\/pt\/wp-content\/uploads\/2025\/08\/ods_3.png\" width=\"50\" height=\"50\" alt=\"Sa\u00fade e bem-estar\"\/><\/a>\n                        <\/li>\n<\/ul>\n<p>\n                        Leonardo Silveira\n                      <\/p>\n<p>                        <a href=\"https:\/\/www.vitoria.es.gov.br\/recursos\/imagens\/banco\/2024\/04\/27\/127932\/ampliada@2x.jpg\" title=\"Vit\u00f3ria Com Voc\u00ea no Bairro Bonfim\" class=\"lightbox cboxElement\" rel=\"nofollow noopener\" target=\"_blank\"><img loading=\"lazy\" decoding=\"async\" src=\"https:\/\/www.europesays.com\/pt\/wp-content\/uploads\/2025\/10\/1760991911_416_normal@2x.jpg\" width=\"700\" height=\"466\" alt=\"Vit\u00f3ria Com Voc\u00ea no Bairro Bonfim\" class=\"img-rounded img-responsive sombreado\"\/><\/a><\/p>\n<p>\n                      O munic\u00edpio de Vit\u00f3ria foi o que mais registrou vacina\u00e7\u00f5es no Dia D da Campanha de Multivacina\u00e7\u00e3o 2025, com 2.277doses aplicadas. Os dados s\u00e3o do site <a href=\"https:\/\/vacinaeconfia.saude.es.gov.br\/\" rel=\"nofollow noopener\" target=\"_blank\">vacinaeconfia.saude.es.gov.br<\/a>, da Secretaria de Estado da Sa\u00fade do Esp\u00edrito Santo, que tamb\u00e9m aponta que todos os 78 munic\u00edpios do Esp\u00edrito Santo (ES) juntos realizaram 22.142 aplica\u00e7\u00f5es no Dia D de Multivacina\u00e7\u00e3o.\n                    <\/p>\n<p>\n                      Na capitala, 13 Unidades B\u00e1sicas de Sa\u00fade de Vit\u00f3ria (UBS) estiveram abertas para aplicar as vacinas de rotina. S\u00e3o elas: Jardim Camburi, Santo Ant\u00f4nio, Maru\u00edpe, Praia do Su\u00e1, Conquista, Maria Ortiz, Jardim da Penha, Consola\u00e7\u00e3o, Ilha do Pr\u00edncipe, Santa Martha, Do Quadro, Jesus de Nazareth e Parque Moscoso.\n                    <\/p>\n<p>\n                      &#8220;Agrade\u00e7o o empenho e dedica\u00e7\u00e3o de todos os servidores da Sa\u00fade que participaram do Dia D de Multivacina\u00e7\u00e3o, promovendo o cuidado e a preven\u00e7\u00e3o para tantas fam\u00edlias, refor\u00e7ando nossa miss\u00e3o de levar mais qualidade de vida e bem-estar para a popula\u00e7\u00e3o de Vit\u00f3ria&#8221;, destaca a secret\u00e1ria de Sa\u00fade de Vit\u00f3ria, Magda Lamborghini.\n                    <\/p>\n<p>\n                      &#8220;O Dia D oferece uma oportunidade para que as fam\u00edlias possam vacinar os grupos priorit\u00e1rios em hor\u00e1rios alternativos. Tamb\u00e9m \u00e9 o momento ideal para atualizar a caderneta de vacina\u00e7\u00e3o de pessoas de todas as idades&#8221;, explica Tatiane Comerio, coordenadora da Vigil\u00e2ncia Epidemiol\u00f3gica de Vit\u00f3ria.\n                    <\/p>\n","protected":false},"excerpt":{"rendered":"Vit\u00f3ria \u00e9 o munic\u00edpio do ES que mais vacinou no Dia D da Campanha de Multivacina\u00e7\u00e3o 2025 Leonardo&hellip;\n","protected":false},"author":2,"featured_media":31228,"comment_status":"","ping_status":"","sticky":false,"template":"","format":"standard","meta":{"footnotes":""},"categories":[86],"tags":[27768,27766,27765,116,32,33,117,2820,27767],"class_list":{"0":"post-119318","1":"post","2":"type-post","3":"status-publish","4":"format-standard","5":"has-post-thumbnail","7":"category-saude","8":"tag-campanha-multivacinacao","9":"tag-dia-d-multivacinacao","10":"tag-dia-d-vacinacao","11":"tag-health","12":"tag-portugal","13":"tag-pt","14":"tag-saude","15":"tag-vacinacao","16":"tag-vitoria-foi-o-municipio-do-es-que-mais-vacinou"},"share_on_mastodon":{"url":"https:\/\/pubeurope.com\/@pt\/115408373428208774","error":""},"_links":{"self":[{"href":"https:\/\/www.europesays.com\/pt\/wp-json\/wp\/v2\/posts\/119318","targetHints":{"allow":["GET"]}}],"collection":[{"href":"https:\/\/www.europesays.com\/pt\/wp-json\/wp\/v2\/posts"}],"about":[{"href":"https:\/\/www.europesays.com\/pt\/wp-json\/wp\/v2\/types\/post"}],"author":[{"embeddable":true,"href":"https:\/\/www.europesays.com\/pt\/wp-json\/wp\/v2\/users\/2"}],"replies":[{"embeddable":true,"href":"https:\/\/www.europesays.com\/pt\/wp-json\/wp\/v2\/comments?post=119318"}],"version-history":[{"count":0,"href":"https:\/\/www.europesays.com\/pt\/wp-json\/wp\/v2\/posts\/119318\/revisions"}],"wp:featuredmedia":[{"embeddable":true,"href":"https:\/\/www.europesays.com\/pt\/wp-json\/wp\/v2\/media\/31228"}],"wp:attachment":[{"href":"https:\/\/www.europesays.com\/pt\/wp-json\/wp\/v2\/media?parent=119318"}],"wp:term":[{"taxonomy":"category","embeddable":true,"href":"https:\/\/www.europesays.com\/pt\/wp-json\/wp\/v2\/categories?post=119318"},{"taxonomy":"post_tag","embeddable":true,"href":"https:\/\/www.europesays.com\/pt\/wp-json\/wp\/v2\/tags?post=119318"}],"curies":[{"name":"wp","href":"https:\/\/api.w.org\/{rel}","templated":true}]}}