{"id":119325,"date":"2025-10-20T20:35:09","date_gmt":"2025-10-20T20:35:09","guid":{"rendered":"https:\/\/www.europesays.com\/pt\/119325\/"},"modified":"2025-10-20T20:35:09","modified_gmt":"2025-10-20T20:35:09","slug":"mulher-morre-atropelada-por-autocarro-na-rua-julio-dinis-no-porto","status":"publish","type":"post","link":"https:\/\/www.europesays.com\/pt\/119325\/","title":{"rendered":"Mulher morre atropelada por autocarro na Rua J\u00falio Dinis no Porto"},"content":{"rendered":"<p>O alerta para os Bombeiros Sapadores do Porto foi dado \u00e0s 18.17 horas, tendo sido montado um per\u00edmetro de seguran\u00e7a.<\/p>\n<p data-remotead-prev-elm=\"true\" data-remotead-elm-id=\"inread\"><img decoding=\"async\" class=\"ngx-body\" guid=\"4815cf45-85c0-4e52-912d-368628b8461c\" src=\"https:\/\/www.europesays.com\/pt\/wp-content\/uploads\/2025\/10\/1760992509_983_image.jpg\" width=\"100%\"\/><\/p>\n<p>A mulher ter\u00e1 sido atropelada na passadeira e o motorista do autocarro recebeu apoio psicol\u00f3gico no local.<\/p>\n<p data-remotead-prev-elm=\"true\" data-remotead-elm-id=\"centro1\">Al\u00e9m dos Sapadores, para o acidente foram mobilizados elementos da VMER do Hospital de Santo Ant\u00f3nio, da Pol\u00edcia Municipal do Porto e da PSP.<\/p>\n<p>A STCP j\u00e1 lamentou o sucedido e anunciou a abertura de um inqu\u00e9rito: &#8220;A STCP lamenta o tr\u00e1gico acidente ocorrido ao final da tarde de hoje que resultou na morte de uma pessoa por atropelamento. Neste momento de dor, a empresa expressa as mais sentidas condol\u00eancias aos familiares e amigos da v\u00edtima. A STCP est\u00e1 a colaborar com as autoridades para apurar as circunst\u00e2ncias do sucedido, tendo j\u00e1 aberto um inqu\u00e9rito para apurar todas as circunst\u00e2ncias deste tr\u00e1gico acidente&#8221;.<\/p>\n","protected":false},"excerpt":{"rendered":"O alerta para os Bombeiros Sapadores do Porto foi dado \u00e0s 18.17 horas, tendo sido montado um per\u00edmetro&hellip;\n","protected":false},"author":2,"featured_media":119326,"comment_status":"","ping_status":"","sticky":false,"template":"","format":"standard","meta":{"footnotes":""},"categories":[10],"tags":[27,28,20018,15,16,14,25,26,21,22,12,13,19,20,32,23,24,1306,33,24049,17,18,29,30,31],"class_list":{"0":"post-119325","1":"post","2":"type-post","3":"status-publish","4":"format-standard","5":"has-post-thumbnail","7":"category-portugal","8":"tag-breaking-news","9":"tag-breakingnews","10":"tag-concelho-porto","11":"tag-featured-news","12":"tag-featurednews","13":"tag-headlines","14":"tag-latest-news","15":"tag-latestnews","16":"tag-main-news","17":"tag-mainnews","18":"tag-news","19":"tag-noticias","20":"tag-noticias-principais","21":"tag-noticiasprincipais","22":"tag-portugal","23":"tag-principais-noticias","24":"tag-principaisnoticias","25":"tag-psp","26":"tag-pt","27":"tag-stcp","28":"tag-top-stories","29":"tag-topstories","30":"tag-ultimas","31":"tag-ultimas-noticias","32":"tag-ultimasnoticias"},"share_on_mastodon":{"url":"https:\/\/pubeurope.com\/@pt\/115408412613348034","error":""},"_links":{"self":[{"href":"https:\/\/www.europesays.com\/pt\/wp-json\/wp\/v2\/posts\/119325","targetHints":{"allow":["GET"]}}],"collection":[{"href":"https:\/\/www.europesays.com\/pt\/wp-json\/wp\/v2\/posts"}],"about":[{"href":"https:\/\/www.europesays.com\/pt\/wp-json\/wp\/v2\/types\/post"}],"author":[{"embeddable":true,"href":"https:\/\/www.europesays.com\/pt\/wp-json\/wp\/v2\/users\/2"}],"replies":[{"embeddable":true,"href":"https:\/\/www.europesays.com\/pt\/wp-json\/wp\/v2\/comments?post=119325"}],"version-history":[{"count":0,"href":"https:\/\/www.europesays.com\/pt\/wp-json\/wp\/v2\/posts\/119325\/revisions"}],"wp:featuredmedia":[{"embeddable":true,"href":"https:\/\/www.europesays.com\/pt\/wp-json\/wp\/v2\/media\/119326"}],"wp:attachment":[{"href":"https:\/\/www.europesays.com\/pt\/wp-json\/wp\/v2\/media?parent=119325"}],"wp:term":[{"taxonomy":"category","embeddable":true,"href":"https:\/\/www.europesays.com\/pt\/wp-json\/wp\/v2\/categories?post=119325"},{"taxonomy":"post_tag","embeddable":true,"href":"https:\/\/www.europesays.com\/pt\/wp-json\/wp\/v2\/tags?post=119325"}],"curies":[{"name":"wp","href":"https:\/\/api.w.org\/{rel}","templated":true}]}}