{"id":119341,"date":"2025-10-20T20:50:10","date_gmt":"2025-10-20T20:50:10","guid":{"rendered":"https:\/\/www.europesays.com\/pt\/119341\/"},"modified":"2025-10-20T20:50:10","modified_gmt":"2025-10-20T20:50:10","slug":"leao-xiv-a-santidade-floresce-no-servico-cotidiano-aos-mais-vulneraveis","status":"publish","type":"post","link":"https:\/\/www.europesays.com\/pt\/119341\/","title":{"rendered":"Le\u00e3o XIV: a santidade floresce no servi\u00e7o cotidiano aos mais vulner\u00e1veis"},"content":{"rendered":"<p>O Papa recebeu na manh\u00e3 desta segunda-feira (20\/10), na Sala Paulo VI, os peregrinos que vieram a Roma para as canoniza\u00e7\u00f5es celebradas no domingo. Italiano, ingl\u00eas e espanhol foram os idiomas utilizados em seu discurso: \u201cOs novos santos s\u00e3o sinais luminosos de esperan\u00e7a\u201d, afirmou o Pont\u00edfice.<\/p>\n<p><b>Thulio Fonseca &#8211; Vatican News<\/b><\/p>\n<p>O Papa Le\u00e3o XIV recebeu na manh\u00e3 desta segunda-feira, 20 de outubro, na Sala Paulo VI, os peregrinos provenientes de diversas partes do mundo que vieram a Roma para participar das canoniza\u00e7\u00f5es celebradas no \u00faltimo domingo. Durante o encontro, o Pont\u00edfice dirigiu-se aos fi\u00e9is em italiano, ingl\u00eas e espanhol, e sublinhou a universalidade da Igreja e a comunh\u00e3o que une os crist\u00e3os de todos os continentes em uma \u00fanica f\u00e9:<\/p>\n<p>\u201cOs novos santos s\u00e3o sinais luminosos de esperan\u00e7a, porque ofereceram suas vidas por amor a Cristo e aos irm\u00e3os.\u201d<\/p>\n<p>     <a href=\"https:\/\/www.vaticannews.va\/pt\/papa\/news\/2025-10\/papa-leao-missa-canonizacao-santos-acesa-lampada-fe-dia-missoes.html\" title=\"Le\u00e3o XIV: os novos santos e santas mantiveram acesa a l\u00e2mpada da f\u00e9\" rel=\"nofollow noopener\" target=\"_blank\"><\/p>\n<p>        <img decoding=\"async\" src=\"data:image\/gif;base64,R0lGODlhAQABAIAAAAAAAP\/\/\/yH5BAEAAAAALAAAAAABAAEAAAIBRAA7\" data-original=\"https:\/\/www.vaticannews.va\/content\/dam\/vaticannews\/agenzie\/images\/srv\/2025\/10\/19\/2025-10-19-santa-messa-e-canonizzazione\/1760868647134.JPG\/_jcr_content\/renditions\/cq5dam.thumbnail.cropped.500.281.jpeg\" alt=\"Le\u00e3o XIV: os novos santos e santas mantiveram acesa a l\u00e2mpada da f\u00e9\"\/><\/p>\n<p>      <\/a><\/p>\n<p>\n      A Igreja tem sete novos santos canonizados pelo Papa Le\u00e3o, neste domingo, Dia Mundial das Miss\u00f5es. S\u00e3o eles: In\u00e1cio Maloyan, Pedro To Rot, Vincenza Maria Poloni, Maria Carmen &#8230;\n     <\/p>\n<p>Um pastor segundo o cora\u00e7\u00e3o de Cristo <\/p>\n<p>Ao recordar o bispo m\u00e1rtir arm\u00eanio In\u00e1cio Maloyan, o Papa destacou o testemunho de um pastor fiel at\u00e9 o fim: \u201cQuando lhe pediram que renunciasse \u00e0 f\u00e9 em troca da liberdade, n\u00e3o hesitou em escolher o Senhor, chegando ao ponto de derramar seu sangue por Deus\u201d, disse Le\u00e3o XIV, evocando o povo arm\u00eanio que \u201cgrava a cruz na pedra como sinal de sua f\u00e9 firme e inabal\u00e1vel\u201d. O Papa pediu que a intercess\u00e3o do novo santo renove o fervor dos fi\u00e9is e traga frutos de reconcilia\u00e7\u00e3o e paz para todos.<\/p>\n<p>Coragem e fidelidade ao Evangelho <\/p>\n<p>O Pont\u00edfice voltou seu olhar \u00e0 Oceania ao recordar o exemplo do catequista S\u00e3o Pedro To Rot, natural da Papua-Nova Guin\u00e9, que enfrentou persegui\u00e7\u00f5es durante a Segunda Guerra Mundial: \u201cEmbora fosse um simples catequista, demonstrou coragem extraordin\u00e1ria ao arriscar a vida para continuar sua miss\u00e3o, mesmo quando o trabalho pastoral era proibido.\u201d<\/p>\n<p>S\u00e3o Pedro To Rot defendeu com firmeza a santidade do matrim\u00f4nio, mesmo diante das autoridades que permitiam a poligamia. \u201cQue o seu exemplo nos encoraje a defender as verdades da f\u00e9, mesmo ao custo do sacrif\u00edcio pessoal, e a confiar sempre em Deus nas prova\u00e7\u00f5es\u201d, exortou o Santo Padre.<\/p>\n<p>A f\u00e9 e a unidade de um povo <\/p>\n<p>Em espanhol, Le\u00e3o XIV recordou os santos venezuelanos Jos\u00e9 Gregorio Hern\u00e1ndez e Carmen Rendiles, recentemente canonizados, mencionando a carta publicada pelos bispos da Venezuela no dia 7 de outubro por ocasi\u00e3o do evento. O Papa destacou as virtudes que marcaram suas vidas: f\u00e9, esperan\u00e7a e caridade, e que devem servir de est\u00edmulo para a unidade nacional. O Pont\u00edfice convidou os fi\u00e9is a reconhecer em cada pessoa um irm\u00e3o a ser respeitado e amado, e a caminhar juntos na constru\u00e7\u00e3o do Reino de Deus com alegria:<\/p>\n<blockquote>\n<p>\u201cSe Deus \u00e9 nossa recompensa eterna, nossas lutas n\u00e3o podem se encerrar em metas passageiras. A caridade, que nasce do dom recebido, nos faz encontrar o verdadeiro sentido da vida e nos pede que a construamos no servi\u00e7o aos enfermos, aos pobres e aos mais pequenos.\u201d<\/p>\n<\/blockquote>\n<p>Caridade que se faz servi\u00e7o <\/p>\n<p>O Santo Padre\u00a0 tamb\u00e9m recordou a mission\u00e1ria salesiana Maria Troncatti, que dedicou sua vida \u00e0s popula\u00e7\u00f5es ind\u00edgenas do Equador: \u201cCom compet\u00eancia m\u00e9dica e paix\u00e3o por Cristo, cuidou dos corpos e dos cora\u00e7\u00f5es, transformando as dificuldades em oportunidades de amor e doa\u00e7\u00e3o total\u201d. Na mesma linha, Le\u00e3o XIV destacou a vida de Santa Vincenza Maria Poloni, fundadora das Irm\u00e3s da Miseric\u00f3rdia, cuja espiritualidade eucar\u00edstica e devo\u00e7\u00e3o mariana sustentaram o compromisso di\u00e1rio com os mais fr\u00e1geis:<\/p>\n<p>\u201c\u00c9 justamente a\u00ed, no servi\u00e7o cotidiano aos mais vulner\u00e1veis, que floresce a santidade da vida.\u201d<\/p>\n<p>Cora\u00e7\u00e3o repleto de gratid\u00e3o <\/p>\n<p>Por fim, Le\u00e3o XIV recordou S\u00e3o Bartolo Longo, o \u201cap\u00f3stolo do Ros\u00e1rio\u201d, que, ap\u00f3s sua convers\u00e3o, dedicou todas as energias \u00e0s obras de miseric\u00f3rdia e \u00e0 promo\u00e7\u00e3o da devo\u00e7\u00e3o mariana. \u201cContemplando os mist\u00e9rios de Cristo com o olhar de Maria, assimilamos dia a dia o Evangelho e aprendemos a pratic\u00e1-lo\u201d, afirmou o Pont\u00edfice, recomendando a ora\u00e7\u00e3o do Ros\u00e1rio a sacerdotes, religiosos, fam\u00edlias e jovens. Na conclus\u00e3o do encontro, o Santo Padre dirigiu uma mensagem aos peregrinos, convidando-os a levar consigo o testemunho dos novos santos:<\/p>\n<p>\u201cQueridos peregrinos, desejo que retornem \u00e0s suas terras com o cora\u00e7\u00e3o cheio de gratid\u00e3o e o ardente desejo de imitar os novos santos. Que a intercess\u00e3o deles os acompanhe e que o exemplo de suas vidas os inspire.\u201d<\/p>\n","protected":false},"excerpt":{"rendered":"O Papa recebeu na manh\u00e3 desta segunda-feira (20\/10), na Sala Paulo VI, os peregrinos que vieram a Roma&hellip;\n","protected":false},"author":2,"featured_media":119342,"comment_status":"","ping_status":"","sticky":false,"template":"","format":"standard","meta":{"footnotes":""},"categories":[50],"tags":[805,27,28,21907,15,16,14,25,26,21,22,62,12,13,19,20,811,23,24,10353,17,18,29,30,31,63,64,65],"class_list":{"0":"post-119341","1":"post","2":"type-post","3":"status-publish","4":"format-standard","5":"has-post-thumbnail","7":"category-mundo","8":"tag-audiencias","9":"tag-breaking-news","10":"tag-breakingnews","11":"tag-caridade","12":"tag-featured-news","13":"tag-featurednews","14":"tag-headlines","15":"tag-latest-news","16":"tag-latestnews","17":"tag-main-news","18":"tag-mainnews","19":"tag-mundo","20":"tag-news","21":"tag-noticias","22":"tag-noticias-principais","23":"tag-noticiasprincipais","24":"tag-papa-leao-xiv","25":"tag-principais-noticias","26":"tag-principaisnoticias","27":"tag-santos-e-beatos","28":"tag-top-stories","29":"tag-topstories","30":"tag-ultimas","31":"tag-ultimas-noticias","32":"tag-ultimasnoticias","33":"tag-world","34":"tag-world-news","35":"tag-worldnews"},"share_on_mastodon":{"url":"https:\/\/pubeurope.com\/@pt\/115408471570841445","error":""},"_links":{"self":[{"href":"https:\/\/www.europesays.com\/pt\/wp-json\/wp\/v2\/posts\/119341","targetHints":{"allow":["GET"]}}],"collection":[{"href":"https:\/\/www.europesays.com\/pt\/wp-json\/wp\/v2\/posts"}],"about":[{"href":"https:\/\/www.europesays.com\/pt\/wp-json\/wp\/v2\/types\/post"}],"author":[{"embeddable":true,"href":"https:\/\/www.europesays.com\/pt\/wp-json\/wp\/v2\/users\/2"}],"replies":[{"embeddable":true,"href":"https:\/\/www.europesays.com\/pt\/wp-json\/wp\/v2\/comments?post=119341"}],"version-history":[{"count":0,"href":"https:\/\/www.europesays.com\/pt\/wp-json\/wp\/v2\/posts\/119341\/revisions"}],"wp:featuredmedia":[{"embeddable":true,"href":"https:\/\/www.europesays.com\/pt\/wp-json\/wp\/v2\/media\/119342"}],"wp:attachment":[{"href":"https:\/\/www.europesays.com\/pt\/wp-json\/wp\/v2\/media?parent=119341"}],"wp:term":[{"taxonomy":"category","embeddable":true,"href":"https:\/\/www.europesays.com\/pt\/wp-json\/wp\/v2\/categories?post=119341"},{"taxonomy":"post_tag","embeddable":true,"href":"https:\/\/www.europesays.com\/pt\/wp-json\/wp\/v2\/tags?post=119341"}],"curies":[{"name":"wp","href":"https:\/\/api.w.org\/{rel}","templated":true}]}}