{"id":119363,"date":"2025-10-20T21:11:28","date_gmt":"2025-10-20T21:11:28","guid":{"rendered":"https:\/\/www.europesays.com\/pt\/119363\/"},"modified":"2025-10-20T21:11:28","modified_gmt":"2025-10-20T21:11:28","slug":"nao-gostam-da-burca-nem-dos-gajos-que-gostam-da-burca-entao-facam-alguma-coisa","status":"publish","type":"post","link":"https:\/\/www.europesays.com\/pt\/119363\/","title":{"rendered":"N\u00e3o gostam da burca nem dos gajos que gostam da burca? Ent\u00e3o fa\u00e7am alguma coisa\u2026"},"content":{"rendered":"<p>A frase mais marcante do debate da \u00faltima sexta-feira na Assembleia da Rep\u00fablica, em que se discutiu e votou a chamada \u201clei das burcas\u201d, apresentada pelo Chega e aprovada por este partido com os votos do PSD, CDS e Iniciativa Liberal, veio de um deputado sentado precisamente no p\u00f3lo oposto do hemiciclo de S\u00e3o Bento.<\/p>\n<p>Rui Tavares, l\u00edder do Livre, protestava contra a iniciativa, e tinha muitas e boas raz\u00f5es para o fazer: Pelo aproveitamento pol\u00edtico evidente do Chega, perante o levantar de um problema e quest\u00e3o praticamente sem express\u00e3o no nosso pa\u00eds; pelo acirrar de \u00e2nimos contra comunidades imigrantes; pela apresenta\u00e7\u00e3o de um projeto de lei mal escrito e mal feito.<\/p>\n<p>A dada altura saiu-lhe mesmo um sonoro \u201cSou contra a burca e sou contra os gajos a favor da burca\u201d.<\/p>\n<p>O problema de Rui Tavares, como o problema de muitos outros deputados e partidos, \u00e9 o que fazer em rela\u00e7\u00e3o \u00e0 lei das burcas. E votar contra, sem mais nada, n\u00e3o \u00e9 mesmo a melhor solu\u00e7\u00e3o. Deixa-se o Chega como paladino da defesa dos direitos das mulheres, quando quem defende algo como \u201cse querem usar burca metam-se no avi\u00e3o e voltem para os seus pa\u00edses\u201d est\u00e1-se na verdade marimbando para os direitos violados de mulheres perante uma pr\u00e1tica b\u00e1rbara e verdadeiramente medieval.<\/p>\n<p>Perante isto, como agir?<\/p>\n<p><strong>1. <\/strong>Explicar como a burca \u00e9 uma imposi\u00e7\u00e3o arcaica, medieval e b\u00e1rbara. Os talib\u00e3s reintroduziram a sua obrigatoriedade no Afeganist\u00e3o com o argumento de que as mulheres n\u00e3o podem socializar com nenhum homem. Isto nada tem que ver com liberdade de culto e religi\u00e3o, que n\u00e3o est\u00e1 em causa.<\/p>\n<p><strong>2.<\/strong> Apresentar um projeto de lei alternativo. Humanista, firme, bem feito e coerente. Sobretudo n\u00e3o deixar o Chega sozinho neste campo (o projeto do Chega deu entrada na AR em junho, houve mais do que tempo para isso).<\/p>\n<p><strong>3. <\/strong>Propor que se substitua a pena pecuni\u00e1ria para quem for apanhado de burca pelo recurso a servi\u00e7os sociais. As mulheres for\u00e7adas a usar burca por costumes medievais e b\u00e1rbaros que visam impedir que possam conviver de que forma for com outros homens devem ser ajudadas, n\u00e3o punidas com multas de dois mil euros.<\/p>\n<p><strong>4. <\/strong>Refor\u00e7ar que o importante \u00e9 integrar comunidades imigrantes, n\u00e3o ostraciz\u00e1-las ou maltrat\u00e1-las.<\/p>\n<p>Combater o Chega n\u00e3o \u00e9 estar contra tudo o que apresenta e prop\u00f5e, sen\u00e3o chegamos ao rid\u00edculo de ter partidos e deputados a defender que proibir o uso da burca \u00e9 atentar contra os direitos individuais. Uma lei n\u00e3o \u00e9 m\u00e1 por ser apresentada por Ventura e boa se for Rui Tavares a apresenta-la\u2026<\/p>\n","protected":false},"excerpt":{"rendered":"A frase mais marcante do debate da \u00faltima sexta-feira na Assembleia da Rep\u00fablica, em que se discutiu e&hellip;\n","protected":false},"author":2,"featured_media":119364,"comment_status":"","ping_status":"","sticky":false,"template":"","format":"standard","meta":{"footnotes":""},"categories":[8],"tags":[27,28,15,16,14,25,26,21,22,12,13,19,20,32,23,24,33,17,18,29,30,31],"class_list":{"0":"post-119363","1":"post","2":"type-post","3":"status-publish","4":"format-standard","5":"has-post-thumbnail","7":"category-principais-noticias","8":"tag-breaking-news","9":"tag-breakingnews","10":"tag-featured-news","11":"tag-featurednews","12":"tag-headlines","13":"tag-latest-news","14":"tag-latestnews","15":"tag-main-news","16":"tag-mainnews","17":"tag-news","18":"tag-noticias","19":"tag-noticias-principais","20":"tag-noticiasprincipais","21":"tag-portugal","22":"tag-principais-noticias","23":"tag-principaisnoticias","24":"tag-pt","25":"tag-top-stories","26":"tag-topstories","27":"tag-ultimas","28":"tag-ultimas-noticias","29":"tag-ultimasnoticias"},"share_on_mastodon":{"url":"https:\/\/pubeurope.com\/@pt\/115408554246421501","error":""},"_links":{"self":[{"href":"https:\/\/www.europesays.com\/pt\/wp-json\/wp\/v2\/posts\/119363","targetHints":{"allow":["GET"]}}],"collection":[{"href":"https:\/\/www.europesays.com\/pt\/wp-json\/wp\/v2\/posts"}],"about":[{"href":"https:\/\/www.europesays.com\/pt\/wp-json\/wp\/v2\/types\/post"}],"author":[{"embeddable":true,"href":"https:\/\/www.europesays.com\/pt\/wp-json\/wp\/v2\/users\/2"}],"replies":[{"embeddable":true,"href":"https:\/\/www.europesays.com\/pt\/wp-json\/wp\/v2\/comments?post=119363"}],"version-history":[{"count":0,"href":"https:\/\/www.europesays.com\/pt\/wp-json\/wp\/v2\/posts\/119363\/revisions"}],"wp:featuredmedia":[{"embeddable":true,"href":"https:\/\/www.europesays.com\/pt\/wp-json\/wp\/v2\/media\/119364"}],"wp:attachment":[{"href":"https:\/\/www.europesays.com\/pt\/wp-json\/wp\/v2\/media?parent=119363"}],"wp:term":[{"taxonomy":"category","embeddable":true,"href":"https:\/\/www.europesays.com\/pt\/wp-json\/wp\/v2\/categories?post=119363"},{"taxonomy":"post_tag","embeddable":true,"href":"https:\/\/www.europesays.com\/pt\/wp-json\/wp\/v2\/tags?post=119363"}],"curies":[{"name":"wp","href":"https:\/\/api.w.org\/{rel}","templated":true}]}}