{"id":119365,"date":"2025-10-20T21:12:08","date_gmt":"2025-10-20T21:12:08","guid":{"rendered":"https:\/\/www.europesays.com\/pt\/119365\/"},"modified":"2025-10-20T21:12:08","modified_gmt":"2025-10-20T21:12:08","slug":"de-niro-detona-trump-e-chama-seu-auxiliar-de-nazista","status":"publish","type":"post","link":"https:\/\/www.europesays.com\/pt\/119365\/","title":{"rendered":"De Niro detona Trump e chama seu auxiliar de &#8220;nazista&#8221;"},"content":{"rendered":"<p>            <img fetchpriority=\"high\" decoding=\"async\" class=\"wp-image-1477828 size-full\" src=\"https:\/\/www.europesays.com\/pt\/wp-content\/uploads\/2025\/10\/whatsapp-image-2025-10-20-at-15-23-54.jpeg\" alt=\"\" width=\"1477\" height=\"841\"  \/>Robert De Niro no programa \u201cThe Weekend\u201d, da MSNBC. Foto: Reprodu\u00e7\u00e3o<\/p>\n<p>O ator\u00a0Robert De Niro chamou Stephen Miller, conselheiro s\u00eanior de Donald Trump, de \u201cnazi\u201d durante um desabafo no programa \u201cThe Weekend\u201d, da MSNBC, no \u00faltimo domingo (20). O artista fez a compara\u00e7\u00e3o ap\u00f3s ser perguntado sobre a possibilidade de Donald Trump, presidente dos Estados Unidos, n\u00e3o deixar a Casa Branca em 2028.<\/p>\n<p>Ele comparou Miller a Joseph Goebbels, o principal propagandista de Adolf Hitler, e afirmou que o conselheiro deveria se envergonhar de suas a\u00e7\u00f5es. \u201cN\u00e3o tem como! Vemos isso o tempo todo, ele n\u00e3o vai querer sair. Ele armou tudo isso com o Goebbels do gabinete, Stephen Miller. Ele \u00e9 um nazi. E ele \u00e9 judeu. Deveria ter vergonha de si mesmo\u201d, afirmou.<\/p>\n<p>De Niro avalia que, apesar de Trump ter deixado a Casa Branca em 2020, o presidente n\u00e3o quer se afastar do poder e que a \u00fanica op\u00e7\u00e3o \u00e9 \u201clutar e pressionar\u201d at\u00e9 que ele seja for\u00e7ado a sair. Conhecido por sua posturas pol\u00edtica, o artista considera que o mandat\u00e1rio tem uma vis\u00e3o destrutiva para o pa\u00eds que governa.<\/p>\n<p>Veja a declara\u00e7\u00e3o:<\/p>\n<blockquote class=\"twitter-tweet\" data-width=\"550\" data-dnt=\"true\">\n<p lang=\"pt\" dir=\"ltr\">\ud83c\uddfa\ud83c\uddf8\u203c\ufe0fULTIMAS NOT\u00cdCIAS: Ator de Hollywood Robert De Niro: \u201cEle[Trump] n\u00e3o vai querer renunciar\u2026&#8221;<\/p>\n<p>&#8220;Ele armou tudo com o seu Goebbels do gabinete \u2014 Stephen Miller&#8221;<\/p>\n<p>&#8220;Ele \u00e9 nazista, sim, \u00e9. E ele \u00e9 judeu e deveria ter vergonha de si mesmo.\u201d <a href=\"https:\/\/t.co\/o1kNzkXTdw\" rel=\"nofollow\">pic.twitter.com\/o1kNzkXTdw<\/a><\/p>\n<p>\u2014 Conservatism And Elegance \ud83c\uddfa\ud83c\uddf2 (@ThayzzySmith) <a href=\"https:\/\/twitter.com\/ThayzzySmith\/status\/1980229151270547569?ref_src=twsrc%5Etfw\" rel=\"nofollow noopener\" target=\"_blank\">October 20, 2025<\/a><\/p>\n<\/blockquote>\n<p data-start=\"1220\" data-end=\"1633\">Jonathan Capehart, um dos apresentadores, concordou com De Niro e citou uma publica\u00e7\u00e3o da Casa Branca em que Trump aparece ao lado do vice-presidente, JD Vance, com uma coroa. O post foi uma provoca\u00e7\u00e3o aos protestos \u201cNo Kings\u201d no s\u00e1bado (18).<\/p>\n<p data-start=\"1635\" data-end=\"2031\">De Niro desqualificou a postagem de Trump, dizendo que \u00e9 \u201ctudo bobagem\u201d e que eles s\u00e3o \u201cracistas\u201d. Segundo o ator, o republicano usa esse tipo de apelo para manipular seus seguidores. O ator tamb\u00e9m criticou a postura do presidente em rela\u00e7\u00e3o ao pa\u00eds, dizendo que ele quer \u201cdestruir\u201d os Estados Unidos.<\/p>\n<blockquote class=\"twitter-tweet\" data-width=\"550\" data-dnt=\"true\">\n<p lang=\"en\" dir=\"ltr\">We\u2019re built different. <\/p>\n<p>Have a good night, everyone. \ud83d\udc51 <a href=\"https:\/\/t.co\/4WBVxq2Cfe\" rel=\"nofollow\">pic.twitter.com\/4WBVxq2Cfe<\/a><\/p>\n<p>\u2014 The White House (@WhiteHouse) <a href=\"https:\/\/twitter.com\/WhiteHouse\/status\/1979729073497936319?ref_src=twsrc%5Etfw\" rel=\"nofollow noopener\" target=\"_blank\">October 19, 2025<\/a><\/p>\n<\/blockquote>\n<p data-start=\"2033\" data-end=\"2381\">O ator tem detonado Trump em diversas ocasi\u00f5es. De Niro j\u00e1 afirmou que o republicano \u00e9 um \u201calien\u00edgena\u201d que carece de empatia.<\/p>\n<p>                    <script async src=\"https:\/\/platform.twitter.com\/widgets.js\" charset=\"utf-8\"><\/script><\/p>\n","protected":false},"excerpt":{"rendered":"Robert De Niro no programa \u201cThe Weekend\u201d, da MSNBC. Foto: Reprodu\u00e7\u00e3o O ator\u00a0Robert De Niro chamou Stephen Miller,&hellip;\n","protected":false},"author":2,"featured_media":119366,"comment_status":"","ping_status":"","sticky":false,"template":"","format":"standard","meta":{"footnotes":""},"categories":[145],"tags":[211,210,17114,92,114,115,27294,32,33,21395,27798],"class_list":{"0":"post-119365","1":"post","2":"type-post","3":"status-publish","4":"format-standard","5":"has-post-thumbnail","7":"category-celebridades","8":"tag-celebridades","9":"tag-celebrities","10":"tag-conselheiro","11":"tag-donald-trump","12":"tag-entertainment","13":"tag-entretenimento","14":"tag-nazi","15":"tag-portugal","16":"tag-pt","17":"tag-robert-de-niro","18":"tag-vu00eddeo"},"share_on_mastodon":{"url":"https:\/\/pubeurope.com\/@pt\/115408558107741145","error":""},"_links":{"self":[{"href":"https:\/\/www.europesays.com\/pt\/wp-json\/wp\/v2\/posts\/119365","targetHints":{"allow":["GET"]}}],"collection":[{"href":"https:\/\/www.europesays.com\/pt\/wp-json\/wp\/v2\/posts"}],"about":[{"href":"https:\/\/www.europesays.com\/pt\/wp-json\/wp\/v2\/types\/post"}],"author":[{"embeddable":true,"href":"https:\/\/www.europesays.com\/pt\/wp-json\/wp\/v2\/users\/2"}],"replies":[{"embeddable":true,"href":"https:\/\/www.europesays.com\/pt\/wp-json\/wp\/v2\/comments?post=119365"}],"version-history":[{"count":0,"href":"https:\/\/www.europesays.com\/pt\/wp-json\/wp\/v2\/posts\/119365\/revisions"}],"wp:featuredmedia":[{"embeddable":true,"href":"https:\/\/www.europesays.com\/pt\/wp-json\/wp\/v2\/media\/119366"}],"wp:attachment":[{"href":"https:\/\/www.europesays.com\/pt\/wp-json\/wp\/v2\/media?parent=119365"}],"wp:term":[{"taxonomy":"category","embeddable":true,"href":"https:\/\/www.europesays.com\/pt\/wp-json\/wp\/v2\/categories?post=119365"},{"taxonomy":"post_tag","embeddable":true,"href":"https:\/\/www.europesays.com\/pt\/wp-json\/wp\/v2\/tags?post=119365"}],"curies":[{"name":"wp","href":"https:\/\/api.w.org\/{rel}","templated":true}]}}