{"id":119373,"date":"2025-10-20T21:24:09","date_gmt":"2025-10-20T21:24:09","guid":{"rendered":"https:\/\/www.europesays.com\/pt\/119373\/"},"modified":"2025-10-20T21:24:09","modified_gmt":"2025-10-20T21:24:09","slug":"ex-diretora-nega-participacao-em-financiamento-fraudulento-observador","status":"publish","type":"post","link":"https:\/\/www.europesays.com\/pt\/119373\/","title":{"rendered":"Ex-diretora nega participa\u00e7\u00e3o em financiamento fraudulento \u2013 Observador"},"content":{"rendered":"<p>Isabel Almeida, ex-diretora financeira do BES e uma das <a href=\"https:\/\/observador.pt\/especiais\/a-acusacao-anatomia-de-uma-associacao-criminosa-que-destruiu-um-grupo-financeiro\/\" rel=\"nofollow noopener\" target=\"_blank\">principais arguidas do processo Universo Esp\u00edrito Santo<\/a>, procurou esta ter\u00e7a-feira dissociar-se de muitas das opera\u00e7\u00f5es tratadas no DFME (Departamento Financeiro, de Mercados e Estudos), que estava sob a sua lideran\u00e7a, afastando-se, por exemplo, de opera\u00e7\u00f5es com a Eurofin, sociedade que ter\u00e1 levado \u00e0 retirada de cerca de <strong>1,3 mil milh\u00f5es de euro<\/strong>s do BES.<\/p>\n<p>Com efeito, a antiga respons\u00e1vel do DFME n\u00e3o conseguiu apresentar justifica\u00e7\u00f5es ao tribunal para explicar o porqu\u00ea de ser envolvida em comunica\u00e7\u00f5es de outros elementos do DFME, designadamente Pedro Pinto, Pedro Serra ou Ant\u00f3nio Soares, tamb\u00e9m em iniciativas com outras \u2018sociedades ve\u00edculo\u2019 (SPV, na sigla em ingl\u00eas) \u2014 como a Zyrcan ou a Jarvis \u2014 na \u00f3rbita do BES, isto \u00e9,<a href=\"https:\/\/observador.pt\/especiais\/como-salgado-usou-o-saco-azul-para-implementar-um-esquema-de-financiamento-fraudulento-do-ges\/\" rel=\"nofollow noopener\" target=\"_blank\"> entidades criadas para efetuarem transa\u00e7\u00f5es ou projetos financeiros espec\u00edficos<\/a>. Paralelamente, assegurou que s\u00f3 recebia instru\u00e7\u00f5es do antigo administrador financeiro Am\u00edlcar Morais Pires.<\/p>\n<blockquote class=\"wp-embedded-content\" data-secret=\"h6twgynHfO\">\n<p><a href=\"https:\/\/observador.pt\/especiais\/a-acusacao-anatomia-de-uma-associacao-criminosa-que-destruiu-um-grupo-financeiro\/\" rel=\"nofollow noopener\" target=\"_blank\">A acusa\u00e7\u00e3o. Anatomia de uma associa\u00e7\u00e3o criminosa que destruiu o Grupo Esp\u00edrito Santo<\/a><\/p>\n<\/blockquote>\n<p>\u201c<strong>N\u00e3o consigo perceber sequer do que \u00e9 que se est\u00e1 a falar<\/strong>\u201c, referiu a antiga diretora financeira do BES ao ser confrontada com um email de julho de 2012 de Ant\u00f3nio Soares, antigo administrador do BES Vida e igualmente ligado ao DFME, em que este fala sobre Jean-Luc Schneider, ex-respons\u00e1vel operacional da sociedade ES Enterprises e que desempenhou ainda outros cargos no seio do Grupo Esp\u00edrito Santo.<\/p>\n<p>Este desconhecimento, ali\u00e1s, viria a ser refor\u00e7ado pela arguida in\u00fameras vezes ao longo da sess\u00e3o no Ju\u00edzo Central Criminal de Lisboa relativamente a mat\u00e9rias distintas. \u201c(Ant\u00f3nio Soares) Ter-me-\u00e1 pedido a minha interven\u00e7\u00e3o, mas n\u00e3o consigo enquadrar isso. N\u00e3o quer dizer que em v\u00e1rias mat\u00e9rias n\u00e3o tivesse conhecimento ou n\u00e3o tivesse intervindo; mas, do ponto de vista de acompanhamento operacional sistem\u00e1tico, esse acompanhamento n\u00e3o era feito por mim\u201d, vincou, apontando na dire\u00e7\u00e3o de Ant\u00f3nio Soares, sob <strong>\u201cinstru\u00e7\u00f5es diretas de Morais Pires\u201d<\/strong>, ex-bra\u00e7o direito de Ricardo Salgado que era administrador do BES.<\/p>\n<p class=\"tinymceh1\">Mais tarde, Isabel Almeida foi confrontada com outro email, no qual a pr\u00f3pria ex-diretora financeira do BES \u00e9 que surge a fazer quest\u00f5es sobre uma s\u00e9rie de opera\u00e7\u00f5es financeiras sob a \u00e9gide do DFME. \u201c<strong>N\u00e3o sei qual \u00e9 o enquadramento, n\u00e3o consigo recordar-me<\/strong>, n\u00e3o consigo entender porque \u00e9 que fa\u00e7o a pergunta\u201d, referiu, aludindo ao tempo decorrido desde aquela comunica\u00e7\u00e3o: \u201c\u00c9 especula\u00e7\u00e3o o que quer que eu possa dizer sobre uma coisa de 24 de junho de 2005, h\u00e1 mais de 20 anos\u201d.<\/p>\n<p>Enfatizando que \u201cn\u00e3o acrescentava\u201d a muitas das opera\u00e7\u00f5es que tamb\u00e9m lhe eram transmitidas por outros elementos do DFME e que foram observadas nesta sess\u00e3o, Isabel Almeida salientou tamb\u00e9m que a Eurofin n\u00e3o estava entre os temas principais da atividade do DFME, embora muitas das opera\u00e7\u00f5es que envolvem esta sociedade passassem por aquela estrutura do banco. \u201c<a href=\"https:\/\/observador.pt\/2014\/08\/13\/eurofin-empresa-epicentro-da-crise-grupo-espirito-santo\/#:~:text=A%20Eurofin%20est%C3%A1%20sediada%20em%20Lausanne%2C%20na,da%20Gestar%20entre%201990%20e%20aquele%20ano.\" rel=\"nofollow noopener\" target=\"_blank\">Os temas relacionados com a Eurofin<\/a> eram temas tratados diretamente pelo Dr. Morais Pires com os respons\u00e1veis das \u00e1reas. No meu tempo, foram o Dr. Pedro Costa e o Dr. Ant\u00f3nio Soares\u201d, notou.<\/p>\n<p>Essa dissocia\u00e7\u00e3o do que se passava no DFME e a sua interven\u00e7\u00e3o deixou a ju\u00edza presidente Helena Susano surpreendida com as declara\u00e7\u00f5es da arguida. \u201c<strong>Deixa-me perplexa que no seu Departamento n\u00e3o saiba do que \u00e9 que cada um tratava<\/strong>\u2026 Tem uma personalidade vincada. Isto n\u00e3o lhe passava ao lado. N\u00e3o lhe prestavam contas?\u201d, questionou.<\/p>\n<p>A ex-diretora financeira do BES viria a sublinhar depois que o DFME geria \u201cmais de vinte mil milh\u00f5es de ativos\u201d e assumiu n\u00e3o reconhecer a maior parte dos nomes de sociedades indicadas num email de dezembro de 2004 de Pedro Pinto, igualmente arguido e funcion\u00e1rio do DFME do BES. \u201c<strong>Na maior parte das coisas eu n\u00e3o fa\u00e7o a mais p\u00e1lida ideia<\/strong>\u201c, admitiu.<\/p>\n<p>Confrontada tamb\u00e9m sobre um plano de financiamento da desintermedia\u00e7\u00e3o, Isabel Almeida assegurou que o mesmo seria \u201ccertamente\u201d alvo de discuss\u00e3o entre Pedro Costa (gestor de investimentos que dirigiu a \u00e1rea de desintermedia\u00e7\u00e3o e do cr\u00e9dito da BES Vida) e Am\u00edlcar Morais Pires, voltando a distanciar-se de qualquer interven\u00e7\u00e3o. \u201cEstes ativos n\u00e3o s\u00e3o ativos sob gest\u00e3o do Departamento\u00a0Financeiro. N\u00e3o digo que n\u00e3o tivesse de acompanhar. N\u00e3o estou a dizer que n\u00e3o tivesse interven\u00e7\u00e3o do DFME\u2026 algumas instru\u00e7\u00f5es foram executadas pelo DFME, mas n\u00e3o faziam parte dos ativos geridos pelo departamento. Eram coisas externas para as quais o DFME era chamado a intervir\u201d, reiterou.<\/p>\n<p>Ato cont\u00ednuo, o tribunal inquiriu ent\u00e3o de quem vinham as instru\u00e7\u00f5es e a arguida n\u00e3o hesitou na resposta. \u201cMorais Pires. Acima de Morais Pires n\u00e3o tenho visibilidade\u201d, disse, continuando: \u201c<strong>S\u00f3 recebi ordens do Dr. Morais Pires. Nunca recebi ordens do Dr. Ricardo Salgado sobre estas mat\u00e9rias<\/strong>\u201c.<\/p>\n<p>Isabel Almeida responde no julgamento do processo Universo Esp\u00edrito Santo\u00a0por 19 crimes \u2014 um de associa\u00e7\u00e3o criminosa, um de corrup\u00e7\u00e3o passiva no setor privado, um de manipula\u00e7\u00e3o de mercado, cinco de branqueamento e 11 de burla qualificada.<\/p>\n","protected":false},"excerpt":{"rendered":"Isabel Almeida, ex-diretora financeira do BES e uma das principais arguidas do processo Universo Esp\u00edrito Santo, procurou esta&hellip;\n","protected":false},"author":2,"featured_media":119374,"comment_status":"","ping_status":"","sticky":false,"template":"","format":"standard","meta":{"footnotes":""},"categories":[83],"tags":[475,88,27799,476,89,90,16275,300,32,33],"class_list":{"0":"post-119373","1":"post","2":"type-post","3":"status-publish","4":"format-standard","5":"has-post-thumbnail","7":"category-empresas","8":"tag-banca","9":"tag-business","10":"tag-caso-bes","11":"tag-economia","12":"tag-economy","13":"tag-empresas","14":"tag-julgamentos","15":"tag-justiu00e7a","16":"tag-portugal","17":"tag-pt"},"share_on_mastodon":{"url":"https:\/\/pubeurope.com\/@pt\/115408605288238558","error":""},"_links":{"self":[{"href":"https:\/\/www.europesays.com\/pt\/wp-json\/wp\/v2\/posts\/119373","targetHints":{"allow":["GET"]}}],"collection":[{"href":"https:\/\/www.europesays.com\/pt\/wp-json\/wp\/v2\/posts"}],"about":[{"href":"https:\/\/www.europesays.com\/pt\/wp-json\/wp\/v2\/types\/post"}],"author":[{"embeddable":true,"href":"https:\/\/www.europesays.com\/pt\/wp-json\/wp\/v2\/users\/2"}],"replies":[{"embeddable":true,"href":"https:\/\/www.europesays.com\/pt\/wp-json\/wp\/v2\/comments?post=119373"}],"version-history":[{"count":0,"href":"https:\/\/www.europesays.com\/pt\/wp-json\/wp\/v2\/posts\/119373\/revisions"}],"wp:featuredmedia":[{"embeddable":true,"href":"https:\/\/www.europesays.com\/pt\/wp-json\/wp\/v2\/media\/119374"}],"wp:attachment":[{"href":"https:\/\/www.europesays.com\/pt\/wp-json\/wp\/v2\/media?parent=119373"}],"wp:term":[{"taxonomy":"category","embeddable":true,"href":"https:\/\/www.europesays.com\/pt\/wp-json\/wp\/v2\/categories?post=119373"},{"taxonomy":"post_tag","embeddable":true,"href":"https:\/\/www.europesays.com\/pt\/wp-json\/wp\/v2\/tags?post=119373"}],"curies":[{"name":"wp","href":"https:\/\/api.w.org\/{rel}","templated":true}]}}