{"id":119377,"date":"2025-10-20T21:26:46","date_gmt":"2025-10-20T21:26:46","guid":{"rendered":"https:\/\/www.europesays.com\/pt\/119377\/"},"modified":"2025-10-20T21:26:46","modified_gmt":"2025-10-20T21:26:46","slug":"despejada-funcionaria-da-misericordia-de-braga","status":"publish","type":"post","link":"https:\/\/www.europesays.com\/pt\/119377\/","title":{"rendered":"Despejada funcion\u00e1ria da Miseric\u00f3rdia de Braga"},"content":{"rendered":"<p>A revela\u00e7\u00e3o foi feita pela pr\u00f3pria funcion\u00e1ria, em declara\u00e7\u00f5es ao JN, \u00e0 porta da casa que arrendou. Para Maria Odete, o despejo foi motivado por uma queixa que fez por racismo, ap\u00f3s um acidente de trabalho.<\/p>\n<p data-remotead-prev-elm=\"true\" data-remotead-elm-id=\"inread\">A funcion\u00e1ria garantiu ter pago sempre a renda mensal de 500 euros e que, agora, n\u00e3o tem para onde ir, juntamente com a filha, de 18 anos.<\/p>\n<blockquote data-type=\"articles\" data-id=\"related-article-17752264\"><p>\n              <strong>Leia tamb\u00e9m <\/strong><br \/>\n              <a href=\"https:\/\/www.jn.pt\/pais\/artigo\/funcionaria-da-misericordia-pode-perder-casa-ja-esta-segunda-feira\/17752264\" rel=\"nofollow noopener\" target=\"_blank\">Funcion\u00e1ria da Miseric\u00f3rdia pode perder casa j\u00e1 esta segunda-feira<\/a>\n            <\/p><\/blockquote>\n<p data-remotead-prev-elm=\"true\" data-remotead-elm-id=\"centro1\">&#8220;Estou sem poder trabalhar e fui alvo de um processo disciplinar com vista a despedimento por justa causa, que j\u00e1 impugnei, no Tribunal do Trabalho de Braga, isto \u00e9 tudo uma vingan\u00e7a&#8221;, considerou.<\/p>\n<p>Segundo Maria Odete, o despedimento \u00e9 ilegal, porque apenas deu uso ao seu direito de indigna\u00e7\u00e3o, atrav\u00e9s de um protesto de rua. &#8220;S\u00f3 denunciei o facto de estar h\u00e1 mais de dez meses sem receber qualquer apoio da seguradora (ap\u00f3s o acidente de trabalho) e de estar a ser alvo de ass\u00e9dio na rela\u00e7\u00e3o laboral, v\u00edtima de racismo e de um despejo da casa propriedade da Santa Casa da Miseric\u00f3rdia de Braga&#8221;, sublinhou.<\/p>\n<p data-remotead-prev-elm=\"true\" data-remotead-elm-id=\"centro2\">O JN tentou, sem sucesso, falar com o provedor da Santa Casa da Miseric\u00f3rdia de Braga, Bernardo Reis.<\/p>\n","protected":false},"excerpt":{"rendered":"A revela\u00e7\u00e3o foi feita pela pr\u00f3pria funcion\u00e1ria, em declara\u00e7\u00f5es ao JN, \u00e0 porta da casa que arrendou. Para&hellip;\n","protected":false},"author":2,"featured_media":119378,"comment_status":"","ping_status":"","sticky":false,"template":"","format":"standard","meta":{"footnotes":""},"categories":[10],"tags":[27,28,22615,9281,15,16,14,25,26,21,22,12,13,19,20,32,23,24,33,27803,17,18,29,30,31],"class_list":{"0":"post-119377","1":"post","2":"type-post","3":"status-publish","4":"format-standard","5":"has-post-thumbnail","7":"category-portugal","8":"tag-breaking-news","9":"tag-breakingnews","10":"tag-concelho-braga","11":"tag-despejo","12":"tag-featured-news","13":"tag-featurednews","14":"tag-headlines","15":"tag-latest-news","16":"tag-latestnews","17":"tag-main-news","18":"tag-mainnews","19":"tag-news","20":"tag-noticias","21":"tag-noticias-principais","22":"tag-noticiasprincipais","23":"tag-portugal","24":"tag-principais-noticias","25":"tag-principaisnoticias","26":"tag-pt","27":"tag-santa-casa-da-misericordia-de-braga","28":"tag-top-stories","29":"tag-topstories","30":"tag-ultimas","31":"tag-ultimas-noticias","32":"tag-ultimasnoticias"},"share_on_mastodon":{"url":"https:\/\/pubeurope.com\/@pt\/115408613089650517","error":""},"_links":{"self":[{"href":"https:\/\/www.europesays.com\/pt\/wp-json\/wp\/v2\/posts\/119377","targetHints":{"allow":["GET"]}}],"collection":[{"href":"https:\/\/www.europesays.com\/pt\/wp-json\/wp\/v2\/posts"}],"about":[{"href":"https:\/\/www.europesays.com\/pt\/wp-json\/wp\/v2\/types\/post"}],"author":[{"embeddable":true,"href":"https:\/\/www.europesays.com\/pt\/wp-json\/wp\/v2\/users\/2"}],"replies":[{"embeddable":true,"href":"https:\/\/www.europesays.com\/pt\/wp-json\/wp\/v2\/comments?post=119377"}],"version-history":[{"count":0,"href":"https:\/\/www.europesays.com\/pt\/wp-json\/wp\/v2\/posts\/119377\/revisions"}],"wp:featuredmedia":[{"embeddable":true,"href":"https:\/\/www.europesays.com\/pt\/wp-json\/wp\/v2\/media\/119378"}],"wp:attachment":[{"href":"https:\/\/www.europesays.com\/pt\/wp-json\/wp\/v2\/media?parent=119377"}],"wp:term":[{"taxonomy":"category","embeddable":true,"href":"https:\/\/www.europesays.com\/pt\/wp-json\/wp\/v2\/categories?post=119377"},{"taxonomy":"post_tag","embeddable":true,"href":"https:\/\/www.europesays.com\/pt\/wp-json\/wp\/v2\/tags?post=119377"}],"curies":[{"name":"wp","href":"https:\/\/api.w.org\/{rel}","templated":true}]}}