{"id":119391,"date":"2025-10-20T21:40:14","date_gmt":"2025-10-20T21:40:14","guid":{"rendered":"https:\/\/www.europesays.com\/pt\/119391\/"},"modified":"2025-10-20T21:40:14","modified_gmt":"2025-10-20T21:40:14","slug":"alemanha-junta-mais-15-cacas-f-35-a-mega-encomenda-ja-efetuada-aos-eua","status":"publish","type":"post","link":"https:\/\/www.europesays.com\/pt\/119391\/","title":{"rendered":"Alemanha junta mais 15 ca\u00e7as F-35 \u00e0 mega encomenda j\u00e1 efetuada aos EUA"},"content":{"rendered":"<p>        Este \u00e9 um acordo que ir\u00e1 certamente satisfazer a atual administra\u00e7\u00e3o norte-americana mas poder\u00e1 provocar alguma celeuma na rela\u00e7\u00e3o da Alemanha com parceiros europeus como Fran\u00e7a e Espanha    <\/p>\n<p>O Minist\u00e9rio da Defesa alem\u00e3o vai refor\u00e7ar a mega encomenda que j\u00e1 tinha efetuado aos EUA no que concerne a ca\u00e7as F35 produzidos pela norte-americana Lockheed Martin, de acordo com informa\u00e7\u00e3o avan\u00e7ada pelo espanhol \u201cEl Economista\u201d.<\/p>\n<p>A Alemanha j\u00e1 tinha encomendado 35 ca\u00e7as F-35 \u00e0 Lockheed Martin no sentido de substituir a atual frota de modelos Panavia Tornado, desenvolvidos em conjunto pelo Reino Unido, Alemanha Ocidental e It\u00e1lia nos anos 70.<\/p>\n<p>A estes 35 ca\u00e7as j\u00e1 encomendados, o Governo alem\u00e3o decidiu refor\u00e7ar encomenda original e adicional mais 15 ca\u00e7as F-35, algo que dever\u00e1 implicar um investimento de 2,5 mil milh\u00f5es de euros.<\/p>\n<p data-mrf-recirculation=\"Desktop - Links P\u00e1rrafos \">Este \u00e9 um acordo que ir\u00e1 certamente satisfazer a atual administra\u00e7\u00e3o norte-americana mas poder\u00e1 provocar alguma celeuma na rela\u00e7\u00e3o da Alemanha com parceiros europeus como Fran\u00e7a e Espanha, pa\u00edses com os quais est\u00e1 a ser desenvolvido o FCAS, um programa que visa acelerar a cria\u00e7\u00e3o de capacidade de combate a\u00e9reo de nova gera\u00e7\u00e3o.<\/p>\n","protected":false},"excerpt":{"rendered":"Este \u00e9 um acordo que ir\u00e1 certamente satisfazer a atual administra\u00e7\u00e3o norte-americana mas poder\u00e1 provocar alguma celeuma na&hellip;\n","protected":false},"author":2,"featured_media":119392,"comment_status":"","ping_status":"","sticky":false,"template":"","format":"standard","meta":{"footnotes":""},"categories":[50],"tags":[1305,27,28,27806,15,16,14,25,26,21,22,62,12,13,19,20,23,24,17,18,29,30,31,63,64,65],"class_list":{"0":"post-119391","1":"post","2":"type-post","3":"status-publish","4":"format-standard","5":"has-post-thumbnail","7":"category-mundo","8":"tag-alemanha","9":"tag-breaking-news","10":"tag-breakingnews","11":"tag-f35","12":"tag-featured-news","13":"tag-featurednews","14":"tag-headlines","15":"tag-latest-news","16":"tag-latestnews","17":"tag-main-news","18":"tag-mainnews","19":"tag-mundo","20":"tag-news","21":"tag-noticias","22":"tag-noticias-principais","23":"tag-noticiasprincipais","24":"tag-principais-noticias","25":"tag-principaisnoticias","26":"tag-top-stories","27":"tag-topstories","28":"tag-ultimas","29":"tag-ultimas-noticias","30":"tag-ultimasnoticias","31":"tag-world","32":"tag-world-news","33":"tag-worldnews"},"share_on_mastodon":{"url":"https:\/\/pubeurope.com\/@pt\/115408668163300465","error":""},"_links":{"self":[{"href":"https:\/\/www.europesays.com\/pt\/wp-json\/wp\/v2\/posts\/119391","targetHints":{"allow":["GET"]}}],"collection":[{"href":"https:\/\/www.europesays.com\/pt\/wp-json\/wp\/v2\/posts"}],"about":[{"href":"https:\/\/www.europesays.com\/pt\/wp-json\/wp\/v2\/types\/post"}],"author":[{"embeddable":true,"href":"https:\/\/www.europesays.com\/pt\/wp-json\/wp\/v2\/users\/2"}],"replies":[{"embeddable":true,"href":"https:\/\/www.europesays.com\/pt\/wp-json\/wp\/v2\/comments?post=119391"}],"version-history":[{"count":0,"href":"https:\/\/www.europesays.com\/pt\/wp-json\/wp\/v2\/posts\/119391\/revisions"}],"wp:featuredmedia":[{"embeddable":true,"href":"https:\/\/www.europesays.com\/pt\/wp-json\/wp\/v2\/media\/119392"}],"wp:attachment":[{"href":"https:\/\/www.europesays.com\/pt\/wp-json\/wp\/v2\/media?parent=119391"}],"wp:term":[{"taxonomy":"category","embeddable":true,"href":"https:\/\/www.europesays.com\/pt\/wp-json\/wp\/v2\/categories?post=119391"},{"taxonomy":"post_tag","embeddable":true,"href":"https:\/\/www.europesays.com\/pt\/wp-json\/wp\/v2\/tags?post=119391"}],"curies":[{"name":"wp","href":"https:\/\/api.w.org\/{rel}","templated":true}]}}