{"id":119399,"date":"2025-10-20T21:46:10","date_gmt":"2025-10-20T21:46:10","guid":{"rendered":"https:\/\/www.europesays.com\/pt\/119399\/"},"modified":"2025-10-20T21:46:10","modified_gmt":"2025-10-20T21:46:10","slug":"record-anuncia-novo-reality-de-boninho-apos-bbb-26","status":"publish","type":"post","link":"https:\/\/www.europesays.com\/pt\/119399\/","title":{"rendered":"Record anuncia novo reality de Boninho ap\u00f3s BBB 26"},"content":{"rendered":"<p>A Record anunciou a aquisi\u00e7\u00e3o do reality show A Casa do Patr\u00e3o, cria\u00e7\u00e3o in\u00e9dita de Boninho, que deve exibido ap\u00f3s o fim do BBB 26 na Globo. A novidade foi divulgada por Alarico Neves, superintendente comercial multiplataforma da emissora, no \u00faltimo s\u00e1bado (18) durante um evento para anunciantes em Lisboa.<\/p>\n<p>Ser\u00e1 a primeira produ\u00e7\u00e3o original de Boninho desde sua sa\u00edda da Globo, no final de 2024, em meio a uma reestrutura\u00e7\u00e3o interna da emissora. Atualmente, ele comanda o The Voice Brasil no SBT e Disney+, retomando um formato que j\u00e1 o consagrou na televis\u00e3o brasileira.<\/p>\n<p>Durante o evento, Alarico apresentou o projeto a grandes anunciantes, alguns dos quais j\u00e1 demonstraram interesse em veicular suas marcas na atra\u00e7\u00e3o. O momento foi divulgado nas redes sociais dele. &#8220;Vem a\u00ed o verdadeiro reality do Boninho: A Casa do Patr\u00e3o! Antes do lan\u00e7amento oficial, j\u00e1 temos os potenciais anunciantes com muita adequa\u00e7\u00e3o&#8221;, escreveu.<\/p>\n<p>At\u00e9 o momento da publica\u00e7\u00e3o desta nota, Boninho n\u00e3o havia se manifestado publicamente sobre o novo programa. A Record tamb\u00e9m n\u00e3o comentou oficialmente detalhes da produ\u00e7\u00e3o.<\/p>\n<p>\u00a0<\/p>\n<p>\u00a0<\/p>\n","protected":false},"excerpt":{"rendered":"A Record anunciou a aquisi\u00e7\u00e3o do reality show A Casa do Patr\u00e3o, cria\u00e7\u00e3o in\u00e9dita de Boninho, que deve&hellip;\n","protected":false},"author":2,"featured_media":119400,"comment_status":"","ping_status":"","sticky":false,"template":"","format":"standard","meta":{"footnotes":""},"categories":[142],"tags":[15285,27809,114,115,32,33,2568,151],"class_list":{"0":"post-119399","1":"post","2":"type-post","3":"status-publish","4":"format-standard","5":"has-post-thumbnail","7":"category-tv","8":"tag-boninho","9":"tag-casa-do-patrao","10":"tag-entertainment","11":"tag-entretenimento","12":"tag-portugal","13":"tag-pt","14":"tag-record","15":"tag-tv"},"share_on_mastodon":{"url":"https:\/\/pubeurope.com\/@pt\/115408691821408028","error":""},"_links":{"self":[{"href":"https:\/\/www.europesays.com\/pt\/wp-json\/wp\/v2\/posts\/119399","targetHints":{"allow":["GET"]}}],"collection":[{"href":"https:\/\/www.europesays.com\/pt\/wp-json\/wp\/v2\/posts"}],"about":[{"href":"https:\/\/www.europesays.com\/pt\/wp-json\/wp\/v2\/types\/post"}],"author":[{"embeddable":true,"href":"https:\/\/www.europesays.com\/pt\/wp-json\/wp\/v2\/users\/2"}],"replies":[{"embeddable":true,"href":"https:\/\/www.europesays.com\/pt\/wp-json\/wp\/v2\/comments?post=119399"}],"version-history":[{"count":0,"href":"https:\/\/www.europesays.com\/pt\/wp-json\/wp\/v2\/posts\/119399\/revisions"}],"wp:featuredmedia":[{"embeddable":true,"href":"https:\/\/www.europesays.com\/pt\/wp-json\/wp\/v2\/media\/119400"}],"wp:attachment":[{"href":"https:\/\/www.europesays.com\/pt\/wp-json\/wp\/v2\/media?parent=119399"}],"wp:term":[{"taxonomy":"category","embeddable":true,"href":"https:\/\/www.europesays.com\/pt\/wp-json\/wp\/v2\/categories?post=119399"},{"taxonomy":"post_tag","embeddable":true,"href":"https:\/\/www.europesays.com\/pt\/wp-json\/wp\/v2\/tags?post=119399"}],"curies":[{"name":"wp","href":"https:\/\/api.w.org\/{rel}","templated":true}]}}