{"id":119411,"date":"2025-10-20T21:54:11","date_gmt":"2025-10-20T21:54:11","guid":{"rendered":"https:\/\/www.europesays.com\/pt\/119411\/"},"modified":"2025-10-20T21:54:11","modified_gmt":"2025-10-20T21:54:11","slug":"sanae-takaichi-esta-a-um-passo-de-se-tornar-primeira-ministra-do-japao-japao","status":"publish","type":"post","link":"https:\/\/www.europesays.com\/pt\/119411\/","title":{"rendered":"Sanae Takaichi est\u00e1 a um passo de se tornar primeira-ministra do Jap\u00e3o | Jap\u00e3o"},"content":{"rendered":"<p>A l\u00edder do Partido Liberal Democr\u00e1tico (LDP), Sanae Takaichi, est\u00e1 cada vez mais perto de se tornar a primeira primeira-ministra do Jap\u00e3o. Esta segunda-feira, 20 de Outubro, o Partido da Inova\u00e7\u00e3o do Jap\u00e3o (conhecido como Ishin) anunciou que estaria disposto a formar coliga\u00e7\u00e3o com o LDP, que tem governado o Jap\u00e3o de forma quase ininterrupta desde o fim da II Guerra Mundial.<\/p>\n<p>\u201cA pol\u00edtica deve ser sobre tomar riscos quando necess\u00e1rio para abrir novos caminhos\u201d, disse o l\u00edder do Ishin e Governador de Osaka, Hirofumi Yoshimura, esta segunda-feira, durante uma entrevista televisiva.<\/p>\n<p>No domingo, o comit\u00e9 executivo do partido Ishin deu a Yoshimura e ao seu parceiro de lideran\u00e7a Fumitake\u202fFujita o poder necess\u00e1rio para avan\u00e7ar com as discuss\u00f5es para a forma\u00e7\u00e3o de uma coliga\u00e7\u00e3o com o LDP.<\/p>\n<p>\u201cPensei de forma cuidadosa esta manh\u00e3 e liguei a<a href=\"https:\/\/www.publico.pt\/2025\/10\/03\/mundo\/noticia\/discipula-abe-jovem-reformista-disputam-lideranca-ldp-governo-japao-2149366\" target=\"_blank\" rel=\"nofollow noopener\"> [Sanae] Takaichi<\/a> para lhe dizer que concordamos com a forma\u00e7\u00e3o de uma coliga\u00e7\u00e3o. Vamos trabalhar juntos para fazer avan\u00e7ar o Jap\u00e3o\u201d, acrescentou Yoshimura. Foi, no entanto, uma decis\u00e3o dif\u00edcil, assumiu. A maioria dos partidos que entraram numa coliga\u00e7\u00e3o com o LDP \u201cdesapareceram\u201d.<\/p>\n<p>O acordo dever\u00e1 ser formalizado \u00e0s 18h locais (10h em Portugal continental) e termina com semanas de incerteza pol\u00edtica no Jap\u00e3o. Esperava-se que Sanae Takaichi conseguisse o lugar de primeira-ministra logo depois de assumir a lideran\u00e7a do LDP. No entanto, o partido perdeu o seu parceiro de coliga\u00e7\u00e3o dos \u00faltimos 26 anos, o Komeito, que n\u00e3o s\u00f3 se op\u00f5e \u00e0 sua vis\u00e3o no que toca \u00e0 seguran\u00e7a, como acredita que n\u00e3o foram capazes de prestar esclarecimentos sobre um esc\u00e2ndalo de financiamento, que fez com que o LDP perdesse as duas c\u00e2maras da Dieta (parlamento japon\u00eas) em menos de um ano.<\/p>\n<p>Esta ter\u00e7a-feira, 21, os deputados votam o nome do pr\u00f3ximo primeiro-ministro. Com os 196 assentos do LDP na c\u00e2mara baixa e 100 na c\u00e2mara alta e os 35 assentos do Ishin na c\u00e2mara baixa e 19 na c\u00e2mara alta, a coliga\u00e7\u00e3o fica a apenas poucos votos de uma maioria. Apesar disso, Takaichi mant\u00e9m-se a favorita: se houver um voto de desempate com outro candidato, \u00e9 prov\u00e1vel que ela ven\u00e7a.<\/p>\n<p>Em troca pelo apoio, o Ishin, criado em 2010 para abanar o establishment no Jap\u00e3o, espera algumas concess\u00f5es. Entre elas, querem que Osaka se transforme numa segunda capital, em caso de desastre ou de emerg\u00eancia em larga escala em T\u00f3quio, e v\u00e1rias reformas na seguran\u00e7a social. Entre as exig\u00eancias espec\u00edficas, est\u00e3o o fim do IVA de 10% sobre produtos alimentares e a proibi\u00e7\u00e3o de doa\u00e7\u00f5es de empresas e organiza\u00e7\u00f5es a partidos pol\u00edticos.<\/p>\n<p>No LDP esta \u00faltima medida n\u00e3o colhe muitas simpatias. Al\u00e9m disso, Takaichi \u2013 que tem sido descrita como a <a href=\"https:\/\/www.publico.pt\/2025\/10\/04\/mundo\/noticia\/ldp-escolhe-primeira-mulher-lider-japao-thatcher-2149612\" target=\"_blank\" rel=\"nofollow noopener\">Margaret Thatcher japonesa<\/a> \u2014 pede menos impostos para ajudar os consumidores a lidar com a infla\u00e7\u00e3o, mas quer, por outro lado, maiores gastos p\u00fablicos, o que pode levar a fric\u00e7\u00f5es com o Ishin, que defende a exist\u00eancia de um Governo mais pequeno.<\/p>\n<p>A conservadora Takaichi quer ainda regras mais estritas no que toca a imigra\u00e7\u00e3o, op\u00f5e-se ao casamento homossexual e insta os militantes do partido a trabalhar como \u201ccavalos\u201d.<\/p>\n","protected":false},"excerpt":{"rendered":"A l\u00edder do Partido Liberal Democr\u00e1tico (LDP), Sanae Takaichi, est\u00e1 cada vez mais perto de se tornar a&hellip;\n","protected":false},"author":2,"featured_media":119412,"comment_status":"","ping_status":"","sticky":false,"template":"","format":"standard","meta":{"footnotes":""},"categories":[50],"tags":[367,27,28,15,16,14,461,25,26,21,22,62,12,13,19,20,542,23,24,17,18,20829,29,30,31,63,64,65],"class_list":{"0":"post-119411","1":"post","2":"type-post","3":"status-publish","4":"format-standard","5":"has-post-thumbnail","7":"category-mundo","8":"tag-asia","9":"tag-breaking-news","10":"tag-breakingnews","11":"tag-featured-news","12":"tag-featurednews","13":"tag-headlines","14":"tag-japao","15":"tag-latest-news","16":"tag-latestnews","17":"tag-main-news","18":"tag-mainnews","19":"tag-mundo","20":"tag-news","21":"tag-noticias","22":"tag-noticias-principais","23":"tag-noticiasprincipais","24":"tag-para-redes","25":"tag-principais-noticias","26":"tag-principaisnoticias","27":"tag-top-stories","28":"tag-topstories","29":"tag-toquio","30":"tag-ultimas","31":"tag-ultimas-noticias","32":"tag-ultimasnoticias","33":"tag-world","34":"tag-world-news","35":"tag-worldnews"},"share_on_mastodon":{"url":"https:\/\/pubeurope.com\/@pt\/115408723233106266","error":""},"_links":{"self":[{"href":"https:\/\/www.europesays.com\/pt\/wp-json\/wp\/v2\/posts\/119411","targetHints":{"allow":["GET"]}}],"collection":[{"href":"https:\/\/www.europesays.com\/pt\/wp-json\/wp\/v2\/posts"}],"about":[{"href":"https:\/\/www.europesays.com\/pt\/wp-json\/wp\/v2\/types\/post"}],"author":[{"embeddable":true,"href":"https:\/\/www.europesays.com\/pt\/wp-json\/wp\/v2\/users\/2"}],"replies":[{"embeddable":true,"href":"https:\/\/www.europesays.com\/pt\/wp-json\/wp\/v2\/comments?post=119411"}],"version-history":[{"count":0,"href":"https:\/\/www.europesays.com\/pt\/wp-json\/wp\/v2\/posts\/119411\/revisions"}],"wp:featuredmedia":[{"embeddable":true,"href":"https:\/\/www.europesays.com\/pt\/wp-json\/wp\/v2\/media\/119412"}],"wp:attachment":[{"href":"https:\/\/www.europesays.com\/pt\/wp-json\/wp\/v2\/media?parent=119411"}],"wp:term":[{"taxonomy":"category","embeddable":true,"href":"https:\/\/www.europesays.com\/pt\/wp-json\/wp\/v2\/categories?post=119411"},{"taxonomy":"post_tag","embeddable":true,"href":"https:\/\/www.europesays.com\/pt\/wp-json\/wp\/v2\/tags?post=119411"}],"curies":[{"name":"wp","href":"https:\/\/api.w.org\/{rel}","templated":true}]}}