{"id":119423,"date":"2025-10-20T22:05:21","date_gmt":"2025-10-20T22:05:21","guid":{"rendered":"https:\/\/www.europesays.com\/pt\/119423\/"},"modified":"2025-10-20T22:05:21","modified_gmt":"2025-10-20T22:05:21","slug":"como-a-fase-afeta-a-autoestima-da-mulher","status":"publish","type":"post","link":"https:\/\/www.europesays.com\/pt\/119423\/","title":{"rendered":"como a fase afeta a autoestima da mulher?"},"content":{"rendered":"<p class=\"texto\">A menopausa \u00e9 um per\u00edodo da vida da mulher caracterizado pelo \u00faltimo ciclo menstrual e a aus\u00eancia de menstrua\u00e7\u00e3o por 12 meses consecutivos. A mudan\u00e7a ocorre, geralmente, entre os 45 e 55 anos e, al\u00e9m de marcar o fim da fase reprodutiva feminina, aponta para uma s\u00e9rie de <strong><a href=\"https:\/\/www.em.com.br\/saude\/2025\/08\/7231948-menopausa-quatro-alteracoes-pouco-faladas-ligadas-ao-declinio-hormonal.html\" target=\"_blank\" rel=\"nofollow noopener\">altera\u00e7\u00f5es hormonais<\/a><\/strong>, que podem afetar a autoestima, identidade e bem-estar da mulher.<\/p>\n<p class=\"texto\">Segundo dados do IBGE, aproximadamente 30 milh\u00f5es de mulheres no Brasil est\u00e3o enfrentando a menopausa ou <strong><a href=\"https:\/\/www.em.com.br\/saude\/2023\/12\/6671257-climaterio-e-o-comeco-do-fim.html\" target=\"_blank\" rel=\"nofollow noopener\">climat\u00e9rio <\/a><\/strong>e 82% das brasileiras t\u00eam sintomas que comprometem a <strong><a href=\"https:\/\/www.em.com.br\/app\/noticia\/saude-e-bem-viver\/2022\/04\/10\/interna_bem_viver,1358193\/menopausa-e-qualidade-de-vida-podem-caminhar-juntas.shtml\" target=\"_blank\" rel=\"nofollow noopener\">qualidade de vida<\/a><\/strong>. Para muitas, o per\u00edodo provoca irregularidades menstruais como menstrua\u00e7\u00f5es mais escassas, hemorragias ou fluxos mais ou menos frequentes. Por\u00e9m, junto a esses sinais, outros sintomas s\u00e3o bastante caracter\u00edsticos, entre eles as <strong><a href=\"https:\/\/www.em.com.br\/saude\/2023\/11\/6656110-seis-dicas-para-lidar-com-o-calor-da-menopausa-nas-altas-temperaturas.html\" target=\"_blank\" rel=\"nofollow noopener\">ondas de calor<\/a><\/strong>, mudan\u00e7as de <strong><a href=\"https:\/\/www.em.com.br\/saude\/2025\/08\/7234190-diminuicao-da-qualidade-do-sono-e-um-dos-primeiros-sintomas-da-menopausa.html\" target=\"_blank\" rel=\"nofollow noopener\">sono<\/a><\/strong>, da <strong><a href=\"https:\/\/www.em.com.br\/saude\/2024\/05\/6852331-oito-alimentos-que-ajudam-a-libido-na-menopausa-saiba-quais-sao.html\" target=\"_blank\" rel=\"nofollow noopener\">libido<\/a><\/strong> e do humor e altera\u00e7\u00f5es na <strong><a href=\"https:\/\/www.em.com.br\/saude\/2025\/08\/7220679-menopausa-quando-os-hormonios-caem-a-pele-sente.html\" target=\"_blank\" rel=\"nofollow noopener\">pele<\/a><\/strong>, unhas e tamb\u00e9m nos <strong><a href=\"https:\/\/www.em.com.br\/saude\/2024\/08\/6919678-por-que-a-menopausa-afeta-a-pele-e-os-cabelos.html\" target=\"_blank\" rel=\"nofollow noopener\">cabelos<\/a><\/strong>.<\/p>\n<p class=\"texto\">Quando o organismo passa por essa transi\u00e7\u00e3o, todo o corpo \u00e9 impactado e os cabelos acabam refletindo esse processo. Bem mais que est\u00e9tica, a sa\u00fade dos cabelos durante a menopausa revela as mudan\u00e7as hormonais decorrentes da queda nos n\u00edveis de estrog\u00eanio e <strong><a href=\"https:\/\/www.em.com.br\/saude\/2025\/06\/7167148-progesterona-hormonio-influencia-sono-humor-e-saude-ossea.html\" target=\"_blank\" rel=\"nofollow noopener\">progesterona<\/a><\/strong>. N\u00e3o somente isso, fatores como nutri\u00e7\u00e3o, qualidade do sono, <strong><a href=\"https:\/\/www.em.com.br\/app\/noticia\/saude-e-bem-viver\/2023\/10\/13\/interna_bem_viver,1576110\/estresse-e-insonia-sao-fatores-de-risco-para-mulheres-pos-menopausa.shtml\" target=\"_blank\" rel=\"nofollow noopener\">estresse<\/a><\/strong> e equil\u00edbrio emocional tamb\u00e9m desempenham um papel fundamental nesse sentido. Por isso, compreender a <strong><a href=\"https:\/\/www.em.com.br\/saude\/2024\/11\/6993875-saude-capilar-os-tres-principais-problemas-que-atingem-as-mulheres.html\" target=\"_blank\" rel=\"nofollow noopener\">sa\u00fade capilar<\/a><\/strong> sob uma perspectiva integral ajuda a mulher a cuidar n\u00e3o apenas da apar\u00eancia, mas do bem-estar f\u00edsico e emocional como um todo.<\/p>\n<p class=\"texto\">A endocrinologista e fundadora da Cl\u00ednica Jobst, <strong><a href=\"https:\/\/www.instagram.com\/dradanielajobst\/\" target=\"_blank\" rel=\"nofollow noopener\">Daniela Jobst<\/a><\/strong>, explica que a vitalidade dos cabelos pode ser diretamente influenciada por fatores externos e internos: <strong><a href=\"https:\/\/www.em.com.br\/app\/noticia\/saude-e-bem-viver\/2022\/12\/04\/interna_bem_viver,1427871\/atencao-a-exposicao-solar-efeito-cumulativo-e-vilao-do-envelhecimento.shtml\" target=\"_blank\" rel=\"nofollow noopener\">exposi\u00e7\u00e3o solar<\/a><\/strong>, estresse, defici\u00eancia de vitaminas e desequil\u00edbrios hormonais, como \u00e9 o caso da menopausa. Contudo, \u00e9 poss\u00edvel adotar h\u00e1bitos saud\u00e1veis que podem evitar que os fios fiquem mais <strong><a href=\"https:\/\/www.em.com.br\/saude\/2024\/10\/6965901-fios-quebradicos-apos-prender-o-cabelo-especialista-traz-a-solucao.html\" target=\"_blank\" rel=\"nofollow noopener\">quebradi\u00e7os <\/a><\/strong>e finos e ainda contribuir para a qualidade de vida da mulher.<\/p>\n<p class=\"texto\">\u201cManter o peso adequado, uma alimenta\u00e7\u00e3o saud\u00e1vel, rica principalmente em <strong><a href=\"https:\/\/www.em.com.br\/saude\/2024\/08\/7227026-deficiencia-de-vitamina-d-aumenta-em-22-perda-de-mobilidade-aponta-artigo.html\" target=\"_blank\" rel=\"nofollow noopener\">vitamina D<\/a><\/strong> e c\u00e1lcio e pobre em gorduras saturadas, e evitar o uso de <strong><a href=\"https:\/\/www.em.com.br\/saude\/2024\/08\/6929925-dia-nacional-de-combate-ao-fumo-cigarro-pode-prejudicar-a-fertilidade.html\" target=\"_blank\" rel=\"nofollow noopener\">cigarros <\/a><\/strong>e o consumo de \u00e1lcool ou cafe\u00edna em excesso pode ajudar no tratamento dos sintomas da menopausa. Aliado a esses h\u00e1bitos, \u00e9 importante que a mulher pratique atividades f\u00edsicas regularmente, para controlar a <strong><a href=\"https:\/\/www.em.com.br\/saude\/2024\/10\/6972768-veja-as-novas-diretrizes-para-controlar-a-pressao-arterial.html\" target=\"_blank\" rel=\"nofollow noopener\">press\u00e3o arterial<\/a><\/strong>, prevenir doen\u00e7as cardiovasculares e a <strong><a href=\"https:\/\/www.em.com.br\/saude\/2024\/10\/6967856-calcio-e-vitamina-d-podem-evitar-a-osteoporose.html\" target=\"_blank\" rel=\"nofollow noopener\">osteoporose<\/a><\/strong>, al\u00e9m de ser um excelente meio de atenuar as altera\u00e7\u00f5es de humor e espairecer a mente\u201d, recomenda a especialista em medicina integrativa e nutri\u00e7\u00e3o.<\/p>\n<p class=\"texto\">Daniela acrescenta que o <strong><a href=\"https:\/\/www.em.com.br\/app\/noticia\/saude-e-bem-viver\/2023\/10\/19\/interna_bem_viver,1579069\/acompanhamento-medico-reduz-sintomas-da-menopausa-entenda.shtml\" target=\"_blank\" rel=\"nofollow noopener\">acompanhamento m\u00e9dico<\/a><\/strong> \u00e9 fundamental para tratar a especificidade de cada mulher e orientar um tratamento adequado, seja por meio de <strong><a href=\"https:\/\/www.em.com.br\/saude\/2025\/03\/7084731-menopausa-como-a-reposicao-hormonal-pode-proteger-o-cerebro.html\" target=\"_blank\" rel=\"nofollow noopener\">reposi\u00e7\u00e3o hormonal<\/a><\/strong> para al\u00edvio dos sintomas f\u00edsicos e ps\u00edquicos ou uso de nutrac\u00eauticos e produtos dermatol\u00f3gicos que podem auxiliar no cuidado pr\u00e1tico no dia a dia com os fios.<\/p>\n<p class=\"texto\">\u201cNa menopausa, a sa\u00fade capilar \u00e9 um reflexo da sa\u00fade integral da mulher. Olhar para al\u00e9m da est\u00e9tica e considerar nutri\u00e7\u00e3o, equil\u00edbrio hormonal e bem-estar emocional \u00e9 essencial para que essa fase seja vivida com mais qualidade de vida, leveza e autoestima\u201d, afirma a endocrinologista.<\/p>\n<p style=\"text-align: center;\"><strong><a href=\"https:\/\/whatsapp.com\/channel\/0029Va8e466AO7RPLL06EL2h\" target=\"_blank\" rel=\"nofollow noopener\">Siga nosso canal no WhatsApp e receba not\u00edcias relevantes para o seu dia<\/a><\/strong><\/p>\n<p>    <script async src=\"\/\/www.instagram.com\/embed.js\"><\/script><\/p>\n","protected":false},"excerpt":{"rendered":"A menopausa \u00e9 um per\u00edodo da vida da mulher caracterizado pelo \u00faltimo ciclo menstrual e a aus\u00eancia de&hellip;\n","protected":false},"author":2,"featured_media":119424,"comment_status":"","ping_status":"","sticky":false,"template":"","format":"standard","meta":{"footnotes":""},"categories":[86],"tags":[14065,538,6041,116,4560,32,33,117],"class_list":{"0":"post-119423","1":"post","2":"type-post","3":"status-publish","4":"format-standard","5":"has-post-thumbnail","7":"category-saude","8":"tag-autoestima","9":"tag-bem-estar","10":"tag-cabelo","11":"tag-health","12":"tag-menopausa","13":"tag-portugal","14":"tag-pt","15":"tag-saude"},"share_on_mastodon":{"url":"https:\/\/pubeurope.com\/@pt\/115408766412631022","error":""},"_links":{"self":[{"href":"https:\/\/www.europesays.com\/pt\/wp-json\/wp\/v2\/posts\/119423","targetHints":{"allow":["GET"]}}],"collection":[{"href":"https:\/\/www.europesays.com\/pt\/wp-json\/wp\/v2\/posts"}],"about":[{"href":"https:\/\/www.europesays.com\/pt\/wp-json\/wp\/v2\/types\/post"}],"author":[{"embeddable":true,"href":"https:\/\/www.europesays.com\/pt\/wp-json\/wp\/v2\/users\/2"}],"replies":[{"embeddable":true,"href":"https:\/\/www.europesays.com\/pt\/wp-json\/wp\/v2\/comments?post=119423"}],"version-history":[{"count":0,"href":"https:\/\/www.europesays.com\/pt\/wp-json\/wp\/v2\/posts\/119423\/revisions"}],"wp:featuredmedia":[{"embeddable":true,"href":"https:\/\/www.europesays.com\/pt\/wp-json\/wp\/v2\/media\/119424"}],"wp:attachment":[{"href":"https:\/\/www.europesays.com\/pt\/wp-json\/wp\/v2\/media?parent=119423"}],"wp:term":[{"taxonomy":"category","embeddable":true,"href":"https:\/\/www.europesays.com\/pt\/wp-json\/wp\/v2\/categories?post=119423"},{"taxonomy":"post_tag","embeddable":true,"href":"https:\/\/www.europesays.com\/pt\/wp-json\/wp\/v2\/tags?post=119423"}],"curies":[{"name":"wp","href":"https:\/\/api.w.org\/{rel}","templated":true}]}}