{"id":119429,"date":"2025-10-20T22:09:09","date_gmt":"2025-10-20T22:09:09","guid":{"rendered":"https:\/\/www.europesays.com\/pt\/119429\/"},"modified":"2025-10-20T22:09:09","modified_gmt":"2025-10-20T22:09:09","slug":"imigrantes-ilegais-em-espanha-tem-direito-a-receber-rendimento-minimo-vital-poligrafo","status":"publish","type":"post","link":"https:\/\/www.europesays.com\/pt\/119429\/","title":{"rendered":"Imigrantes ilegais em Espanha t\u00eam direito a receber \u201crendimento m\u00ednimo vital\u201d? \u2013 Pol\u00edgrafo"},"content":{"rendered":"<p>Em publica\u00e7\u00f5es nas redes sociais alega-se que os imigrantes, mesmo em situa\u00e7\u00e3o ilegal, podem <strong>usufruir do rendimento m\u00ednimo vita<\/strong>l, um apoio social concedido em Espanha a pessoas em situa\u00e7\u00e3o de pobreza e de vulnerabilidade.<\/p>\n<p>\u201cOs imigrantes v\u00eam para Espanha para receber o rendimento m\u00ednimo vital, que lhes \u00e9 concedido ap\u00f3s apenas um ano de resid\u00eancia ilegal\u201d, sugere-se numa <a href=\"https:\/\/x.com\/Franquistaaa\/status\/1967980295329812576\" rel=\"nofollow\">publica\u00e7\u00e3o<\/a> no X.<\/p>\n<p><a href=\"https:\/\/www.europesays.com\/pt\/wp-content\/uploads\/2025\/10\/ebe0b62e-b037-4b6f-91af-3a0ac99c340b.jpg\"><img fetchpriority=\"high\" decoding=\"async\" class=\"alignnone wp-image-85843 \" src=\"https:\/\/www.europesays.com\/pt\/wp-content\/uploads\/2025\/10\/ebe0b62e-b037-4b6f-91af-3a0ac99c340b.jpg\" alt=\"\" width=\"627\" height=\"540\"  \/><\/a><\/p>\n<p>Este subs\u00eddio, que entrou em vigor no final de 2020, destina-se a <strong>prevenir o risco de pobreza e exclus\u00e3o social<\/strong> de pessoas que vivem sozinhas ou que fazem parte de uma unidade familiar e n\u00e3o disp\u00f5em de recursos econ\u00f3micos b\u00e1sicos para cobrir as suas necessidades b\u00e1sicas. Mas ser\u00e1 mesmo verdade que os imigrantes ilegais tamb\u00e9m receber este apoio?<\/p>\n<p><strong>N\u00e3o. <\/strong>Para receber o rendimento m\u00ednimo em Espanha<strong> \u00e9 necess\u00e1rio ter resid\u00eancia legal no pa\u00eds h\u00e1 pelo menos um ano<\/strong>, referiu a Secretaria de Estado da Seguran\u00e7a Social e Pens\u00f5es ao jornal <a href=\"https:\/\/www.newtral.es\/inmigrantes-ingreso-minimo-vital\/20251006\/\" rel=\"nofollow noopener\" target=\"_blank\">\u201cNewtral\u201d<\/a>.<\/p>\n<p>Segundo as indica\u00e7\u00f5es dispon\u00edveis no <a href=\"https:\/\/www.seg-social.es\/wps\/portal\/wss\/internet\/Trabajadores\/PrestacionesPensionesTrabajadores\/65850d68-8d06-4645-bde7-05374ee42ac7\/beneficiarios#Beneficiarios\" rel=\"nofollow noopener\" target=\"_blank\">site<\/a> da \u00a0Seguran\u00e7a Social espanhola, a\u00a0resid\u00eancia legal \u00e9 comprovada atrav\u00e9s da inscri\u00e7\u00e3o no registo central de estrangeiros para cidad\u00e3os da Uni\u00e3o Europeia, do Espa\u00e7o Econ\u00f3mico Europeu ou da Su\u00ed\u00e7a e, no caso de pessoas de outras nacionalidades, com um cart\u00e3o de familiar de cidad\u00e3o da Uni\u00e3o ou uma autoriza\u00e7\u00e3o de resid\u00eancia.<\/p>\n<p>Pilar Alegr\u00eda, porta-voz do Governo de Espanha, <a href=\"https:\/\/x.com\/el_pais\/status\/1972986208075522232\" rel=\"nofollow\">desmentiu<\/a> esta ideia, no dia 30 de setembro:\u201dMuitas vezes, quando se insulta os imigrantes, diz-se que eles recebem todo o tipo de ajudas mal chegam ao nosso pa\u00eds. N\u00e3o \u00e9 verdade. Um imigrante para receber o sal\u00e1rio m\u00ednimo interprofissional tem que ter resid\u00eancia legal no pa\u00eds de pelo menos de um ano. O mesmo acontece com o rendimento m\u00ednimo vital.\u201d<\/p>\n<p>__________________________________<\/p>\n<p><strong>Avalia\u00e7\u00e3o do Pol\u00edgrafo<\/strong><\/p>\n","protected":false},"excerpt":{"rendered":"Em publica\u00e7\u00f5es nas redes sociais alega-se que os imigrantes, mesmo em situa\u00e7\u00e3o ilegal, podem usufruir do rendimento m\u00ednimo&hellip;\n","protected":false},"author":2,"featured_media":119430,"comment_status":"","ping_status":"","sticky":false,"template":"","format":"standard","meta":{"footnotes":""},"categories":[50],"tags":[27,28,15,16,14,25,26,21,22,62,12,13,19,20,23,24,17,18,29,30,31,63,64,65],"class_list":{"0":"post-119429","1":"post","2":"type-post","3":"status-publish","4":"format-standard","5":"has-post-thumbnail","7":"category-mundo","8":"tag-breaking-news","9":"tag-breakingnews","10":"tag-featured-news","11":"tag-featurednews","12":"tag-headlines","13":"tag-latest-news","14":"tag-latestnews","15":"tag-main-news","16":"tag-mainnews","17":"tag-mundo","18":"tag-news","19":"tag-noticias","20":"tag-noticias-principais","21":"tag-noticiasprincipais","22":"tag-principais-noticias","23":"tag-principaisnoticias","24":"tag-top-stories","25":"tag-topstories","26":"tag-ultimas","27":"tag-ultimas-noticias","28":"tag-ultimasnoticias","29":"tag-world","30":"tag-world-news","31":"tag-worldnews"},"share_on_mastodon":{"url":"https:\/\/pubeurope.com\/@pt\/115408782305924108","error":""},"_links":{"self":[{"href":"https:\/\/www.europesays.com\/pt\/wp-json\/wp\/v2\/posts\/119429","targetHints":{"allow":["GET"]}}],"collection":[{"href":"https:\/\/www.europesays.com\/pt\/wp-json\/wp\/v2\/posts"}],"about":[{"href":"https:\/\/www.europesays.com\/pt\/wp-json\/wp\/v2\/types\/post"}],"author":[{"embeddable":true,"href":"https:\/\/www.europesays.com\/pt\/wp-json\/wp\/v2\/users\/2"}],"replies":[{"embeddable":true,"href":"https:\/\/www.europesays.com\/pt\/wp-json\/wp\/v2\/comments?post=119429"}],"version-history":[{"count":0,"href":"https:\/\/www.europesays.com\/pt\/wp-json\/wp\/v2\/posts\/119429\/revisions"}],"wp:featuredmedia":[{"embeddable":true,"href":"https:\/\/www.europesays.com\/pt\/wp-json\/wp\/v2\/media\/119430"}],"wp:attachment":[{"href":"https:\/\/www.europesays.com\/pt\/wp-json\/wp\/v2\/media?parent=119429"}],"wp:term":[{"taxonomy":"category","embeddable":true,"href":"https:\/\/www.europesays.com\/pt\/wp-json\/wp\/v2\/categories?post=119429"},{"taxonomy":"post_tag","embeddable":true,"href":"https:\/\/www.europesays.com\/pt\/wp-json\/wp\/v2\/tags?post=119429"}],"curies":[{"name":"wp","href":"https:\/\/api.w.org\/{rel}","templated":true}]}}