{"id":119454,"date":"2025-10-20T22:37:14","date_gmt":"2025-10-20T22:37:14","guid":{"rendered":"https:\/\/www.europesays.com\/pt\/119454\/"},"modified":"2025-10-20T22:37:14","modified_gmt":"2025-10-20T22:37:14","slug":"nasa-diz-que-spacex-esta-ficando-para-tras-na-corrida-a-lua","status":"publish","type":"post","link":"https:\/\/www.europesays.com\/pt\/119454\/","title":{"rendered":"Nasa diz que SpaceX \u201cest\u00e1 ficando para tr\u00e1s\u201d na corrida \u00e0 Lua"},"content":{"rendered":"<p class=\"postParagraph_post-paragraph__juWZN\">O administrador interino da Nasa, Sean Duffy, afirmou nesta segunda-feira (20) que a SpaceX \u201cest\u00e1 ficando para tr\u00e1s\u201d na corrida espacial com a China para retornar \u00e0 Lua e que o governo americano abrir\u00e1 o contrato que havia assinado com a empresa de Elon Musk para outras empresas espaciais.<\/p>\n<p class=\"postParagraph_post-paragraph__juWZN\">\u201cO problema \u00e9 que eles est\u00e3o ficando para tr\u00e1s. Eles estenderam seus prazos e estamos em uma corrida contra a China. O presidente [Donald Trump] e eu queremos chegar \u00e0 Lua durante este mandato, ent\u00e3o vou abrir o contrato\u201d, disse Duffy em entrevista \u00e0 Fox News.<\/p>\n<p class=\"postParagraph_post-paragraph__juWZN\">A Nasa afirmou em 2021 que havia fechado um contrato no valor de aproximadamente US$ 2,9 bilh\u00f5es com a SpaceX para fornecer o m\u00f3dulo de pouso para a miss\u00e3o Artemis III, que visa marcar o retorno do homem \u00e0 Lua mais de cinco d\u00e9cadas depois.<\/p>\n<p class=\"postParagraph_post-paragraph__juWZN\">A data desta miss\u00e3o, no entanto, foi adiada e agora est\u00e1 programada para n\u00e3o antes do que 2027.<\/p>\n<p class=\"postParagraph_post-paragraph__juWZN\">Embora Duffy tenha dito que a SpaceX \u00e9 \u201cuma empresa incr\u00edvel\u201d que ele adora, o diretor enfatizou que a prioridade \u00e9 chegar \u00e0 Lua o mais r\u00e1pido poss\u00edvel, independentemente da empresa espacial escolhida.<\/p>\n<p class=\"postParagraph_post-paragraph__juWZN\">Ele mencionou a Blue Origin, a empresa espacial do fundador da Amazon, Jeff Bezos, como uma das op\u00e7\u00f5es potenciais.<\/p>\n<p class=\"postParagraph_post-paragraph__juWZN\">\u201cSe a SpaceX atrasar e a Blue Origin conseguir fazer isso antes deles&#8230; Bom para a Blue Origin!\u201d, acrescentou a autoridade americana.<\/p>\n<p class=\"postParagraph_post-paragraph__juWZN\">Em junho, quando Musk e Trump brigaram ap\u00f3s a sa\u00edda do empres\u00e1rio da gest\u00e3o do presidente americano, este sugeriu que subs\u00eddios e contratos das empresas do bilion\u00e1rio com o governo dos Estados Unidos deveriam ser revogados.<\/p>\n<p class=\"postParagraph_post-paragraph-innerHtml__Q5vwc\">Musk respondeu afirmando que desativaria a nave espacial Dragon, <a href=\"https:\/\/www.gazetadopovo.com.br\/mundo\/musk-desiste-de-desativar-nave-espacial-dragon\/\" rel=\"nofollow noopener\" target=\"_blank\">mas voltou atr\u00e1s<\/a>.<\/p>\n<p class=\"postParagraph_post-paragraph-innerHtml__Q5vwc\">Em setembro, durante o vel\u00f3rio do ativista conservador Charlie Kirk, o empres\u00e1rio e Trump ensaiaram uma reaproxima\u00e7\u00e3o, ao <a href=\"https:\/\/www.gazetadopovo.com.br\/mundo\/trump-funeral-charlie-kirk-discurso\/\" rel=\"nofollow noopener\" target=\"_blank\">serem vistos conversando animadamente<\/a> nos camarotes do State Farm Stadium, em Glendale, no Arizona.<\/p>\n","protected":false},"excerpt":{"rendered":"O administrador interino da Nasa, Sean Duffy, afirmou nesta segunda-feira (20) que a SpaceX \u201cest\u00e1 ficando para tr\u00e1s\u201d&hellip;\n","protected":false},"author":2,"featured_media":119455,"comment_status":"","ping_status":"","sticky":false,"template":"","format":"standard","meta":{"footnotes":""},"categories":[84],"tags":[358,109,107,108,92,584,14188,9960,1149,32,33,105,103,104,106,110],"class_list":{"0":"post-119454","1":"post","2":"type-post","3":"status-publish","4":"format-standard","5":"has-post-thumbnail","7":"category-ciencia-e-tecnologia","8":"tag-china","9":"tag-ciencia","10":"tag-ciencia-e-tecnologia","11":"tag-cienciaetecnologia","12":"tag-donald-trump","13":"tag-elon-musk","14":"tag-eua-estados-unidos","15":"tag-jeff-bezos","16":"tag-nasa","17":"tag-portugal","18":"tag-pt","19":"tag-science","20":"tag-science-and-technology","21":"tag-scienceandtechnology","22":"tag-technology","23":"tag-tecnologia"},"share_on_mastodon":{"url":"https:\/\/pubeurope.com\/@pt\/115408892340763040","error":""},"_links":{"self":[{"href":"https:\/\/www.europesays.com\/pt\/wp-json\/wp\/v2\/posts\/119454","targetHints":{"allow":["GET"]}}],"collection":[{"href":"https:\/\/www.europesays.com\/pt\/wp-json\/wp\/v2\/posts"}],"about":[{"href":"https:\/\/www.europesays.com\/pt\/wp-json\/wp\/v2\/types\/post"}],"author":[{"embeddable":true,"href":"https:\/\/www.europesays.com\/pt\/wp-json\/wp\/v2\/users\/2"}],"replies":[{"embeddable":true,"href":"https:\/\/www.europesays.com\/pt\/wp-json\/wp\/v2\/comments?post=119454"}],"version-history":[{"count":0,"href":"https:\/\/www.europesays.com\/pt\/wp-json\/wp\/v2\/posts\/119454\/revisions"}],"wp:featuredmedia":[{"embeddable":true,"href":"https:\/\/www.europesays.com\/pt\/wp-json\/wp\/v2\/media\/119455"}],"wp:attachment":[{"href":"https:\/\/www.europesays.com\/pt\/wp-json\/wp\/v2\/media?parent=119454"}],"wp:term":[{"taxonomy":"category","embeddable":true,"href":"https:\/\/www.europesays.com\/pt\/wp-json\/wp\/v2\/categories?post=119454"},{"taxonomy":"post_tag","embeddable":true,"href":"https:\/\/www.europesays.com\/pt\/wp-json\/wp\/v2\/tags?post=119454"}],"curies":[{"name":"wp","href":"https:\/\/api.w.org\/{rel}","templated":true}]}}