{"id":119479,"date":"2025-10-20T22:56:15","date_gmt":"2025-10-20T22:56:15","guid":{"rendered":"https:\/\/www.europesays.com\/pt\/119479\/"},"modified":"2025-10-20T22:56:15","modified_gmt":"2025-10-20T22:56:15","slug":"ana-castela-faz-historia-no-sbt-e-chega-a-liderar-contra-a-globo","status":"publish","type":"post","link":"https:\/\/www.europesays.com\/pt\/119479\/","title":{"rendered":"Ana Castela faz hist\u00f3ria no SBT e chega a liderar contra a Globo"},"content":{"rendered":"<p><img decoding=\"async\" fetchpriority=\"high\" src=\"https:\/\/www.europesays.com\/pt\/wp-content\/uploads\/2025\/10\/6u5kwd5ztgitd1u6vjdlhzfr7.jpg\" width=\"906\" height=\"509\" alt=\"Ana Castela bateu recordes em dois programas do SBT em menos de 24h\" title=\"Ana Castela bateu recordes em dois programas do SBT em menos de 24h\"\/>Reprodu\u00e7\u00e3o\/Internet<\/p>\n<p>Ana Castela bateu recordes em dois programas do SBT em menos de 24h<\/p>\n<p class=\"\"><strong>Ana Castela<\/strong> \u00e9 o nome do momento no entretenimento brasileiro: fen\u00f4meno nas p\u00e1ginas de fofoca por seu rec\u00e9m-assumido relacionamento com <strong>Z\u00e9 Felipe<\/strong>, a cantora sertaneja tamb\u00e9m dispara os n\u00fameros dos programas de televis\u00e3o em que ela participa como convidada.<\/p>\n<p class=\"\">Em um intervalo de menos de 24 horas, ela conseguiu emplacar dois recordes de audi\u00eancia na programa\u00e7\u00e3o do SBT, e chegou a superar at\u00e9 mesmo a Globo com uma das atra\u00e7\u00f5es \u2014 algo rar\u00edssimo para uma emissora habituada ao terceiro lugar na Grande S\u00e3o Paulo.<\/p>\n<p>Os dados consolidados de audi\u00eancia da Grande S\u00e3o Paulo, obtidos pela reportagem\u00a0da coluna\u00a0com fontes do mercado, revelam que o primeiro recorde obtido por <strong>Ana Castela<\/strong> foi no s\u00e1bado (18), com o Jequiti Live Show tendo o melhor desempenho de sua hist\u00f3ria: o infomercial conquistou 3,8 pontos de m\u00e9dia, com um pico de 4,4, e bateu a sua melhor performance at\u00e9 ent\u00e3o, de 3,4 em 25 de maio de 2024.Desempenho acima do esperado<\/p>\n<p class=\"\">O Domingo Legal, comandado por Celso Portiolli, teve uma grande participa\u00e7\u00e3o da artista, emplacou 7,1 de m\u00e9dia e teve um pico de 10,0, superando a Globo durante 23 minutos n\u00e3o consecutivos.<\/p>\n<p class=\"\">No palco do Domingo Legal, Z\u00e9 Felipe e <strong>Ana Castela<\/strong> abriram o jogo sobre a rela\u00e7\u00e3o. Celso Portiolli colocou o casal na parede e fez a pergunta: \u201cEst\u00e3o juntos ou n\u00e3o?\u201d, questionou. Z\u00e9 Felipe brincou: \u201cEstamos sempre juntos\u201d, disse ele abra\u00e7ando a cantora. \u201cEu e o Z\u00e9 estamos nos conhecendo\u201d, entregou a cantora.<\/p>\n<p>Leia mais<\/p>\n","protected":false},"excerpt":{"rendered":"Reprodu\u00e7\u00e3o\/Internet Ana Castela bateu recordes em dois programas do SBT em menos de 24h Ana Castela \u00e9 o&hellip;\n","protected":false},"author":2,"featured_media":119480,"comment_status":"","ping_status":"","sticky":false,"template":"","format":"standard","meta":{"footnotes":""},"categories":[145],"tags":[13762,211,210,114,115,32,33,1445],"class_list":{"0":"post-119479","1":"post","2":"type-post","3":"status-publish","4":"format-standard","5":"has-post-thumbnail","7":"category-celebridades","8":"tag-ana-castela","9":"tag-celebridades","10":"tag-celebrities","11":"tag-entertainment","12":"tag-entretenimento","13":"tag-portugal","14":"tag-pt","15":"tag-ze-felipe"},"share_on_mastodon":{"url":"https:\/\/pubeurope.com\/@pt\/115408967038824728","error":""},"_links":{"self":[{"href":"https:\/\/www.europesays.com\/pt\/wp-json\/wp\/v2\/posts\/119479","targetHints":{"allow":["GET"]}}],"collection":[{"href":"https:\/\/www.europesays.com\/pt\/wp-json\/wp\/v2\/posts"}],"about":[{"href":"https:\/\/www.europesays.com\/pt\/wp-json\/wp\/v2\/types\/post"}],"author":[{"embeddable":true,"href":"https:\/\/www.europesays.com\/pt\/wp-json\/wp\/v2\/users\/2"}],"replies":[{"embeddable":true,"href":"https:\/\/www.europesays.com\/pt\/wp-json\/wp\/v2\/comments?post=119479"}],"version-history":[{"count":0,"href":"https:\/\/www.europesays.com\/pt\/wp-json\/wp\/v2\/posts\/119479\/revisions"}],"wp:featuredmedia":[{"embeddable":true,"href":"https:\/\/www.europesays.com\/pt\/wp-json\/wp\/v2\/media\/119480"}],"wp:attachment":[{"href":"https:\/\/www.europesays.com\/pt\/wp-json\/wp\/v2\/media?parent=119479"}],"wp:term":[{"taxonomy":"category","embeddable":true,"href":"https:\/\/www.europesays.com\/pt\/wp-json\/wp\/v2\/categories?post=119479"},{"taxonomy":"post_tag","embeddable":true,"href":"https:\/\/www.europesays.com\/pt\/wp-json\/wp\/v2\/tags?post=119479"}],"curies":[{"name":"wp","href":"https:\/\/api.w.org\/{rel}","templated":true}]}}