{"id":119497,"date":"2025-10-20T23:13:08","date_gmt":"2025-10-20T23:13:08","guid":{"rendered":"https:\/\/www.europesays.com\/pt\/119497\/"},"modified":"2025-10-20T23:13:08","modified_gmt":"2025-10-20T23:13:08","slug":"a-voz-ja-decidiu-vera-e-expulsa-do-secret-story-e-as-imagens-do-momento-sao-estas-secret-story","status":"publish","type":"post","link":"https:\/\/www.europesays.com\/pt\/119497\/","title":{"rendered":"A Voz j\u00e1 decidiu: Vera \u00e9 expulsa do Secret Story e as imagens do momento s\u00e3o estas &#8211; Secret Story"},"content":{"rendered":"<p>\n                    Vera \u00e9 expulsa do Secret Story: as imagens que marcam uma noite de emo\u00e7\u00f5es fortes.\n                <\/p>\n<p data-end=\"298\" data-start=\"208\">A noite foi de tudo menos tranquila no Secret Story. Depois de uma gala intensa e de um p\u00f3s-gala ainda mais explosivo, <strong data-end=\"471\" data-start=\"421\">Vera acabou por ser expulsa por decis\u00e3o da Voz<\/strong>, num momento que deixou a casa em choque e os colegas visivelmente abalados.<\/p>\n<p data-end=\"803\" data-start=\"552\">Na conversa com <strong data-end=\"589\" data-start=\"568\">Cristina Ferreira<\/strong>, j\u00e1 em est\u00fadio, Vera mostrou-se emocionada e dividida entre o arrependimento e a revolta. As palavras da apresentadora trouxeram reflex\u00e3o, mas tamb\u00e9m l\u00e1grimas \u2014 tanto de quem saiu, como de quem ficou a assistir.<\/p>\n<p data-end=\"1036\" data-start=\"805\">Nas imagens que se seguem, pode ver <strong data-end=\"897\" data-start=\"841\">os momentos mais marcantes desta expuls\u00e3o inesperada<\/strong>: a rea\u00e7\u00e3o de Vera ao ouvir a decis\u00e3o da Voz, o abra\u00e7o sentido aos colegas, as l\u00e1grimas de despedida e o sil\u00eancio pesado que ficou no ar.<\/p>\n<p data-end=\"1108\" data-start=\"1038\">Foi uma sa\u00edda que promete deixar marcas dentro da casa\u2026 e fora dela.<\/p>\n","protected":false},"excerpt":{"rendered":"Vera \u00e9 expulsa do Secret Story: as imagens que marcam uma noite de emo\u00e7\u00f5es fortes. A noite foi&hellip;\n","protected":false},"author":2,"featured_media":119498,"comment_status":"","ping_status":"","sticky":false,"template":"","format":"standard","meta":{"footnotes":""},"categories":[142],"tags":[114,115,332,18672,18673,18674,32,33,1315,151,11841],"class_list":{"0":"post-119497","1":"post","2":"type-post","3":"status-publish","4":"format-standard","5":"has-post-thumbnail","7":"category-tv","8":"tag-entertainment","9":"tag-entretenimento","10":"tag-expulso","11":"tag-fotos-oficiais-secret-story","12":"tag-galerias-casa-dos-segredos","13":"tag-imagens-concorrentes-tvi","14":"tag-portugal","15":"tag-pt","16":"tag-secret-story","17":"tag-tv","18":"tag-vera"},"share_on_mastodon":{"url":"https:\/\/pubeurope.com\/@pt\/115409034033947726","error":""},"_links":{"self":[{"href":"https:\/\/www.europesays.com\/pt\/wp-json\/wp\/v2\/posts\/119497","targetHints":{"allow":["GET"]}}],"collection":[{"href":"https:\/\/www.europesays.com\/pt\/wp-json\/wp\/v2\/posts"}],"about":[{"href":"https:\/\/www.europesays.com\/pt\/wp-json\/wp\/v2\/types\/post"}],"author":[{"embeddable":true,"href":"https:\/\/www.europesays.com\/pt\/wp-json\/wp\/v2\/users\/2"}],"replies":[{"embeddable":true,"href":"https:\/\/www.europesays.com\/pt\/wp-json\/wp\/v2\/comments?post=119497"}],"version-history":[{"count":0,"href":"https:\/\/www.europesays.com\/pt\/wp-json\/wp\/v2\/posts\/119497\/revisions"}],"wp:featuredmedia":[{"embeddable":true,"href":"https:\/\/www.europesays.com\/pt\/wp-json\/wp\/v2\/media\/119498"}],"wp:attachment":[{"href":"https:\/\/www.europesays.com\/pt\/wp-json\/wp\/v2\/media?parent=119497"}],"wp:term":[{"taxonomy":"category","embeddable":true,"href":"https:\/\/www.europesays.com\/pt\/wp-json\/wp\/v2\/categories?post=119497"},{"taxonomy":"post_tag","embeddable":true,"href":"https:\/\/www.europesays.com\/pt\/wp-json\/wp\/v2\/tags?post=119497"}],"curies":[{"name":"wp","href":"https:\/\/api.w.org\/{rel}","templated":true}]}}