{"id":119509,"date":"2025-10-20T23:21:15","date_gmt":"2025-10-20T23:21:15","guid":{"rendered":"https:\/\/www.europesays.com\/pt\/119509\/"},"modified":"2025-10-20T23:21:15","modified_gmt":"2025-10-20T23:21:15","slug":"internet-indignada-com-o-video-de-donald-trump-a-despejar-fezes-em-cima-de-manifestantes","status":"publish","type":"post","link":"https:\/\/www.europesays.com\/pt\/119509\/","title":{"rendered":"Internet indignada com o v\u00eddeo de Donald Trump a &#8220;despejar fezes&#8221; em cima de manifestantes"},"content":{"rendered":"<p>          <img decoding=\"async\" class=\"c-ad__placeholder__logo\" src=\"https:\/\/static.euronews.com\/website\/images\/logos\/logo-euronews-stacked-outlined-72x72-grey-9.svg\" width=\"72\" height=\"72\" alt=\"\" loading=\"lazy\"\/><br \/>\n          PUBLICIDADE<\/p>\n<p>Milh\u00f5es de americanos marcharam contra a administra\u00e7\u00e3o de Trump este fim de semana, com a <a href=\"https:\/\/pt.euronews.com\/2025\/10\/18\/protestos-no-kings-contra-trump-realizados-em-toda-a-europa-em-solidariedade-com-os-eua\" rel=\"nofollow noopener\" target=\"_blank\"><strong>marcha &#8220;No Kings&#8221;<\/strong><\/a> a opor-se \u00e0 &#8220;tomada de poder autorit\u00e1ria&#8221; do presidente.<\/p>\n<p>O protesto de 18 de outubro, a terceira mobiliza\u00e7\u00e3o em massa desde o regresso de Trump \u00e0 Casa Branca, atraiu quase 7 milh\u00f5es de pessoas em todos os 50 estados, segundo os organizadores. <\/p>\n<p>Este n\u00famero faz com que seja a maior mobiliza\u00e7\u00e3o num s\u00f3 dia contra um presidente dos EUA na hist\u00f3ria moderna.<\/p>\n<p>V\u00e1rias figuras de Hollywood, como <a href=\"https:\/\/pt.euronews.com\/cultura\/2025\/09\/25\/regresso-de-jimmy-kimmel-bate-recorde-de-audiencia\" rel=\"nofollow noopener\" target=\"_blank\">Jimmy Kimmel<\/a>, Spike Lee, Robert De Niro e Glenn Close, juntaram-se aos manifestantes e expressaram a sua oposi\u00e7\u00e3o \u00e0 presid\u00eancia de Trump e aos crescentes n\u00edveis de autoritarismo.<\/p>\n<p>A atriz vencedora de um \u00d3scar, Jamie Lee Curtis, publicou uma fotografia de um sinal de &#8220;proibido estacionar&#8221; com fita adesiva a cobrir as letras que diziam &#8220;no king&#8221;.<\/p>\n<p>A atriz na descri\u00e7\u00e3o da fotografia, publicada na rede social instagram, escreveu: &#8220;Neste mundo de abund\u00e2ncia e de \u00abgrande\u00bb, \u00abmaior\u00bb e \u00abainda maior\u00bb, n\u00e3o importa se esta foi a maior manifesta\u00e7\u00e3o de sempre, o que importa \u00e9 que aparecemos, levantamos e dissemos o que pensamos e sentimos. Agora vem o trabalho \u00e1rduo. Temos um ano para enviar uma mensagem real nas urnas, que \u00e9 a nossa voz americana. Por isso, vamos p\u00f4r m\u00e3os \u00e0 obra!&#8221;<\/p>\n<p>Em vez de reagir de forma institucional \u00e0 oposi\u00e7\u00e3o pac\u00edfica, Donald Trump publicou um v\u00eddeo gerado por IA no Truth Social que o mostrava a usar uma coroa, a pilotar um ca\u00e7a &#8220;KING TRUMP&#8221; e a bombardear multid\u00f5es de manifestantes com lama castanha que parecia claramente fezes. Tudo isto ao som da can\u00e7\u00e3o de sucesso de Kenny Loggins de 1986, &#8220;Danger Zone&#8221; &#8211; uma aparente refer\u00eancia aos filmes Top Gun &#8211; e apesar de Trump ter insistido, na Fox Businees, que &#8220;n\u00e3o \u00e9 um rei&#8221; antes dos protestos.<\/p>\n<p>O v\u00eddeo escatol\u00f3gico foi partilhado nas contas pessoais e governamentais do presidente nas redes sociais, a que se juntou o v\u00eddeo da IA do vice-presidente JD Vance, que mostra Trump a usar uma coroa e uma capa.<\/p>\n<p>Esta n\u00e3o \u00e9 a primeira vez que Trump e os seus aliados gozamos seus oponentes publicando imagens geradas por IA ou amea\u00e7as intensas usando IA &#8211; uma das mais recentes foi a sua imagem &#8220;Chipocalypse Now&#8221;, que levou a Euronews Culture a perguntar:<a href=\"https:\/\/pt.euronews.com\/cultura\/2025\/09\/08\/chipocalypse-now-a-administracao-trump-e-culturalmente-analfabeta\" rel=\"nofollow noopener\" target=\"_blank\"> <strong>&#8220;A administra\u00e7\u00e3o Trump \u00e9 culturalmente analfabeta?&#8221;<\/strong><\/a><\/p>\n<p>No entanto, esta \u00faltima publica\u00e7\u00e3o foi amplamente criticado na Internet como uma das tentativas mais &#8220;pat\u00e9ticas&#8221; de afastar os cr\u00edticos de Trump.<\/p>\n<p>Muitos manifestaram-se chocados com a forma como o v\u00eddeo mostra o desd\u00e9m pelas pessoas que exercem o seu direito de protestar e o desprezo &#8220;insultuoso&#8221; pela democracia &#8211; como se quisesse provar o ponto de vista dos manifestantes.<\/p>\n<p>Os utilizadores das redes sociais acusaram Trump de ter &#8220;a maturidade e o decoro de um rapaz de 12 anos&#8221;, enquanto outros comentaram, &#8220;n\u00e3o acredito que ele seja o presidente de um pa\u00eds.&#8221;<\/p>\n<p>Muitas rea\u00e7\u00f5es salientaram que a publica\u00e7\u00e3o &#8220;infantil&#8221; e &#8220;nojenta&#8221; de Trump na IA revelava uma representa\u00e7\u00e3o transparente dos seus sentimentos genu\u00ednos em rela\u00e7\u00e3o ao povo americano. <\/p>\n<p>&#8220;Isso diz tudo o que precisa de saber sobre o que ele pensa sobre o povo da Am\u00e9rica que \u00e9, de fato, a Am\u00e9rica&#8221;, comentou um utilizador da rede X enquanto outro acrescentou: &#8220;Ele literalmente a cagar-se para o pa\u00eds \u00e9 a coisa mais honesta que j\u00e1 publicou&#8221;.<\/p>\n<p>A ex-secret\u00e1ria de Estado e advers\u00e1ria democrata de Trump em 2016, Hillary Clinton, tamb\u00e9m reagiu com uma publica\u00e7\u00e3o na rede social X a real\u00e7ar que Trump &#8220;n\u00e3o est\u00e1 zangado com o facto de 7 milh\u00f5es de americanos terem sa\u00eddo \u00e0 rua para protestar contra ele ontem&#8230;&#8221;<\/p>\n<p>Trump e a sua equipa de redes sociais utilizam regularmente a Intelig\u00eancia Artificial. Trump tem sido retratado como o Papa,<a href=\"https:\/\/pt.euronews.com\/cultura\/2025\/05\/05\/como-uma-imagem-de-ia-alusiva-a-guerra-das-estrelas-saiu-pela-culatra-a-trump-e-a-casa-bra\" rel=\"nofollow noopener\" target=\"_blank\"> um Jedi com um corpo suspeito<\/a> e at\u00e9 como o Super-Homem.<\/p>\n<p>A utiliza\u00e7\u00e3o de v\u00eddeos e memes de IA \u00e9 a sua forma de participar na &#8220;guerra mem\u00e9tica&#8221; &#8211; um termo utilizado por Kurt Sengul, um investigador da Universidade Macquarie, na Austr\u00e1lia.<\/p>\n<p>Sengul falou recentemente com a Euronews Culture sobre a utiliza\u00e7\u00e3o de IA generativa por Trump, que permite a cria\u00e7\u00e3o de um ecossistema onde nada parece ser s\u00e9rio. <\/p>\n<p>Segundo Sengul, a posi\u00e7\u00e3o de Trump \u00e9 a de que, se nos chatearmos, \u00e9 porque somos &#8220;desprovidos de humor e n\u00e3o sabemos aceitar uma piada.&#8221;<\/p>\n<p>Apesar do humor, a indigna\u00e7\u00e3o com o recente v\u00eddeo de Trump parece estar a unir aqueles que afirmam que &#8220;isto est\u00e1 muito abaixo da Presid\u00eancia&#8221;.<\/p>\n","protected":false},"excerpt":{"rendered":"PUBLICIDADE Milh\u00f5es de americanos marcharam contra a administra\u00e7\u00e3o de Trump este fim de semana, com a marcha &#8220;No&hellip;\n","protected":false},"author":2,"featured_media":119510,"comment_status":"","ping_status":"","sticky":false,"template":"","format":"standard","meta":{"footnotes":""},"categories":[50],"tags":[27,28,92,7618,15,16,14,933,25,26,21,22,62,12,13,19,20,2771,23,24,17,18,29,30,31,63,64,65],"class_list":{"0":"post-119509","1":"post","2":"type-post","3":"status-publish","4":"format-standard","5":"has-post-thumbnail","7":"category-mundo","8":"tag-breaking-news","9":"tag-breakingnews","10":"tag-donald-trump","11":"tag-estados-unidos-da-america","12":"tag-featured-news","13":"tag-featurednews","14":"tag-headlines","15":"tag-inteligencia-artificial","16":"tag-latest-news","17":"tag-latestnews","18":"tag-main-news","19":"tag-mainnews","20":"tag-mundo","21":"tag-news","22":"tag-noticias","23":"tag-noticias-principais","24":"tag-noticiasprincipais","25":"tag-polemica","26":"tag-principais-noticias","27":"tag-principaisnoticias","28":"tag-top-stories","29":"tag-topstories","30":"tag-ultimas","31":"tag-ultimas-noticias","32":"tag-ultimasnoticias","33":"tag-world","34":"tag-world-news","35":"tag-worldnews"},"share_on_mastodon":{"url":"https:\/\/pubeurope.com\/@pt\/115409065606607630","error":""},"_links":{"self":[{"href":"https:\/\/www.europesays.com\/pt\/wp-json\/wp\/v2\/posts\/119509","targetHints":{"allow":["GET"]}}],"collection":[{"href":"https:\/\/www.europesays.com\/pt\/wp-json\/wp\/v2\/posts"}],"about":[{"href":"https:\/\/www.europesays.com\/pt\/wp-json\/wp\/v2\/types\/post"}],"author":[{"embeddable":true,"href":"https:\/\/www.europesays.com\/pt\/wp-json\/wp\/v2\/users\/2"}],"replies":[{"embeddable":true,"href":"https:\/\/www.europesays.com\/pt\/wp-json\/wp\/v2\/comments?post=119509"}],"version-history":[{"count":0,"href":"https:\/\/www.europesays.com\/pt\/wp-json\/wp\/v2\/posts\/119509\/revisions"}],"wp:featuredmedia":[{"embeddable":true,"href":"https:\/\/www.europesays.com\/pt\/wp-json\/wp\/v2\/media\/119510"}],"wp:attachment":[{"href":"https:\/\/www.europesays.com\/pt\/wp-json\/wp\/v2\/media?parent=119509"}],"wp:term":[{"taxonomy":"category","embeddable":true,"href":"https:\/\/www.europesays.com\/pt\/wp-json\/wp\/v2\/categories?post=119509"},{"taxonomy":"post_tag","embeddable":true,"href":"https:\/\/www.europesays.com\/pt\/wp-json\/wp\/v2\/tags?post=119509"}],"curies":[{"name":"wp","href":"https:\/\/api.w.org\/{rel}","templated":true}]}}