{"id":119517,"date":"2025-10-20T23:30:17","date_gmt":"2025-10-20T23:30:17","guid":{"rendered":"https:\/\/www.europesays.com\/pt\/119517\/"},"modified":"2025-10-20T23:30:17","modified_gmt":"2025-10-20T23:30:17","slug":"taca-de-portugal-atletico-muda-de-estadio-para-receber-benfica","status":"publish","type":"post","link":"https:\/\/www.europesays.com\/pt\/119517\/","title":{"rendered":"Ta\u00e7a de Portugal: Atl\u00e9tico muda de est\u00e1dio para receber Benfica"},"content":{"rendered":"<p style=\"margin-bottom:11px\">O Benfica n\u00e3o vai visitar a Tapadinha na quarta eliminat\u00f3ria da Ta\u00e7a de Portugal. Conforme avan\u00e7ado na imprensa nacional e confirmado pelo <strong>Maisfutebol<\/strong>, a inexist\u00eancia de ilumina\u00e7\u00e3o artificial \u00e9 o principal motivo para o Atl\u00e9tico procurar um palco alternativo. Em simult\u00e2neo, sabe o nosso jornal, o facto de uma das bancadas estar reduzida a duas filas \u2013 reduzindo a lota\u00e7\u00e3o de tr\u00eas mil para pouco mais de mil pessoas \u2013 d\u00e1 for\u00e7a \u00e0 decis\u00e3o.<\/p>\n<p>Na noite de sexta-feira, o Benfica inaugurou a terceira eliminat\u00f3ria em Chaves, uma vez que joga na ter\u00e7a-feira para a Liga dos Campe\u00f5es. Na sequ\u00eancia da pr\u00f3xima paragem para sele\u00e7\u00f5es, as \u00e1guias dever\u00e3o jogar ante o Atl\u00e9tico na noite de 21 de novembro (sexta-feira), pois visitam o Ajax a 25 (ter\u00e7a-feira).<\/p>\n<p>Nesta fase, apurou o <strong>Maisfutebol<\/strong>, Jamor, Reboleira (Amadora) e Alverca s\u00e3o os potenciais palcos alternativos, at\u00e9 porque \u201ctricolores\u201d e ribatejanos foram eliminados da Ta\u00e7a. Para alcan\u00e7ar esta fase, o Atl\u00e9tico venceu Rebordosa e Felgueiras (2-0). Por sua vez, o Benfica eliminou o Desp. Chaves (2-0).<\/p>\n<p>At\u00e9 esse reencontro \u2013 o 67.\u00ba, algo que n\u00e3o acontece desde 1982 \u2013 o Benfica visita Newcastle e Guimar\u00e3es, al\u00e9m de receber Arouca, Tondela (Ta\u00e7a da Liga), Bayer Leverkusen e Casa Pia. Por sua vez, o Atl\u00e9tico recebe Sp. Covilh\u00e3 e visita Mafra e Amora.<\/p>\n<p>Os comandados de Pedro D\u2019Oliveira ocupam o 5.\u00ba lugar da S\u00e9rie B (Sul) da Liga 3, com nove pontos, a cinco do l\u00edder Caldas. Por agora, prevalece o sonho de vencer o Benfica, algo que aconteceu em 1947, 1946 e 1944.<\/p>\n","protected":false},"excerpt":{"rendered":"O Benfica n\u00e3o vai visitar a Tapadinha na quarta eliminat\u00f3ria da Ta\u00e7a de Portugal. Conforme avan\u00e7ado na imprensa&hellip;\n","protected":false},"author":2,"featured_media":119518,"comment_status":"","ping_status":"","sticky":false,"template":"","format":"standard","meta":{"footnotes":""},"categories":[87],"tags":[5739,4249,27514,51,135,5742,27821,46,32,33,47,134,3142,27516],"class_list":{"0":"post-119517","1":"post","2":"type-post","3":"status-publish","4":"format-standard","5":"has-post-thumbnail","7":"category-desporto","8":"tag-alverca","9":"tag-amadora","10":"tag-atletico","11":"tag-benfica","12":"tag-desporto","13":"tag-estrela-amadora","14":"tag-jamor","15":"tag-maisfutebol","16":"tag-portugal","17":"tag-pt","18":"tag-pura-paixao","19":"tag-sports","20":"tag-taca-de-portugal","21":"tag-tapadinha"},"share_on_mastodon":{"url":"https:\/\/pubeurope.com\/@pt\/115409101168319127","error":""},"_links":{"self":[{"href":"https:\/\/www.europesays.com\/pt\/wp-json\/wp\/v2\/posts\/119517","targetHints":{"allow":["GET"]}}],"collection":[{"href":"https:\/\/www.europesays.com\/pt\/wp-json\/wp\/v2\/posts"}],"about":[{"href":"https:\/\/www.europesays.com\/pt\/wp-json\/wp\/v2\/types\/post"}],"author":[{"embeddable":true,"href":"https:\/\/www.europesays.com\/pt\/wp-json\/wp\/v2\/users\/2"}],"replies":[{"embeddable":true,"href":"https:\/\/www.europesays.com\/pt\/wp-json\/wp\/v2\/comments?post=119517"}],"version-history":[{"count":0,"href":"https:\/\/www.europesays.com\/pt\/wp-json\/wp\/v2\/posts\/119517\/revisions"}],"wp:featuredmedia":[{"embeddable":true,"href":"https:\/\/www.europesays.com\/pt\/wp-json\/wp\/v2\/media\/119518"}],"wp:attachment":[{"href":"https:\/\/www.europesays.com\/pt\/wp-json\/wp\/v2\/media?parent=119517"}],"wp:term":[{"taxonomy":"category","embeddable":true,"href":"https:\/\/www.europesays.com\/pt\/wp-json\/wp\/v2\/categories?post=119517"},{"taxonomy":"post_tag","embeddable":true,"href":"https:\/\/www.europesays.com\/pt\/wp-json\/wp\/v2\/tags?post=119517"}],"curies":[{"name":"wp","href":"https:\/\/api.w.org\/{rel}","templated":true}]}}