{"id":119519,"date":"2025-10-20T23:31:09","date_gmt":"2025-10-20T23:31:09","guid":{"rendered":"https:\/\/www.europesays.com\/pt\/119519\/"},"modified":"2025-10-20T23:31:09","modified_gmt":"2025-10-20T23:31:09","slug":"sociedade-de-pediatria-muda-definicao-de-febre-em-criancas-20-10-2025-equilibrio-e-saude","status":"publish","type":"post","link":"https:\/\/www.europesays.com\/pt\/119519\/","title":{"rendered":"Sociedade de Pediatria muda defini\u00e7\u00e3o de febre em crian\u00e7as &#8211; 20\/10\/2025 &#8211; Equil\u00edbrio e Sa\u00fade"},"content":{"rendered":"<p>A SBP (Sociedade Brasileira de Pediatria) mudou a classifica\u00e7\u00e3o de <a href=\"https:\/\/www1.folha.uol.com.br\/equilibrioesaude\/2025\/08\/febre-em-criancas-saiba-o-que-fazer-e-quando-levar-ao-pronto-socorro.shtml\" rel=\"nofollow noopener\" target=\"\">febre em crian\u00e7as<\/a>. A nova defini\u00e7\u00e3o \u2014 baseada em estudos mundiais\u2014 consta no documento cient\u00edfico &#8220;Abordagem da Febre Aguda em Pediatria e Reflex\u00f5es sobre a febre nas arboviroses&#8221;, publicado neste ano pela entidade.<\/p>\n<p>Antes, no Brasil, a SBP considerava febre quando o term\u00f4metro chegava a (ou ultrapassava) 37,8\u00b0C. Agora, a entidade reconhece a marca com valor igual ou maior a 37,5\u00b0C quando aferida pela axila (38\u00b0C se medida via oral ou <a href=\"https:\/\/www1.folha.uol.com.br\/equilibrioesaude\/2024\/11\/3-em-cada-10-homens-nunca-fizeram-nem-pretendem-fazer-exame-de-toque-retal-diz-pesquisa.shtml\" rel=\"nofollow noopener\" target=\"\">retal<\/a>) por tr\u00eas minutos.<\/p>\n<p>Segundo o pediatra o Tadeu Fernando Fernandes, presidente do Departamento de Pediatria Ambulatorial da SBP e um dos autores da diretriz, a altera\u00e7\u00e3o \u00e9 v\u00e1lida para estudos <a href=\"https:\/\/www1.folha.uol.com.br\/equilibrioesaude\/2024\/12\/anvisa-atualiza-regras-de-pesquisa-clinica-no-brasil-saiba-o-que-muda.shtml\" rel=\"nofollow noopener\" target=\"\">cl\u00ednicos<\/a> e n\u00e3o \u00e9 uma refer\u00eancia para medicar ou correr com a crian\u00e7a a um servi\u00e7o de emerg\u00eancia.<\/p>\n<p>A febre \u00e9 uma resposta do organismo a um agente agressor f\u00edsico, qu\u00edmico ou biol\u00f3gico \u2014na maioria dos casos, v\u00edrus e bact\u00e9rias. N\u00e3o \u00e9 um sinal de doen\u00e7a, ressalta o m\u00e9dico, e deve ser interpretada no contexto do quadro geral da crian\u00e7a.<\/p>\n<p>&#8220;O documento traz algumas mensagens principais. A febre \u00e9 nossa amiga. Deixe ela trabalhar te defendendo. N\u00e3o significa doen\u00e7a, mas que o corpo detectou um ponto de invas\u00e3o de um agente agressor e ele reage para se defender contra o ataque. E voc\u00ea vai responder produzindo anticorpos, mobilizando seu <a href=\"https:\/\/www1.folha.uol.com.br\/ambiente\/2024\/05\/queda-na-locomocao-e-falhas-no-sistema-imune-estudo-mostra-como-agrotoxicos-afetam-abelhas-nativas.shtml\" rel=\"nofollow noopener\" target=\"\">sistema imune<\/a>, aumentando a sua <a href=\"https:\/\/www1.folha.uol.com.br\/equilibrioesaude\/2024\/11\/como-alcancar-a-boa-imunidade-saiba-quais-sao-os-quatro-pilares-que-afetam-o-combate-a-infeccoes.shtml\" rel=\"nofollow noopener\" target=\"\">imunidade<\/a> para te defender contra esse agente externo. A febre \u00e9 um dos componentes desse sistema de defesa&#8221;, explica.<\/p>\n<p>&#8220;Primeiro vem a febre, que \u00e9 a resposta imediata; depois aparecer\u00e3o outros sinais e sintomas&#8221;.<\/p>\n<p>Estima-se que 20% a 30% das consultas pedi\u00e1tricas t\u00eam a febre como sintoma principal. O dado \u2014utilizado at\u00e9 hoje\u2014 consta num artigo do m\u00e9dico Jayme Murahovschi publicado no Jornal de Pediatria, da SBP, em 2003.<\/p>\n<p>Em cerca de 65% das idas aos servi\u00e7os de emerg\u00eancia e 75% dos atendimentos telef\u00f4nicos e de <a href=\"https:\/\/www1.folha.uol.com.br\/folha-topicos\/whatsapp\/\" rel=\"nofollow noopener\" target=\"\">WhatsApp <\/a>dos <a href=\"https:\/\/www1.folha.uol.com.br\/equilibrioesaude\/2025\/07\/sul-e-sudeste-tem-ate-cinco-vezes-mais-pediatras-por-crianca-que-norte-e-nordeste.shtml\" rel=\"nofollow noopener\" target=\"\">pediatras<\/a>, a febre tamb\u00e9m \u00e9 o principal motivo, de acordo com a entidade.<\/p>\n<p>Um dos objetivos da mudan\u00e7a de par\u00e2metro \u00e9 combater a febrefobia. A <a href=\"https:\/\/www1.folha.uol.com.br\/folha-topicos\/ansiedade\/\" rel=\"nofollow noopener\" target=\"\">ansiedade<\/a> dos pais perante o medo da febre pode levar a consultas e interven\u00e7\u00f5es m\u00e9dicas desnecess\u00e1rias.<\/p>\n<p><strong>Quando dar antit\u00e9rmico?<\/strong><\/p>\n<p>N\u00e3o existe um n\u00famero m\u00e1gico, como antigamente, segundo Tadeu Fernando Fernandes.<\/p>\n<p>&#8220;O 37,5\u00baC \u00e9 apenas uma defini\u00e7\u00e3o de febre. Quem vai te responder quando dar o antit\u00e9rmico \u00e9 a crian\u00e7a. Se seu filho est\u00e1 com 38,5 \u00baC, mas brinca no parquinho, voc\u00ea vai tir\u00e1-lo de l\u00e1 para dar antit\u00e9rmico? Deixe o moleque brincar. Na hora que ele deitar no seu colo e ficar abatido e amuadinho, alguma coisa est\u00e1 errada&#8221;, explica.<\/p>\n<p>&#8220;Voc\u00ea vai me perguntar: e se ele tiver uma convuls\u00e3o? S\u00f3 tem convuls\u00e3o febril quem pode, n\u00e3o quem quer, ou seja, \u00e9 preciso um estigma gen\u00e9tico. Voc\u00ea vai saber que o pai ou a av\u00f3 ou a m\u00e3e ou o tio teve convuls\u00e3o por febre, que \u00e9 uma coisa totalmente benigna. Eu j\u00e1 tive v\u00e1rios pacientes com 37,2\u00baC, 37,5\u00baC que convulsionaram&#8221;, comenta.<\/p>\n<p>De acordo com o documento da SBP, a recomenda\u00e7\u00e3o de antit\u00e9rmicos em crian\u00e7as deve ser feita quando a febre est\u00e1 associada a desconforto evidente &#8211;choro intenso, irritabilidade, redu\u00e7\u00e3o da atividade, do apetite, <a href=\"https:\/\/www1.folha.uol.com.br\/equilibrio\/2025\/03\/por-que-a-insonia-acontece-entenda-os-fatores-que-afetam-o-sono.shtml\" rel=\"nofollow noopener\" target=\"\">dist\u00farbio do sono<\/a>.<\/p>\n<p>    Cuide-se<\/p>\n<p class=\"c-newsletter__subtitle\">Ci\u00eancia, h\u00e1bitos e preven\u00e7\u00e3o numa newsletter para a sua sa\u00fade e bem-estar<\/p>\n<p>No Brasil, est\u00e3o recomendados o <a href=\"https:\/\/www1.folha.uol.com.br\/equilibrioesaude\/2025\/09\/especialistas-brasileiros-contestam-associacao-feita-por-trump-entre-paracetamol-e-autismo.shtml\" rel=\"nofollow noopener\" target=\"\">paracetamol<\/a>, a dipirona e o ibuprofeno. O AAS (\u00c1cido Acetil Salic\u00edlico) oferece risco de S\u00edndrome de Reye \u2014doen\u00e7a rara que afeta o <a href=\"https:\/\/www1.folha.uol.com.br\/equilibrioesaude\/2025\/05\/gordura-no-figado-preocupa-62-dos-brasileiros-mas-conhecimento-sobre-diagnostico-ainda-e-limitado-diz-datafolha.shtml\" rel=\"nofollow noopener\" target=\"\">f\u00edgado<\/a> e o c\u00e9rebro. \u00c9 mais comum em <a href=\"https:\/\/www1.folha.uol.com.br\/mercado\/2024\/09\/no-brasil-4-entre-10-criancas-e-adolescentes-na-escola-dizem-tambem-trabalhar.shtml\" rel=\"nofollow noopener\" target=\"\">crian\u00e7as e adolescentes<\/a> ap\u00f3s infec\u00e7\u00f5es virais.<\/p>\n<p>Os pais n\u00e3o devem alternar ou associar os antit\u00e9rmicos devido ao risco de superdosagem. A pr\u00e1tica n\u00e3o traz benef\u00edcio.<\/p>\n<p><strong>Quando levar a um pronto-socorro?<\/strong><\/p>\n<p>Mesmo que a febre esteja inferior a 37\u00baC, se o quadro apresentar <a href=\"https:\/\/www1.folha.uol.com.br\/cotidiano\/2025\/01\/contaminacao-na-agua-do-edificio-martinelli-em-sp-causa-vomito-e-diarreia-em-servidores-da-prefeitura.shtml\" rel=\"nofollow noopener\" target=\"\">v\u00f4mito, diarreia<\/a>, tosse, oxigena\u00e7\u00e3o baixa, <a href=\"https:\/\/www1.folha.uol.com.br\/esporte\/2025\/09\/dor-de-cabeca-que-nao-passa-diz-wanderlei-silva-apos-nocaute-em-briga.shtml\" rel=\"nofollow noopener\" target=\"\">dor de cabe\u00e7a<\/a>, dificuldade para mexer o pesco\u00e7o e\/ou respirat\u00f3ria, manchas vermelhas mo corpo e qualquer outro sinal ou sintoma que indique gravidade e a crian\u00e7a estiver quieta e amuada, \u00e9 o momento de levar a um servi\u00e7o de emerg\u00eancia.<\/p>\n","protected":false},"excerpt":{"rendered":"A SBP (Sociedade Brasileira de Pediatria) mudou a classifica\u00e7\u00e3o de febre em crian\u00e7as. A nova defini\u00e7\u00e3o \u2014 baseada&hellip;\n","protected":false},"author":2,"featured_media":119520,"comment_status":"","ping_status":"","sticky":false,"template":"","format":"standard","meta":{"footnotes":""},"categories":[86],"tags":[27822,1031,2557,27823,950,1029,236,116,1208,32,33,117,24743],"class_list":{"0":"post-119519","1":"post","2":"type-post","3":"status-publish","4":"format-standard","5":"has-post-thumbnail","7":"category-saude","8":"tag-a-febre","9":"tag-autocuidado","10":"tag-bebe","11":"tag-convulsao","12":"tag-crianca","13":"tag-cuide-se","14":"tag-folha","15":"tag-health","16":"tag-medicina","17":"tag-portugal","18":"tag-pt","19":"tag-saude","20":"tag-sociedade-brasileira-de-pediatria"},"share_on_mastodon":{"url":"https:\/\/pubeurope.com\/@pt\/115409104635001040","error":""},"_links":{"self":[{"href":"https:\/\/www.europesays.com\/pt\/wp-json\/wp\/v2\/posts\/119519","targetHints":{"allow":["GET"]}}],"collection":[{"href":"https:\/\/www.europesays.com\/pt\/wp-json\/wp\/v2\/posts"}],"about":[{"href":"https:\/\/www.europesays.com\/pt\/wp-json\/wp\/v2\/types\/post"}],"author":[{"embeddable":true,"href":"https:\/\/www.europesays.com\/pt\/wp-json\/wp\/v2\/users\/2"}],"replies":[{"embeddable":true,"href":"https:\/\/www.europesays.com\/pt\/wp-json\/wp\/v2\/comments?post=119519"}],"version-history":[{"count":0,"href":"https:\/\/www.europesays.com\/pt\/wp-json\/wp\/v2\/posts\/119519\/revisions"}],"wp:featuredmedia":[{"embeddable":true,"href":"https:\/\/www.europesays.com\/pt\/wp-json\/wp\/v2\/media\/119520"}],"wp:attachment":[{"href":"https:\/\/www.europesays.com\/pt\/wp-json\/wp\/v2\/media?parent=119519"}],"wp:term":[{"taxonomy":"category","embeddable":true,"href":"https:\/\/www.europesays.com\/pt\/wp-json\/wp\/v2\/categories?post=119519"},{"taxonomy":"post_tag","embeddable":true,"href":"https:\/\/www.europesays.com\/pt\/wp-json\/wp\/v2\/tags?post=119519"}],"curies":[{"name":"wp","href":"https:\/\/api.w.org\/{rel}","templated":true}]}}