{"id":119525,"date":"2025-10-20T23:35:35","date_gmt":"2025-10-20T23:35:35","guid":{"rendered":"https:\/\/www.europesays.com\/pt\/119525\/"},"modified":"2025-10-20T23:35:35","modified_gmt":"2025-10-20T23:35:35","slug":"deixar-como-esta-agora-trump-sugere-divisao-do-donbass-com-maior-fatia-para-putin","status":"publish","type":"post","link":"https:\/\/www.europesays.com\/pt\/119525\/","title":{"rendered":"&#8220;Deixar como est\u00e1 agora&#8221;. Trump sugere divis\u00e3o do Donbass com maior fatia para Putin"},"content":{"rendered":"<p>                    &#8220;<b>Que seja dividido como est\u00e1<\/b>&#8220;, disse Trump aos jornalistas a bordo do Air Force One no domingo. &#8220;Est\u00e1 dividido agora&#8221;, real\u00e7ou, acrescentando que <b>\u00e9 poss\u00edvel &#8220;deixar como est\u00e1 agora&#8221;. <\/b><br \/>\n          <img decoding=\"async\" itemprop=\"image\" class=\"img-fluid\"   src=\"https:\/\/www.europesays.com\/pt\/wp-content\/uploads\/2025\/10\/74bd8e97407b30f5abe381145d3cb05e_N.jpg\"\/><\/p>\n<p>\n&#8220;Podem negociar algo mais tarde&#8221;, disse. Mas, por enquanto, ambos os lados do conflito devem &#8220;parar na linha de batalha \u2013 ir para casa, parar de lutar, parar de matar pessoas&#8221;.&#8221;O resto \u00e9 muito dif\u00edcil de negociar se vai dizer: Tu ficas com isto, n\u00f3s ficamos com aquilo&#8221;.<br \/>&#13;<\/p>\n<p>Os coment\u00e1rios de Trump foram feitos ap\u00f3s uma reuni\u00e3o tensa com o presidente ucraniano na Casa Branca na sexta-feira e s\u00e3o vistos como uma reviravolta abrupta em rela\u00e7\u00e3o \u00e0 sua posi\u00e7\u00e3o em setembro, quando afirmou acreditar que a Ucr\u00e2nia poderia retomar todo o seu territ\u00f3rio e at\u00e9 &#8220;adentrar&#8221; terras russas. Descreveu ainda a R\u00fassia como um &#8220;tigre de papel&#8221;.<\/p>\n<p><b>Zelensky tinha voado para Washington na esperan\u00e7a de capitalizar a crescente frustra\u00e7\u00e3o de Trump com Vladimir Putin <\/b>depois de a cimeira do presidente norte-americano no Alasca n\u00e3o ter produzido um avan\u00e7o na guerra.<\/p>\n<p>Mas o<b> l\u00edder ucraniano saiu de m\u00e3os a abanar<\/b>, sem conseguir obter m\u00edsseis de cruzeiro Tomahawk de longo alcance. Os m\u00edsseis seriam as armas de maior alcance no arsenal da Ucr\u00e2nia e permitiriam atingir alvos no interior da R\u00fassia, incluindo Moscovo, com precis\u00e3o.<\/p>\n<p>Trump recusou ainda fornecer m\u00edsseis Tomahawk para uso da Ucr\u00e2nia e ponderou dar garantias de seguran\u00e7a tanto para Kiev como para Moscovo. <\/p>\n<p>O presidente norte-americano pareceu muito mais otimista com as perspetivas de um acordo desde uma longa chamada telef\u00f3nica com Putin na quinta-feira, na qual concordaram em reunir-se em breve em Budapeste. <b>Para a Uni\u00e3o Europeia o encontro \u201cn\u00e3o \u00e9 agrad\u00e1vel\u201d, pois implica que o presidente russo, que est\u00e1 sujeito a um mandato de captura pelo Tribunal penal Internacional, possa viajar para a Turquia, pa\u00eds membro da Uni\u00e3o Europeia. <\/b><\/p>\n<p>&#13;<br \/>\nDepois de se ter reunido com Zelensky na Casa Branca, Trump afirmou nas redes sociais que as conversas foram &#8220;muito interessantes e cordiais, mas eu disse-lhe, como tamb\u00e9m sugeri veementemente ao presidente Putin, que era tempo de parar com a matan\u00e7a e fechar um ACORDO&#8221;.\u00a0&#13;\n<\/p>\n<p><b>Depois, no domingo \u00e0 noite, durante um voo da Florida para Washington, Trump reiterou a sua posi\u00e7\u00e3o de que a Ucr\u00e2nia precisaria de ceder territ\u00f3rio, fazendo com que os combates &#8220;parassem nas linhas onde est\u00e3o&#8221;.<\/b>Questionado se tinha dito a Zelensky que a Ucr\u00e2nia deveria ceder toda a regi\u00e3o do Donbass \u00e0 R\u00fassia, Trump disse que n\u00e3o.<br \/>\n<b><br \/>&#13;<br \/>\nZelensky apelou a medidas decisivas aos aliados europeus e norte-americanos, afirmando que estava na altura de mais uma reuni\u00e3o entre a &#8220;coliga\u00e7\u00e3o dos dispostos&#8221; liderada pela Europa.<\/b><\/p>\n<p>&#8220;A Ucr\u00e2nia nunca conceder\u00e1 a terroristas qualquer recompensa pelos seus crimes, e contamos com os nossos parceiros para defender essa mesma posi\u00e7\u00e3o&#8221;, escreveu Zelenskyy nas redes sociais no domingo.<br \/>&#13;\n<\/p>\n<p>Press\u00e3o para ceder territ\u00f3rio<br \/>\nNos bastidores, Trump pressionou Zelensky para ceder faixas de territ\u00f3rio \u00e0 R\u00fassia, segundo revelaram \u00e0 Reuters duas fontes informadas sobre a reuni\u00e3o. <\/p>\n<p><b>As fontes descreveram a reuni\u00e3o como tensa, com a delega\u00e7\u00e3o ucraniana a sair frustrada.<\/b><\/p>\n<p>As <b>duas fontes ficaram com a impress\u00e3o de que Trump foi influenciado pela chamada telef\u00f3nica de quinta-feira com Putin<\/b>, durante a qual, segundo o Washington Post, Putin prop\u00f4s uma troca territorial em que a Ucr\u00e2nia cederia as regi\u00f5es de Donetsk e Lugansk em troca da retirada russa de pequenas partes de Zaporizhia e Kherson.Os ucranianos veem um grande valor estrat\u00e9gico na &#13;<br \/>\npor\u00e7\u00e3o de Donetsk e Lugansk que ainda controlam \u2014 acreditam que abdicar &#13;<br \/>\ndeste territ\u00f3rio tornaria o resto da Ucr\u00e2nia muito mais vulner\u00e1vel \u00e0s &#13;<br \/>\nofensivas russas, acrescentou uma das fontes, que argumentou que abdicar&#13;<br \/>\ndo oeste de Donetsk e Lugansk equivaleria a um ato de &#8220;suic\u00eddio&#8221;.<\/p>\n<p>Segundo a Reuters, as fontes afirmaram que o enviado especial dos EUA, Steve Witkoff, estava entre os que mais instaram os ucranianos a concordar com a proposta de &#8220;troca&#8221; de territ\u00f3rio.<\/p>\n<p><b>Questionado, em entrevista \u00e0 Fox News realizada na quinta-feira, sobre se Putin estaria aberto a acabar com a guerra &#8220;sem tomar posse significativa de propriedades da Ucr\u00e2nia&#8221;, Trump respondeu: &#8220;Bem, ele vai tomar alguma coisa.<\/b><\/p>\n<p>&#8220;Eles lutaram e ele tem muitas propriedades. Ele conquistou certas propriedades&#8221;, disse Trump. &#8220;Somos a \u00fanica na\u00e7\u00e3o que entra, ganha uma guerra e depois vai embora&#8221;.<\/p>\n<p><b>A entrevista foi transmitida no domingo, mas foi realizada antes de Trump falar com Putin na quinta-feira e se encontrar com Zelensky na sexta-feira.<\/b><br \/>&#13;<br \/>\nDesloca\u00e7\u00e3o de Putin a Budapeste \u201cn\u00e3o \u00e9 agrad\u00e1vel\u201d <br \/>&#13;<br \/>\nA representante da Uni\u00e3o Europeia para as Rela\u00e7\u00f5es Externas e a Pol\u00edtica de Seguran\u00e7a, Kaja Kallas, afirmou esta segunda-feira que &#8220;n\u00e3o \u00e9 agrad\u00e1vel&#8221; que o presidente russo, Vladimir Putin, possa viajar para a Hungria, pa\u00eds-membro da UE, para conversa\u00e7\u00f5es sobre a Ucr\u00e2nia.<\/p>\n<p><b>Kallas disse aos jornalistas antes de uma reuni\u00e3o de ministros dos Neg\u00f3cios Estrangeiros europeus no Luxemburgo que os esfor\u00e7os de Trump para trazer a paz s\u00e3o bem-vindos, mas que tamb\u00e9m \u00e9 importante que o presidente ucraniano, Volodymyr Zelensky, se encontre com o l\u00edder russo.<\/b><\/p>\n<p>&#8220;Os Estados Unidos t\u00eam muita for\u00e7a para pressionar a R\u00fassia a vir \u00e0 mesa das negocia\u00e7\u00f5es; se usarem isso, \u00e9 claro que ser\u00e1 bom se a R\u00fassia parar esta guerra&#8221;, acrescentou Kallas.\u00a0<\/p>\n<p>&#13;<br \/>\nPutin enfrenta um mandado de deten\u00e7\u00e3o do Tribunal Penal Internacional, do qual a Hungria est\u00e1 em processo de sa\u00edda.&#13;\n<\/p>\n<p>&#8220;<b>Em rela\u00e7\u00e3o a Budapeste, n\u00e3o, n\u00e3o \u00e9 agrad\u00e1vel&#8230; ver que realmente uma pessoa sujeita a um mandado de captura pelo TPI est\u00e1 a vir para um pa\u00eds europeu<\/b>&#8220;, sublinhou Kaja Kallas, acrescentando que a &#8220;quest\u00e3o \u00e9 se h\u00e1 algum resultado&#8221;.<\/p>\n<p>O ministro dos Neg\u00f3cios Estrangeiros da Litu\u00e2nia, Kestutis Budrys, frisou que n\u00e3o havia lugar para Putin em nenhuma capital europeia.<\/p>\n<p>&#8220;O \u00fanico lugar para Putin na Europa \u00e9 em Haia, em frente ao tribunal, n\u00e3o em nenhuma das nossas capitais&#8221;, disse antes da reuni\u00e3o dos ministros.Kaja Kallas revelou ainda aos jornalistas que &#13;<br \/>\nesperava que o 19.\u00ba pacote de san\u00e7\u00f5es contra a R\u00fassia fosse adotado esta&#13;<br \/>\nsemana, mas afirmou que a aprova\u00e7\u00e3o n\u00e3o chegaria na segunda-feira.<\/p>\n<p><b>O presidente ucraniano quer marcar presen\u00e7a no eventual encontro entre Putin e Trump.<\/b> Zelensky insiste que a Ucr\u00e2nia n\u00e3o pode ficar de fora de eventuais negocia\u00e7\u00f5es. <\/p>\n<p>&#8220;<b>Fal\u00e1mos sobre isso. Ir\u00e3o discutir isso com Putin. Ele queria saber a minha opini\u00e3o.<\/b> Na minha opini\u00e3o, se queremos realmente uma paz duradoura, precisamos de ter os dois lados desta trag\u00e9dia. Sim, ele \u00e9 um ocupador, mas a Ucr\u00e2nia sofre e luta&#8221;, afirmou o presidente ucraniano em entrevista \u00e0 NBC, gravada na sexta-feira e transmitida no domingo.<\/p>\n<p>          <img decoding=\"async\" itemprop=\"image\" class=\"img-fluid\"   src=\"https:\/\/www.europesays.com\/pt\/wp-content\/uploads\/2025\/10\/7544c58635754edd84a0b138ca6188da_N.jpg\"\/><\/p>\n<p>&#8220;<b>Como pode haver alguns acordos sobre n\u00f3s, sem n\u00f3s?<\/b>&#8220;, questionou Zelensky. <\/p>\n<p>c\/ ag\u00eancias&#13;<br \/>\n&#13;<\/p>\n","protected":false},"excerpt":{"rendered":"&#8220;Que seja dividido como est\u00e1&#8220;, disse Trump aos jornalistas a bordo do Air Force One no domingo. &#8220;Est\u00e1&hellip;\n","protected":false},"author":2,"featured_media":119526,"comment_status":"","ping_status":"","sticky":false,"template":"","format":"standard","meta":{"footnotes":""},"categories":[50],"tags":[27,28,25181,92,12042,15,16,14,25,26,21,22,62,12,13,19,20,23,24,839,27824,17,18,840,29,30,31,2415,2416,63,64,65],"class_list":{"0":"post-119525","1":"post","2":"type-post","3":"status-publish","4":"format-standard","5":"has-post-thumbnail","7":"category-mundo","8":"tag-breaking-news","9":"tag-breakingnews","10":"tag-budapeste","11":"tag-donald-trump","12":"tag-donbass","13":"tag-featured-news","14":"tag-featurednews","15":"tag-headlines","16":"tag-latest-news","17":"tag-latestnews","18":"tag-main-news","19":"tag-mainnews","20":"tag-mundo","21":"tag-news","22":"tag-noticias","23":"tag-noticias-principais","24":"tag-noticiasprincipais","25":"tag-principais-noticias","26":"tag-principaisnoticias","27":"tag-russia","28":"tag-tomahaw","29":"tag-top-stories","30":"tag-topstories","31":"tag-ucrania","32":"tag-ultimas","33":"tag-ultimas-noticias","34":"tag-ultimasnoticias","35":"tag-vladimir-putin","36":"tag-volodymyr-zelensky","37":"tag-world","38":"tag-world-news","39":"tag-worldnews"},"share_on_mastodon":{"url":"","error":"Validation failed: Text character limit of 500 exceeded"},"_links":{"self":[{"href":"https:\/\/www.europesays.com\/pt\/wp-json\/wp\/v2\/posts\/119525","targetHints":{"allow":["GET"]}}],"collection":[{"href":"https:\/\/www.europesays.com\/pt\/wp-json\/wp\/v2\/posts"}],"about":[{"href":"https:\/\/www.europesays.com\/pt\/wp-json\/wp\/v2\/types\/post"}],"author":[{"embeddable":true,"href":"https:\/\/www.europesays.com\/pt\/wp-json\/wp\/v2\/users\/2"}],"replies":[{"embeddable":true,"href":"https:\/\/www.europesays.com\/pt\/wp-json\/wp\/v2\/comments?post=119525"}],"version-history":[{"count":0,"href":"https:\/\/www.europesays.com\/pt\/wp-json\/wp\/v2\/posts\/119525\/revisions"}],"wp:featuredmedia":[{"embeddable":true,"href":"https:\/\/www.europesays.com\/pt\/wp-json\/wp\/v2\/media\/119526"}],"wp:attachment":[{"href":"https:\/\/www.europesays.com\/pt\/wp-json\/wp\/v2\/media?parent=119525"}],"wp:term":[{"taxonomy":"category","embeddable":true,"href":"https:\/\/www.europesays.com\/pt\/wp-json\/wp\/v2\/categories?post=119525"},{"taxonomy":"post_tag","embeddable":true,"href":"https:\/\/www.europesays.com\/pt\/wp-json\/wp\/v2\/tags?post=119525"}],"curies":[{"name":"wp","href":"https:\/\/api.w.org\/{rel}","templated":true}]}}