{"id":119530,"date":"2025-10-20T23:42:15","date_gmt":"2025-10-20T23:42:15","guid":{"rendered":"https:\/\/www.europesays.com\/pt\/119530\/"},"modified":"2025-10-20T23:42:15","modified_gmt":"2025-10-20T23:42:15","slug":"em-plenas-ferias-david-carreira-apanha-um-grande-susto-novelas","status":"publish","type":"post","link":"https:\/\/www.europesays.com\/pt\/119530\/","title":{"rendered":"Em plenas f\u00e9rias, David Carreira apanha um grande susto &#8211; Novelas"},"content":{"rendered":"<p data-end=\"581\" data-start=\"221\"><a href=\"https:\/\/tvi.iol.pt\/novelas\/david-carreira\/futebol\/david-carreira-regressa-ao-futebol-e-deixa-fas-em-delirio\" rel=\"nofollow noopener\" target=\"_blank\"><strong data-end=\"242\" data-start=\"221\">Carolina Carvalho<\/strong> e <strong data-end=\"263\" data-start=\"245\">David Carreira<\/strong> <\/a>passaram uns merecidos dias de descanso em <strong data-end=\"336\" data-start=\"317\">Madrid, Espanha<\/strong>, e partilharam v\u00e1rios momentos com os f\u00e3s nas redes sociais. O casal, que \u00e9 pai do pequeno <strong data-end=\"451\" data-start=\"431\">Lucas, de 2 anos<\/strong>, decidiu rumar \u00e0 capital espanhola para combinar <strong data-end=\"532\" data-start=\"501\">divers\u00e3o e tempo em fam\u00edlia<\/strong> para descansarem da agenda intensa de concertos de David.<\/p>\n<p data-end=\"894\" data-start=\"583\">O casal publicou recentemente v\u00e1rias fotografias que revelaram a import\u00e2ncia que atribuem ao <strong data-end=\"196\" data-start=\"176\">tempo em fam\u00edlia<\/strong>, aproveitando cada momento juntos. O pequeno <strong data-end=\"311\" data-start=\"302\">Lucas<\/strong> foi, naturalmente, o protagonista de grande parte deste fim de semana, desfrutando ao m\u00e1ximo de cada instante da viagem.<\/p>\n<p data-end=\"1267\" data-start=\"896\">Uma das paragens do passeio levou a fam\u00edlia ao <strong data-end=\"960\" data-start=\"943\">Parque Warner<\/strong>, onde o pequeno Lucas vestido de &#8216;Homem Aranha&#8217; ficou visivelmente em \u00eaxtase ao encontrar alguns dos seus <strong data-end=\"1061\" data-start=\"1041\">her\u00f3is favoritos<\/strong>. Em clima de Halloween, <strong>David Carreira partilhou um v\u00eddeo em que \u00e9 \u00abassustado\u00bb por um colaborador do parque vestido de<\/strong> <strong data-end=\"1205\" data-start=\"1192\">lobisomem<\/strong>, mostrando um lado mais descontra\u00eddo e divertido do cantor.<\/p>\n<p data-end=\"1318\" data-start=\"1269\">David legendou o v\u00eddeo com a seguinte mensagem: \u00abAntes dos \u00faltimos shows de 2025 aproveito para estar com a fam\u00edlia. Quando e onde nos vemos por a\u00ed?\u00bb<\/p>\n<p data-end=\"1626\" data-start=\"1431\">As publica\u00e7\u00f5es geraram uma onda de coment\u00e1rios carinhosos por parte dos seguidores, destacando-se mensagens como: <strong data-end=\"1563\" data-start=\"1545\">\u00abT\u00e3o lindos!!\u00bb<\/strong>, <strong data-end=\"1581\" data-start=\"1565\">\u00abBonitos \ud83d\ude4c\u00bb<\/strong>, <strong data-end=\"1602\" data-start=\"1583\">\u00abFam\u00edlia linda\u00bb<\/strong>, entre muitos outros.<\/p>\n<p data-end=\"1626\" data-start=\"1431\">Reveja aqui mais um grande momento em fam\u00edlia durante um grande concerto do David:\u00a0<\/p>\n<p data-end=\"1894\" data-start=\"1628\">Com esta escapadela, <strong data-end=\"1721\" data-start=\"1649\">Carolina Carvalho e David Carreira refor\u00e7am a import\u00e2ncia da fam\u00edlia<\/strong>, aproveitando cada oportunidade para criar mem\u00f3rias especiais com o filho Lucas, num momento de descontra\u00e7\u00e3o e divers\u00e3o antes de encerrar mais um ano de trabalho intenso.<\/p>\n<p>Veja aqui:\u00a0<\/p>\n<p><a href=\"https:\/\/tvi.iol.pt\/novelas\/cristina-ferreira\/remodelacoes\/cristina-ferreira-revela-duas-das-suas-paixoes-fora-da-televisao\" wbo-id=\"51\" rel=\"nofollow noopener\" target=\"_blank\">Cristina Ferreira revela duas das suas paix\u00f5es fora da televis\u00e3o &#8211; Novelas &#8211; TVI<\/a><\/p>\n<p><a href=\"https:\/\/tvi.iol.pt\/novelas\/paulo-vintem\/marta-melro\/paulo-vintem-quebra-silencio-sobre-separacao-de-marta-melro-o-amor-evolui-e-transforma-se\" wbo-id=\"52\" rel=\"nofollow noopener\" target=\"_blank\">Paulo Vint\u00e9m quebra sil\u00eancio sobre separa\u00e7\u00e3o de Marta Melro: \u00abO amor evolui e transforma-se\u00bb &#8211; Novelas &#8211; TVI<\/a>\u00a0<\/p>\n","protected":false},"excerpt":{"rendered":"Carolina Carvalho e David Carreira passaram uns merecidos dias de descanso em Madrid, Espanha, e partilharam v\u00e1rios momentos&hellip;\n","protected":false},"author":2,"featured_media":119531,"comment_status":"","ping_status":"","sticky":false,"template":"","format":"standard","meta":{"footnotes":""},"categories":[142],"tags":[160,16613,166,10201,114,115,157,167,13359,164,5659,6312,161,158,165,159,32,33,156,163,151,162],"class_list":{"0":"post-119530","1":"post","2":"type-post","3":"status-publish","4":"format-standard","5":"has-post-thumbnail","7":"category-tv","8":"tag-ana-guiomar","9":"tag-carolina-carvalho","10":"tag-cristina-ferreira","11":"tag-david-carreira","12":"tag-entertainment","13":"tag-entretenimento","14":"tag-festa-e-festa","15":"tag-ficcao","16":"tag-halloween","17":"tag-jose-fidalgo","18":"tag-lucas","19":"tag-madrid","20":"tag-novelas","21":"tag-para-sempre","22":"tag-pedro-sousa","23":"tag-pedro-teixeira","24":"tag-portugal","25":"tag-pt","26":"tag-queridos-papas","27":"tag-tiago-teotonio-pereira","28":"tag-tv","29":"tag-tvi"},"share_on_mastodon":{"url":"https:\/\/pubeurope.com\/@pt\/115409148056229829","error":""},"_links":{"self":[{"href":"https:\/\/www.europesays.com\/pt\/wp-json\/wp\/v2\/posts\/119530","targetHints":{"allow":["GET"]}}],"collection":[{"href":"https:\/\/www.europesays.com\/pt\/wp-json\/wp\/v2\/posts"}],"about":[{"href":"https:\/\/www.europesays.com\/pt\/wp-json\/wp\/v2\/types\/post"}],"author":[{"embeddable":true,"href":"https:\/\/www.europesays.com\/pt\/wp-json\/wp\/v2\/users\/2"}],"replies":[{"embeddable":true,"href":"https:\/\/www.europesays.com\/pt\/wp-json\/wp\/v2\/comments?post=119530"}],"version-history":[{"count":0,"href":"https:\/\/www.europesays.com\/pt\/wp-json\/wp\/v2\/posts\/119530\/revisions"}],"wp:featuredmedia":[{"embeddable":true,"href":"https:\/\/www.europesays.com\/pt\/wp-json\/wp\/v2\/media\/119531"}],"wp:attachment":[{"href":"https:\/\/www.europesays.com\/pt\/wp-json\/wp\/v2\/media?parent=119530"}],"wp:term":[{"taxonomy":"category","embeddable":true,"href":"https:\/\/www.europesays.com\/pt\/wp-json\/wp\/v2\/categories?post=119530"},{"taxonomy":"post_tag","embeddable":true,"href":"https:\/\/www.europesays.com\/pt\/wp-json\/wp\/v2\/tags?post=119530"}],"curies":[{"name":"wp","href":"https:\/\/api.w.org\/{rel}","templated":true}]}}