{"id":119542,"date":"2025-10-20T23:49:21","date_gmt":"2025-10-20T23:49:21","guid":{"rendered":"https:\/\/www.europesays.com\/pt\/119542\/"},"modified":"2025-10-20T23:49:21","modified_gmt":"2025-10-20T23:49:21","slug":"prelude-regressou-mas-todos-desejam-um-novo-honda-s2000","status":"publish","type":"post","link":"https:\/\/www.europesays.com\/pt\/119542\/","title":{"rendered":"Prelude regressou mas todos desejam um novo Honda S2000"},"content":{"rendered":"<p>\n\tO lan\u00e7amento do Prelude tem servido de inspira\u00e7\u00e3o para alguns designers imaginarem o regresso do Honda S2000.\n<\/p>\n<p>A Honda fez regressar o <a href=\"https:\/\/www.razaoautomovel.com\/noticias\/apresentacao-honda-prelude-versao-norte-americ-2026\/\" rel=\"nofollow noopener\" target=\"_blank\">Prelude<\/a>, o que fez reacender a esperan\u00e7a de a marca japonesa recuperar outros nomes emblem\u00e1ticos do seu passado, entre os quais, o roadster desportivo S2000.<\/p>\n<p>H\u00e1 uns anos corriam rumores de que o <a href=\"https:\/\/www.razaoautomovel.com\/etiqueta\/honda-s2000\/\" rel=\"nofollow noopener\" target=\"_blank\">Honda S2000<\/a> pudesse regressar em 2024, coincidindo com o seu 25.\u00ba anivers\u00e1rio. Mas 2024 passou e nada aconteceu.<\/p>\n<p>Agora, com o in\u00edcio da comercializa\u00e7\u00e3o do Prelude, v\u00e1rios designers decidiram puxar dos seus \u00abl\u00e1pis e canetas\u00bb digitais, imaginando como poderia ser um futuro S2000 influenciado pelo estilo do Prelude.<\/p>\n<p><img loading=\"lazy\" decoding=\"async\" width=\"2500\" height=\"1405\" src=\"data:image\/svg+xml,%3Csvg%20xmlns=\" http:=\"\" alt=\"\" class=\"wp-image-1107649\" data-lazy- data-lazy- data-lazy-src=\"https:\/\/www.europesays.com\/pt\/wp-content\/uploads\/2025\/10\/Honda-S2000-Render-LS-Design-1.webp.webp\"\/>\u00a9 Luca Serafin<\/p>\n<p>\u00c9 o que podemos ver nesta primeira proposta, do designer <a href=\"https:\/\/www.instagram.com\/p\/DPy7hbfDfeK\/?utm_source=ig_web_copy_link&amp;igsh=MzRlODBiNWFlZA==\" rel=\"nofollow noopener\" target=\"_blank\">Luca Serafini<\/a>, que deu ao S2000 uma frente com estilo similar ao Prelude, mas tamb\u00e9m redefiniu a carro\u00e7aria, com superf\u00edcies contempor\u00e2neas e bem definidas.<\/p>\n<p>A outra proposta vem do artista digital <a href=\"https:\/\/www.youtube.com\/@Theottle\" rel=\"nofollow noopener\" target=\"_blank\">Teophilus Chin<\/a>, que foi mais literal na sua vis\u00e3o ao \u00abcolar\u00bb a frente e traseira do Prelude na carro\u00e7aria do S2000 original.<\/p>\n<p>Talvez mais importante que imaginar o design de um novo Honda S2000, ser\u00e1 perceber que motor o poderia equipar \u2014 a motoriza\u00e7\u00e3o h\u00edbrida do Prelude est\u00e1 longe de ser a mais excitante\u2026<\/p>\n<p>\u00c9 que se h\u00e1 aspeto pelo qual o S2000 ficou conhecido foi pelo seu quatro cilindros em linha capaz de fazer mais de 8000 rpm. Que motor poderia equipar uma nova gera\u00e7\u00e3o do roadster japon\u00eas?<\/p>\n<p style=\"font-family: 'Adelle Sans', sans-serif; font-size:15px;font-style:normal;font-weight:400\"><strong>Sobre o \u201cArranque a Frio\u201d.<\/strong> De segunda a sexta-feira na Raz\u00e3o Autom\u00f3vel, h\u00e1 um \u201cArranque a Frio\u201d \u00e0s 7h00 da manh\u00e3. Enquanto bebe o seu caf\u00e9 ou ganha coragem para come\u00e7ar o dia, fique a par de curiosidades, factos hist\u00f3ricos e v\u00eddeos relevantes do mundo autom\u00f3vel. Tudo em menos de 200 palavras.<\/p>\n<p>\t\t\t\t\t<script async src=\"\/\/www.instagram.com\/embed.js\"><\/script><\/p>\n","protected":false},"excerpt":{"rendered":"O lan\u00e7amento do Prelude tem servido de inspira\u00e7\u00e3o para alguns designers imaginarem o regresso do Honda S2000. A&hellip;\n","protected":false},"author":2,"featured_media":119543,"comment_status":"","ping_status":"","sticky":false,"template":"","format":"standard","meta":{"footnotes":""},"categories":[83],"tags":[990,88,204,89,90,3644,24899,32,33],"class_list":{"0":"post-119542","1":"post","2":"type-post","3":"status-publish","4":"format-standard","5":"has-post-thumbnail","7":"category-empresas","8":"tag-arranque-a-frio","9":"tag-business","10":"tag-design","11":"tag-economy","12":"tag-empresas","13":"tag-honda","14":"tag-honda-s2000","15":"tag-portugal","16":"tag-pt"},"share_on_mastodon":{"url":"https:\/\/pubeurope.com\/@pt\/115409175510578213","error":""},"_links":{"self":[{"href":"https:\/\/www.europesays.com\/pt\/wp-json\/wp\/v2\/posts\/119542","targetHints":{"allow":["GET"]}}],"collection":[{"href":"https:\/\/www.europesays.com\/pt\/wp-json\/wp\/v2\/posts"}],"about":[{"href":"https:\/\/www.europesays.com\/pt\/wp-json\/wp\/v2\/types\/post"}],"author":[{"embeddable":true,"href":"https:\/\/www.europesays.com\/pt\/wp-json\/wp\/v2\/users\/2"}],"replies":[{"embeddable":true,"href":"https:\/\/www.europesays.com\/pt\/wp-json\/wp\/v2\/comments?post=119542"}],"version-history":[{"count":0,"href":"https:\/\/www.europesays.com\/pt\/wp-json\/wp\/v2\/posts\/119542\/revisions"}],"wp:featuredmedia":[{"embeddable":true,"href":"https:\/\/www.europesays.com\/pt\/wp-json\/wp\/v2\/media\/119543"}],"wp:attachment":[{"href":"https:\/\/www.europesays.com\/pt\/wp-json\/wp\/v2\/media?parent=119542"}],"wp:term":[{"taxonomy":"category","embeddable":true,"href":"https:\/\/www.europesays.com\/pt\/wp-json\/wp\/v2\/categories?post=119542"},{"taxonomy":"post_tag","embeddable":true,"href":"https:\/\/www.europesays.com\/pt\/wp-json\/wp\/v2\/tags?post=119542"}],"curies":[{"name":"wp","href":"https:\/\/api.w.org\/{rel}","templated":true}]}}