{"id":119546,"date":"2025-10-20T23:51:25","date_gmt":"2025-10-20T23:51:25","guid":{"rendered":"https:\/\/www.europesays.com\/pt\/119546\/"},"modified":"2025-10-20T23:51:25","modified_gmt":"2025-10-20T23:51:25","slug":"leao-xiv-exercitar-se-na-arte-da-escuta-importante-para-a-unidade-entre-nos","status":"publish","type":"post","link":"https:\/\/www.europesays.com\/pt\/119546\/","title":{"rendered":"Le\u00e3o XIV: exercitar-se na arte da escuta, importante para a unidade entre n\u00f3s"},"content":{"rendered":"<p>Le\u00e3o XIV recebeu os membros do Pontif\u00edcio Col\u00e9gio Portugu\u00eas de Roma fundado no Jubileu de 1900 pelo Papa Le\u00e3o XIII. Ele os convidou a edificar &#8220;uma casa colegial que seja tamb\u00e9m acolhedora, como deve ser a Igreja&#8221;, a partilhar &#8220;a beleza de suas culturas&#8221;, testemunhar &#8220;a riqueza de suas Igrejas locais e da experi\u00eancia pastoral que trazem consigo&#8221;.<\/p>\n<p><b>Mariangela Jaguraba \u2013 Vatican News<\/b><\/p>\n<p>O Papa Le\u00e3o XIV recebeu em audi\u00eancia, na Sala do Consist\u00f3rio, no Vaticano, nesta segunda-feira (20\/10), a Comunidade do Pontif\u00edcio Col\u00e9gio Portugu\u00eas de Roma por ocasi\u00e3o de seus 125 anos de funda\u00e7\u00e3o.<\/p>\n<p>Fundado no Jubileu de 1900 pelo Papa Le\u00e3o XIII, o Col\u00e9gio Portugu\u00eas de Roma tem como finalidade &#8220;favorecer o an\u00fancio do Evangelho&#8221; na miss\u00e3o da Igreja &#8220;chamada hoje a refor\u00e7ar o seu estilo sinodal&#8221;, fazendo &#8220;crescer a comunh\u00e3o&#8221;.<\/p>\n<p>Quando n\u00f3s, para a promo\u00e7\u00e3o humana e para a gl\u00f3ria de Deus, escutamos uns aos outros e respeitamos o que o Esp\u00edrito Santo suscita em cada fiel, distinguimos com maior clareza e confian\u00e7a os sinais dos tempos, trabalhando unidos na constru\u00e7\u00e3o do Reino de Cristo.<\/p>\n<p>De acordo com o Papa, &#8220;estar em Roma para aprofundar o estudo da teologia ou das ci\u00eancias humanas e sociais implica exercitar-se cada vez mais na arte da escuta, t\u00e3o importante para a unidade entre n\u00f3s, disc\u00edpulos do Senhor&#8221;.<\/p>\n<p>A seguir, o Papa refletiu com os membros do Pontif\u00edcio Col\u00e9gio Portugu\u00eas de Roma sobre duas dimens\u00f5es da estada na Cidade Eterna: a dimens\u00e3o da universalidade da Igreja e a da miseric\u00f3rdia divina.<\/p>\n<p>Segundo Le\u00e3o XIV, &#8220;os jubileus permitem ver a chegada de muitos peregrinos, intensificando assim a compreens\u00e3o da universalidade da Igreja&#8221;, e em Roma os estudantes do Pontif\u00edcio Col\u00e9gio Portugu\u00eas experimentam isso &#8220;de diversas maneiras, seja partilhando a beleza de suas culturas, seja testemunhando a riqueza de suas Igrejas locais e da experi\u00eancia pastoral que trazem consigo&#8221;. &#8220;Viver tudo isto \u00e9 dom do Senhor e a melhor maneira de Lhe agradecer \u00e9 entrar, sem medo, na vitalidade deste interc\u00e2mbio, contribuindo para a policromia da unidade e para a polifonia da comunh\u00e3o&#8221;, sublinhou.<\/p>\n<p>&#8220;Al\u00e9m disso, sabemos que os anos jubilares s\u00e3o uma oportunidade para intensificar a consci\u00eancia do dom da miseric\u00f3rdia que brota do Cora\u00e7\u00e3o de Cristo&#8221;, disse ainda o Papa, ressaltando que &#8220;\u00e9 precisamente o Sagrado Cora\u00e7\u00e3o de Jesus que marca, desde o in\u00edcio, a hist\u00f3ria do Col\u00e9gio Portugu\u00eas, aparecendo at\u00e9 mesmo no seu bras\u00e3o. A Ele, com efeito, se consagraram os primeiros estudantes&#8221;. &#8220;Continuem a faz\u00ea-lo! Continuem confiando sua vida ao Cora\u00e7\u00e3o do Senhor; aproximem-se cada vez mais dele e aprendam com Ele a miseric\u00f3rdia&#8221;, disse Le\u00e3o XIV, acrescentando:<\/p>\n<p>Um Col\u00e9gio consagrado ao Cora\u00e7\u00e3o de Jesus \u00e9 escola da divina miseric\u00f3rdia, na qual os estudantes, imitando o disc\u00edpulo amado, escutam o pulsar do amor de Deus, tornando-se assim verdadeiros te\u00f3logos. Na verdade, um sacerdote, qualquer que seja a miss\u00e3o que lhe foi confiada, encontra sempre nela uma ocasi\u00e3o para se configurar a si mesmo com o Bom Pastor: n\u00e3o lhe basta um cora\u00e7\u00e3o de carne, um cora\u00e7\u00e3o humano e s\u00e1bio, mas sente a necessidade de um cora\u00e7\u00e3o como o de Jesus, sempre unido ao Pai, apaixonado pela Igreja e cheio de compaix\u00e3o.<\/p>\n<p>&#8220;Ao permanecerem na presen\u00e7a do Senhor, ap\u00f3s dias exigentes de trabalho, voc\u00eas podem encontrar nele al\u00edvio e \u201ccosturar\u201d a unidade da vida&#8221;, frisou o Papa, convidando a Comunidade do Pontif\u00edcio Col\u00e9gio Portugu\u00eas a pedir a Deus &#8220;sempre um cora\u00e7\u00e3o capaz de amar a Igreja como Ele, que \u00abse entregou por ela\u00bb&#8221;, a rezar pelos fi\u00e9is que amanh\u00e3 eles servir\u00e3o em seus pa\u00edses. &#8220;Permane\u00e7am junto do Senhor Jesus, na escuta da sua Palavra, na celebra\u00e7\u00e3o dos Sacramentos, especialmente da Eucaristia, na Adora\u00e7\u00e3o, no discernimento espiritual e na gentileza fraterna entre voc\u00eas&#8221;, ressaltou.<\/p>\n<p>Le\u00e3o XIV os convidou a constru\u00edrem, enquanto estiverem em Roma, uma &#8220;casa&#8221;, ou seja, &#8220;um ambiente caseiro onde, regressando dos seus compromissos acad\u00eamicos, possam se sentir em fam\u00edlia&#8221;.<\/p>\n<p>A este prop\u00f3sito, Le\u00e3o XIV recordou as palavras do Papa Paulo VI aos alunos do Col\u00e9gio S\u00e3o Pedro, em 1970: \u00ab\u00c9 um Col\u00e9gio, que pretende produzir uma colegialidade, ou seja, uma comunh\u00e3o, uma amizade, uma fus\u00e3o de esp\u00edritos, aqui iniciada e fru\u00edda na unidade; e depois a ser recordada e revivida quando, nos anos futuros, estiverdes dispersos pelo mundo, na catolicidade\u00bb.<\/p>\n<p>Portanto, edifiquem uma casa colegial que seja tamb\u00e9m acolhedora, como deve ser a Igreja. Encontramos isto escrito na hist\u00f3ria do Col\u00e9gio, que recebeu o t\u00edtulo de \u201cCasa de Vida\u201d, devido ao acolhimento dos judeus durante a Segunda Guerra Mundial. Este t\u00edtulo \u00e9, ao mesmo tempo, uma heran\u00e7a e uma responsabilidade na sua quotidiana constru\u00e7\u00e3o da fraternidade.<\/p>\n<p>O Papa os convidou a trabalhar &#8220;em conjunto com o apoio do Reitor e dos Diretores espirituais, e tamb\u00e9m com a preciosa presen\u00e7a das Irm\u00e3s Franciscanas de Nossa Senhora das Vit\u00f3rias&#8221;. &#8220;Obrigado, queridas irm\u00e3s, por sua dedica\u00e7\u00e3o aos sacerdotes, pelas ora\u00e7\u00f5es que elevam ao C\u00e9u por eles e por sua atitude maternal! A proximidade da maternidade espiritual ningu\u00e9m a pode substituir, e voc\u00eas a est\u00e3o doando e refinando h\u00e1 cinquenta anos: apesar de ser discreta, n\u00e3o passa despercebida a Deus&#8221;, concluiu Le\u00e3o XIV.<\/p>\n","protected":false},"excerpt":{"rendered":"Le\u00e3o XIV recebeu os membros do Pontif\u00edcio Col\u00e9gio Portugu\u00eas de Roma fundado no Jubileu de 1900 pelo Papa&hellip;\n","protected":false},"author":2,"featured_media":119547,"comment_status":"","ping_status":"","sticky":false,"template":"","format":"standard","meta":{"footnotes":""},"categories":[10],"tags":[1330,27,28,27826,15,16,14,10352,545,3373,3992,25,26,24028,21,22,12,13,19,20,6668,811,32,23,24,33,2864,20092,17,18,29,30,31],"class_list":{"0":"post-119546","1":"post","2":"type-post","3":"status-publish","4":"format-standard","5":"has-post-thumbnail","7":"category-portugal","8":"tag-jubileu2025","9":"tag-breaking-news","10":"tag-breakingnews","11":"tag-escola-e-universidade","12":"tag-featured-news","13":"tag-featurednews","14":"tag-headlines","15":"tag-igreja","16":"tag-igreja-catolica","17":"tag-irmas","18":"tag-jubileu","19":"tag-latest-news","20":"tag-latestnews","21":"tag-leigos","22":"tag-main-news","23":"tag-mainnews","24":"tag-news","25":"tag-noticias","26":"tag-noticias-principais","27":"tag-noticiasprincipais","28":"tag-ordens-religiosas","29":"tag-papa-leao-xiv","30":"tag-portugal","31":"tag-principais-noticias","32":"tag-principaisnoticias","33":"tag-pt","34":"tag-roma","35":"tag-sacerdotes","36":"tag-top-stories","37":"tag-topstories","38":"tag-ultimas","39":"tag-ultimas-noticias","40":"tag-ultimasnoticias"},"share_on_mastodon":{"url":"","error":"Validation failed: Text character limit of 500 exceeded"},"_links":{"self":[{"href":"https:\/\/www.europesays.com\/pt\/wp-json\/wp\/v2\/posts\/119546","targetHints":{"allow":["GET"]}}],"collection":[{"href":"https:\/\/www.europesays.com\/pt\/wp-json\/wp\/v2\/posts"}],"about":[{"href":"https:\/\/www.europesays.com\/pt\/wp-json\/wp\/v2\/types\/post"}],"author":[{"embeddable":true,"href":"https:\/\/www.europesays.com\/pt\/wp-json\/wp\/v2\/users\/2"}],"replies":[{"embeddable":true,"href":"https:\/\/www.europesays.com\/pt\/wp-json\/wp\/v2\/comments?post=119546"}],"version-history":[{"count":0,"href":"https:\/\/www.europesays.com\/pt\/wp-json\/wp\/v2\/posts\/119546\/revisions"}],"wp:featuredmedia":[{"embeddable":true,"href":"https:\/\/www.europesays.com\/pt\/wp-json\/wp\/v2\/media\/119547"}],"wp:attachment":[{"href":"https:\/\/www.europesays.com\/pt\/wp-json\/wp\/v2\/media?parent=119546"}],"wp:term":[{"taxonomy":"category","embeddable":true,"href":"https:\/\/www.europesays.com\/pt\/wp-json\/wp\/v2\/categories?post=119546"},{"taxonomy":"post_tag","embeddable":true,"href":"https:\/\/www.europesays.com\/pt\/wp-json\/wp\/v2\/tags?post=119546"}],"curies":[{"name":"wp","href":"https:\/\/api.w.org\/{rel}","templated":true}]}}