{"id":119566,"date":"2025-10-21T00:10:17","date_gmt":"2025-10-21T00:10:17","guid":{"rendered":"https:\/\/www.europesays.com\/pt\/119566\/"},"modified":"2025-10-21T00:10:17","modified_gmt":"2025-10-21T00:10:17","slug":"leticia-zanini-lanca-livro-com-proposta-de-olhar-consciente-sobre-desafios-do-cotidiano-variedades","status":"publish","type":"post","link":"https:\/\/www.europesays.com\/pt\/119566\/","title":{"rendered":"Let\u00edcia Zanini lan\u00e7a livro com proposta de olhar consciente sobre desafios do cotidiano &#8211; Variedades"},"content":{"rendered":"<p>O livro \u201cDesconforto Calculado\u201d, da psic\u00f3loga e palestrante, Let\u00edcia Zanini, ser\u00e1 lan\u00e7ado nesta segunda-feira (20), \u00e0s 19h30, na Associa\u00e7\u00e3o Empresarial de Crici\u00fama. Segundo a autora, o livro traz reflex\u00f5es sobre o cotidiano, lideran\u00e7a e a necessidade de dar sentido \u00e0s a\u00e7\u00f5es em uma era marcada pela ansiedade e pelo esgotamento. \u201cA mensagem \u00e9 tirar a culpa de sentir inc\u00f4modo e ajudar as pessoas a ganhar clareza sobre suas escolhas, sair de ciclos de exaust\u00e3o e tomar decis\u00f5es conscientes\u201d, afirmou.\u00a0<\/p>\n<p>Conforme Let\u00edcia, o projeto levou cerca de dezoito meses para ser conclu\u00eddo, entre produ\u00e7\u00e3o, sele\u00e7\u00e3o de artigos e design, e j\u00e1 \u00e9 considerado um convite \u00e0 coragem de se ouvir e agir com prop\u00f3sito. O lan\u00e7amento desta noite tamb\u00e9m contar\u00e1 com a presen\u00e7a de leitores, amigos e admiradores da autora.<\/p>\n","protected":false},"excerpt":{"rendered":"O livro \u201cDesconforto Calculado\u201d, da psic\u00f3loga e palestrante, Let\u00edcia Zanini, ser\u00e1 lan\u00e7ado nesta segunda-feira (20), \u00e0s 19h30, na&hellip;\n","protected":false},"author":2,"featured_media":119567,"comment_status":"","ping_status":"","sticky":false,"template":"","format":"standard","meta":{"footnotes":""},"categories":[143],"tags":[13322,13324,5628,13320,169,10510,114,115,1914,13325,170,1133,13,987,32,3937,13321,33,13323,3551,3801,8767,13326,13327],"class_list":{"0":"post-119566","1":"post","2":"type-post","3":"status-publish","4":"format-standard","5":"has-post-thumbnail","7":"category-livros","8":"tag-4oito","9":"tag-adelor-lessa","10":"tag-blog","11":"tag-blogs","12":"tag-books","13":"tag-criciuma","14":"tag-entertainment","15":"tag-entretenimento","16":"tag-fm","17":"tag-lessa","18":"tag-livros","19":"tag-noticia","20":"tag-noticias","21":"tag-portal","22":"tag-portugal","23":"tag-post","24":"tag-posts","25":"tag-pt","26":"tag-quatrooito","27":"tag-regiao","28":"tag-santa-catarina","29":"tag-sc","30":"tag-som-maior","31":"tag-sommaiorfm"},"share_on_mastodon":{"url":"https:\/\/pubeurope.com\/@pt\/115409257961862269","error":""},"_links":{"self":[{"href":"https:\/\/www.europesays.com\/pt\/wp-json\/wp\/v2\/posts\/119566","targetHints":{"allow":["GET"]}}],"collection":[{"href":"https:\/\/www.europesays.com\/pt\/wp-json\/wp\/v2\/posts"}],"about":[{"href":"https:\/\/www.europesays.com\/pt\/wp-json\/wp\/v2\/types\/post"}],"author":[{"embeddable":true,"href":"https:\/\/www.europesays.com\/pt\/wp-json\/wp\/v2\/users\/2"}],"replies":[{"embeddable":true,"href":"https:\/\/www.europesays.com\/pt\/wp-json\/wp\/v2\/comments?post=119566"}],"version-history":[{"count":0,"href":"https:\/\/www.europesays.com\/pt\/wp-json\/wp\/v2\/posts\/119566\/revisions"}],"wp:featuredmedia":[{"embeddable":true,"href":"https:\/\/www.europesays.com\/pt\/wp-json\/wp\/v2\/media\/119567"}],"wp:attachment":[{"href":"https:\/\/www.europesays.com\/pt\/wp-json\/wp\/v2\/media?parent=119566"}],"wp:term":[{"taxonomy":"category","embeddable":true,"href":"https:\/\/www.europesays.com\/pt\/wp-json\/wp\/v2\/categories?post=119566"},{"taxonomy":"post_tag","embeddable":true,"href":"https:\/\/www.europesays.com\/pt\/wp-json\/wp\/v2\/tags?post=119566"}],"curies":[{"name":"wp","href":"https:\/\/api.w.org\/{rel}","templated":true}]}}