{"id":119570,"date":"2025-10-21T00:12:15","date_gmt":"2025-10-21T00:12:15","guid":{"rendered":"https:\/\/www.europesays.com\/pt\/119570\/"},"modified":"2025-10-21T00:12:15","modified_gmt":"2025-10-21T00:12:15","slug":"saiba-quem-sao-os-vencedores-da-edicao-2025-do-festival-canto-forte","status":"publish","type":"post","link":"https:\/\/www.europesays.com\/pt\/119570\/","title":{"rendered":"Saiba quem s\u00e3o os vencedores da edi\u00e7\u00e3o 2025 do Festival Canto Forte"},"content":{"rendered":"<p>O VII <strong>Festival de M\u00fasica Canto Forte<\/strong> encerrou a sua oitava edi\u00e7\u00e3o no \u00faltimo fim de semana, no dias 16, 17 e 18 de outubro no <a href=\"https:\/\/www.folhabv.com.br\/tag\/teatro-municipal-2\/\" rel=\"nofollow noopener\" target=\"_blank\">Teatro Municipal<\/a> de Boa Vista, celebrando a m\u00fasica autoral de Roraima. O grande vencedor da edi\u00e7\u00e3o 2025 foi <strong>Reinei Prestes<\/strong>, que conquistou o primeiro lugar e o pr\u00eamio de <strong>melhor int\u00e9rprete<\/strong>. <\/p>\n<p>A grande final contou com 12 das 24 composi\u00e7\u00f5es apresentadas no evento. Os vencedores foram escolhidos por um j\u00fari t\u00e9cnico que avaliou originalidade, interpreta\u00e7\u00e3o e qualidade musical. <\/p>\n<p>Os vencedores do festival<\/p>\n<p>O festival distribuiu um total de R$ 40 mil em pr\u00eamios para as 12 composi\u00e7\u00f5es classificadas.<\/p>\n<p><img loading=\"lazy\" data-dominant-color=\"227f53\" data-has-transparency=\"false\" style=\"--dominant-color: #227f53;\" decoding=\"async\" width=\"1152\" height=\"768\" src=\"data:image\/svg+xml,%3Csvg%20xmlns=\" http:=\"\" alt=\"\" class=\"wp-image-577487 not-transparent\" data-lazy- data-lazy- data-lazy-src=\"https:\/\/www.europesays.com\/pt\/wp-content\/uploads\/2025\/10\/tYtCvYxM-2-lugar-musica-Joia-do-Norte-de-Rainom-Prestes-na-voz-de-Fabinho-Farias-1152x768.jpeg\"\/>Fabinho Farias, vencedor do 2\u00b0 lugar com a m\u00fasica Joia do NOrte, composi\u00e7\u00e3o de Raimon Prestes<\/p>\n<p><img loading=\"lazy\" data-dominant-color=\"576f69\" data-has-transparency=\"false\" style=\"--dominant-color: #576f69;\" decoding=\"async\" width=\"864\" height=\"576\" src=\"data:image\/svg+xml,%3Csvg%20xmlns=\" http:=\"\" alt=\"\" class=\"wp-image-577493 not-transparent\" data-lazy- data-lazy- data-lazy-src=\"https:\/\/www.europesays.com\/pt\/wp-content\/uploads\/2025\/10\/5rkAC07q-3-lugar-musica-A-Casa-de-Joao-Aroma-na-voz-de-Marcos-King-edited.jpeg\"\/>Int\u00e9rprete Marcos King, vencedor do 3\u00b0 lugar, com a m\u00fasica de Jo\u00e3o Aroma<\/p>\n<p><strong>Coloca\u00e7\u00e3o <\/strong><\/p>\n<ul class=\"wp-block-list\">\n<li>1\u00b0 lugar<\/li>\n<li>2\u00b0 lugar<\/li>\n<li>3\u00b0 lugar<\/li>\n<\/ul>\n<p><strong>M\u00fasicas<\/strong><\/p>\n<ul class=\"wp-block-list\">\n<li>\u201cJoia do Norte\u201d <\/li>\n<li>\u201cA Casa\u201d <\/li>\n<\/ul>\n<p><strong>Compositor e int\u00e9rprete <\/strong><\/p>\n<ul class=\"wp-block-list\">\n<li>Reinei Prestes<\/li>\n<li>Raimon Prestes, Fabinho Farias<\/li>\n<li>Jo\u00e3o Aroma, Marcos King<\/li>\n<\/ul>\n<p>O primeiro colocado do festival recebe R$ 14 mil, o segundo colocado R$ 9 mil e o terceiro lugar R$ 5 mil. O melhor int\u00e9rprete recebe o pr\u00eamio de R$ 3 mil.\u00a0As m\u00fasicas que ficaram do 4\u00ba ao 12\u00ba lugar receberam pr\u00eamio de R$ 1.000,00.<\/p>\n<p><strong>Valoriza\u00e7\u00e3o da identidade cultural<\/strong><\/p>\n<p>Para <strong>Joemir Guimar\u00e3es<\/strong>, idealizador e organizador do <strong>Canto Forte<\/strong>, o festival vai al\u00e9m da disputa, sendo um movimento de valoriza\u00e7\u00e3o e encontro de <a href=\"https:\/\/www.folhabv.com.br\/tag\/cultura\/\" rel=\"nofollow noopener\" target=\"_blank\">cultura<\/a>.<\/p>\n<blockquote class=\"wp-block-quote is-layout-flow wp-block-quote-is-layout-flow\">\n<p>\u201cO festival \u00e9 um reflexo do potencial criativo da nossa gente. A cada edi\u00e7\u00e3o, percebemos o quanto a m\u00fasica tem poder de conectar pessoas, gerar oportunidades e fortalecer nossa identidade cultural. Esse festival \u00e9 fruto do esfor\u00e7o coletivo de muita gente apaixonada pela cultura roraimense\u201d, destacou Guimar\u00e3es.<\/p>\n<\/blockquote>\n<p>O <strong>Festival de M\u00fasica Canto Forte<\/strong> reafirma seu compromisso de incentivar a cria\u00e7\u00e3o autoral e fortalecer o calend\u00e1rio cultural do estado. <\/p>\n<p>A 8\u00aa edi\u00e7\u00e3o do evento foi realizada por meio da Lei de Incentivo \u00e0 Cultura do Governo do Estado de <a href=\"https:\/\/www.folhabv.com.br\/tag\/roraima\/\" rel=\"nofollow noopener\" target=\"_blank\">Roraima<\/a>\/SECULT, e contou com patroc\u00ednio das empresas O Bomboz\u00e3o e Diferencial Auto Pe\u00e7as<\/p>\n","protected":false},"excerpt":{"rendered":"O VII Festival de M\u00fasica Canto Forte encerrou a sua oitava edi\u00e7\u00e3o no \u00faltimo fim de semana, no&hellip;\n","protected":false},"author":2,"featured_media":119571,"comment_status":"","ping_status":"","sticky":false,"template":"","format":"standard","meta":{"footnotes":""},"categories":[141],"tags":[27834,315,114,115,6007,149,150,32,33],"class_list":{"0":"post-119570","1":"post","2":"type-post","3":"status-publish","4":"format-standard","5":"has-post-thumbnail","7":"category-musica","8":"tag-boa-vista","9":"tag-cultura","10":"tag-entertainment","11":"tag-entretenimento","12":"tag-festival","13":"tag-music","14":"tag-musica","15":"tag-portugal","16":"tag-pt"},"share_on_mastodon":{"url":"https:\/\/pubeurope.com\/@pt\/115409265939931687","error":""},"_links":{"self":[{"href":"https:\/\/www.europesays.com\/pt\/wp-json\/wp\/v2\/posts\/119570","targetHints":{"allow":["GET"]}}],"collection":[{"href":"https:\/\/www.europesays.com\/pt\/wp-json\/wp\/v2\/posts"}],"about":[{"href":"https:\/\/www.europesays.com\/pt\/wp-json\/wp\/v2\/types\/post"}],"author":[{"embeddable":true,"href":"https:\/\/www.europesays.com\/pt\/wp-json\/wp\/v2\/users\/2"}],"replies":[{"embeddable":true,"href":"https:\/\/www.europesays.com\/pt\/wp-json\/wp\/v2\/comments?post=119570"}],"version-history":[{"count":0,"href":"https:\/\/www.europesays.com\/pt\/wp-json\/wp\/v2\/posts\/119570\/revisions"}],"wp:featuredmedia":[{"embeddable":true,"href":"https:\/\/www.europesays.com\/pt\/wp-json\/wp\/v2\/media\/119571"}],"wp:attachment":[{"href":"https:\/\/www.europesays.com\/pt\/wp-json\/wp\/v2\/media?parent=119570"}],"wp:term":[{"taxonomy":"category","embeddable":true,"href":"https:\/\/www.europesays.com\/pt\/wp-json\/wp\/v2\/categories?post=119570"},{"taxonomy":"post_tag","embeddable":true,"href":"https:\/\/www.europesays.com\/pt\/wp-json\/wp\/v2\/tags?post=119570"}],"curies":[{"name":"wp","href":"https:\/\/api.w.org\/{rel}","templated":true}]}}