{"id":119580,"date":"2025-10-21T00:19:12","date_gmt":"2025-10-21T00:19:12","guid":{"rendered":"https:\/\/www.europesays.com\/pt\/119580\/"},"modified":"2025-10-21T00:19:12","modified_gmt":"2025-10-21T00:19:12","slug":"morreu-sofia-corradi-mae-do-programa-erasmus-educacao","status":"publish","type":"post","link":"https:\/\/www.europesays.com\/pt\/119580\/","title":{"rendered":"Morreu Sofia Corradi, \u201cm\u00e3e\u201d do programa Erasmus | Educa\u00e7\u00e3o"},"content":{"rendered":"<p>A professora italiana conhecida como &#8220;m\u00e3e do programa <a href=\"https:\/\/www.publico.pt\/2025\/05\/28\/p3\/noticia\/36-mil-jovens-vao-conhecer-europa-gratuitamente-800-sao-portugueses-2134594?ref=erasmus&amp;cx=page__content\" rel=\"nofollow noopener\" target=\"_blank\">Erasmus<\/a>&#8220;, Sofia Corradi, morreu na sexta-feira, aos 91 anos, em Roma, noticiou o <a href=\"https:\/\/roma.corriere.it\/notizie\/cronaca\/25_ottobre_18\/morta-sofia-corradi-la-mamma-dell-erasmus-intui-l-importanza-degli-scambi-culturali-tra-studenti-nel-mondo-3f41de3a-ad5b-47f7-8504-061ea99fcxlk.shtml\" rel=\"nofollow noopener\" target=\"_blank\">Corriere della Sera<\/a>.<\/p>\n<p>A not\u00edcia foi divulgada pela fam\u00edlia da professora, que recordou uma mulher \u201cde grande energia e generosidade intelectual e afectiva\u201d.<\/p>\n<p>H\u00e1 38 anos, Corradi foi respons\u00e1vel pela cria\u00e7\u00e3o do programa Erasmus (acr\u00f3nimo de European Region Action Scheme for the Mobility of University Students, ou Plano de Ac\u00e7\u00e3o da Comunidade Europeia para a Mobilidade de Estudantes Universit\u00e1rios) que j\u00e1 permitiu que mais de 16 milh\u00f5es de jovens na Uni\u00e3o Europeia estudassem noutro pa\u00eds europeu.<\/p>\n<p>Para al\u00e9m dos 300 mil estudantes que beneficiam da experi\u00eancia todos os anos, o projecto envolve tamb\u00e9m professores e empreendedores, gra\u00e7as ao Erasmus+.<\/p>\n<p>A educadora nascida em Roma liderou tamb\u00e9m v\u00e1rias investiga\u00e7\u00f5es sobre o direito \u00e0 educa\u00e7\u00e3o para a Comiss\u00e3o de Direitos Humanos das Na\u00e7\u00f5es Unidas, a Academia de Direito Internacional de Haia e a London School of Economics.<\/p>\n<p>O vice-primeiro-ministro italiano, Antonio Tajani, escreveu na rede social X que Corradi &#8220;inspirou a vida de milh\u00f5es de jovens que viajaram, estudaram e abra\u00e7aram diferentes culturas&#8221;, creditando-lhe &#8220;o nascimento da Gera\u00e7\u00e3o Europa&#8221;.<\/p>\n<p>        &#13;<\/p>\n<blockquote class=\"twitter-tweet\">\n<p lang=\"it\" dir=\"ltr\">Ci ha lasciati \u201cMamma Erasmus\u201d, colei che pi\u00f9 di tutti ha creduto in un grande progetto di integrazione, europeo e mondiale. Sofia Corradi ha ispirato la vita di milioni di ragazzi che hanno viaggiato, studiato e abbracciato culture diverse. A lei si deve la nascita della\u2026 <a href=\"https:\/\/t.co\/8omJIJsn3j\" rel=\"nofollow\">pic.twitter.com\/8omJIJsn3j<\/a><\/p>\n<p>\u2014 Antonio Tajani (@Antonio_Tajani) <a href=\"https:\/\/twitter.com\/Antonio_Tajani\/status\/1979584526415429787?ref_src=twsrc%5Etfw\" rel=\"nofollow noopener\" target=\"_blank\">October 18, 2025<\/a><\/p><\/blockquote>\n<p> &#13;<\/p>\n<p>O ministro-adjunto de Assuntos Europeus da Fran\u00e7a, Benjamin Haddad, acrescentou que &#8220;gera\u00e7\u00f5es de <a href=\"https:\/\/www.publico.pt\/2023\/04\/28\/sociedade\/noticia\/estudar-pais-so-numero-baixo-estudantes-carenciados-consegue-fazelo-2047710\" rel=\"nofollow noopener\" target=\"_blank\">jovens europeus<\/a> t\u00eam uma d\u00edvida de gratid\u00e3o com ela&#8221;.<\/p>\n<p>        &#13;<\/p>\n<blockquote class=\"twitter-tweet\">\n<p lang=\"fr\" dir=\"ltr\">La Mamma Erasmus nous a quitt\u00e9. <\/p>\n<p>J\u2019apprends avec tristesse le d\u00e9c\u00e8s de Sofia Corradi, \u00e9ducatrice et cr\u00e9atrice du programme d\u2019\u00e9changes universitaires qui a tant contribu\u00e9 \u00e0 b\u00e2tir le ciment de notre culture europ\u00e9enne commune. Des g\u00e9n\u00e9rations de jeunes Europ\u00e9ens lui disent merci. <a href=\"https:\/\/t.co\/VyARQyY07h\" rel=\"nofollow\">pic.twitter.com\/VyARQyY07h<\/a><\/p>\n<p>\u2014 Benjamin Haddad (@benjaminhaddad) <a href=\"https:\/\/twitter.com\/benjaminhaddad\/status\/1979629200492671451?ref_src=twsrc%5Etfw\" rel=\"nofollow noopener\" target=\"_blank\">October 18, 2025<\/a><\/p><\/blockquote>\n<p> &#13;<\/p>\n<p>As origens do programa Erasmus<\/p>\n<p>Corradi concluiu a licenciatura em Direito em 1957, com uma bolsa de estudo Fulbright na universidade La Sapienza, em Roma. Em seguida, obteve o mestrado em Direito Comparado na Universidade de Columbia, nos Estados Unidos \u2014 contudo, quando regressou a It\u00e1lia, o mestrado obtido no estrangeiro n\u00e3o foi reconhecido.<\/p>\n<p>Corradi disse \u00e0 <a href=\"https:\/\/www.rainews.it\/articoli\/2025\/10\/addio-a-sofia-corradi-soprannominata-mamma-erasmus-aveva-91-anni-76c3b058-b80f-481f-8614-b5b1b5d9b471.html\" rel=\"nofollow noopener\" target=\"_blank\">RAI<\/a> que a ideia lhe surgiu &#8220;por indigna\u00e7\u00e3o&#8221; devido \u00e0 situa\u00e7\u00e3o: a universidade afirmou que n\u00e3o iria dar um diploma a algu\u00e9m que tinha ido para os EUA &#8220;fazer piqueniques&#8221; em vez de estudar. Voltou a completar o mestrado e percebeu o valor do ano que tinha passado no estrangeiro.<\/p>\n<p>Mais tarde, tornou-se consultora cient\u00edfica da Associa\u00e7\u00e3o de Reitores Universit\u00e1rios Italianos e, em 1969, redigiu um memorando que propunha que um aluno pudesse &#8220;solicitar a conclus\u00e3o de parte do seu plano de estudos em universidades estrangeiras, submetendo-o previamente \u00e0 aprova\u00e7\u00e3o do Conselho da Faculdade&#8221;.<\/p>\n<p>A proposta foi acolhida pelo ministro da Educa\u00e7\u00e3o, Mario Ferrari Aggradi, que a adoptou como base para um projecto de reforma do sistema universit\u00e1rio italiano. Apesar de este nunca ter sido concretizado, em 1976 o princ\u00edpio foi consagrado a n\u00edvel europeu por uma resolu\u00e7\u00e3o da CEE que incentivava o interc\u00e2mbio de estudantes entre universidades de diferentes pa\u00edses. Ap\u00f3s uma d\u00e9cada \u00e0 experi\u00eancia, o modelo de &#8220;mobilidade com reconhecimento de cr\u00e9ditos&#8221; foi incorporado no Programa Erasmus, em 1987.<\/p>\n<p>Fundado pelo pol\u00edtico franc\u00eas Franck Bianchieri e apoiado pelo Presidente Fran\u00e7ois Mitterrand, o primeiro <a href=\"https:\/\/www.publico.pt\/2021\/06\/07\/sociedade\/noticia\/erasmus-ja-deslocou-10-milhoes-pessoa-1965492\" rel=\"nofollow noopener\" target=\"_blank\">programa Erasmus<\/a> foi aprovado sob a direc\u00e7\u00e3o de Domenico Lenarduzzi, director-geral de Cultura e Educa\u00e7\u00e3o da Comiss\u00e3o Europeia em Bruxelas \u2014 que lutou pela sua implementa\u00e7\u00e3o apesar da resist\u00eancia dos pa\u00edses do norte da Europa, do Reino Unido e da pr\u00f3pria Fran\u00e7a, devido aos custos.<\/p>\n<p>Um facto curioso diz respeito \u00e0s chamadas &#8220;crian\u00e7as Erasmus&#8221;: estima-se que, ao longo de quase 40 anos, tenham nascido mais de um milh\u00e3o de crian\u00e7as de casais formados por alunos do programa, segundo a RAI.<\/p>\n<p>Corradi afirmou em 2018 que a ideia do programa, nascido durante a Guerra Fria, era ser a sua &#8220;miss\u00e3o pacifista&#8221;.<\/p>\n<p>            <script async src=\"https:\/\/platform.twitter.com\/widgets.js\" charset=\"utf-8\"><\/script><\/p>\n","protected":false},"excerpt":{"rendered":"A professora italiana conhecida como &#8220;m\u00e3e do programa Erasmus&#8220;, Sofia Corradi, morreu na sexta-feira, aos 91 anos, em&hellip;\n","protected":false},"author":2,"featured_media":119581,"comment_status":"","ping_status":"","sticky":false,"template":"","format":"standard","meta":{"footnotes":""},"categories":[50],"tags":[27,28,539,4224,27835,15,16,14,25,26,21,22,62,12,13,19,20,23,24,58,17,18,29,30,31,636,63,64,65],"class_list":{"0":"post-119580","1":"post","2":"type-post","3":"status-publish","4":"format-standard","5":"has-post-thumbnail","7":"category-mundo","8":"tag-breaking-news","9":"tag-breakingnews","10":"tag-educacao","11":"tag-ensino-superior","12":"tag-erasmus","13":"tag-featured-news","14":"tag-featurednews","15":"tag-headlines","16":"tag-latest-news","17":"tag-latestnews","18":"tag-main-news","19":"tag-mainnews","20":"tag-mundo","21":"tag-news","22":"tag-noticias","23":"tag-noticias-principais","24":"tag-noticiasprincipais","25":"tag-principais-noticias","26":"tag-principaisnoticias","27":"tag-sociedade","28":"tag-top-stories","29":"tag-topstories","30":"tag-ultimas","31":"tag-ultimas-noticias","32":"tag-ultimasnoticias","33":"tag-uniao-europeia","34":"tag-world","35":"tag-world-news","36":"tag-worldnews"},"share_on_mastodon":{"url":"https:\/\/pubeurope.com\/@pt\/115409293330730475","error":""},"_links":{"self":[{"href":"https:\/\/www.europesays.com\/pt\/wp-json\/wp\/v2\/posts\/119580","targetHints":{"allow":["GET"]}}],"collection":[{"href":"https:\/\/www.europesays.com\/pt\/wp-json\/wp\/v2\/posts"}],"about":[{"href":"https:\/\/www.europesays.com\/pt\/wp-json\/wp\/v2\/types\/post"}],"author":[{"embeddable":true,"href":"https:\/\/www.europesays.com\/pt\/wp-json\/wp\/v2\/users\/2"}],"replies":[{"embeddable":true,"href":"https:\/\/www.europesays.com\/pt\/wp-json\/wp\/v2\/comments?post=119580"}],"version-history":[{"count":0,"href":"https:\/\/www.europesays.com\/pt\/wp-json\/wp\/v2\/posts\/119580\/revisions"}],"wp:featuredmedia":[{"embeddable":true,"href":"https:\/\/www.europesays.com\/pt\/wp-json\/wp\/v2\/media\/119581"}],"wp:attachment":[{"href":"https:\/\/www.europesays.com\/pt\/wp-json\/wp\/v2\/media?parent=119580"}],"wp:term":[{"taxonomy":"category","embeddable":true,"href":"https:\/\/www.europesays.com\/pt\/wp-json\/wp\/v2\/categories?post=119580"},{"taxonomy":"post_tag","embeddable":true,"href":"https:\/\/www.europesays.com\/pt\/wp-json\/wp\/v2\/tags?post=119580"}],"curies":[{"name":"wp","href":"https:\/\/api.w.org\/{rel}","templated":true}]}}