{"id":119584,"date":"2025-10-21T00:23:07","date_gmt":"2025-10-21T00:23:07","guid":{"rendered":"https:\/\/www.europesays.com\/pt\/119584\/"},"modified":"2025-10-21T00:23:07","modified_gmt":"2025-10-21T00:23:07","slug":"artista-italiano-vende-escultura-invisivel-por-r-87-mil-e-causa-polemica","status":"publish","type":"post","link":"https:\/\/www.europesays.com\/pt\/119584\/","title":{"rendered":"Artista italiano vende escultura invis\u00edvel por R$ 87 mil e causa pol\u00eamica"},"content":{"rendered":"<p id=\"paragrafo-n3amrpadbm\">\nO artista italiano Salvatore Garau voltou aos holofotes ap\u00f3s viralizar nas redes sociais por ter vendido uma escultura invis\u00edvel por cerca de R$ 87 mil.\u00a0A obra, intitulada \u201cIo Sono\u201d (Eu Sou), n\u00e3o possui forma f\u00edsica e foi \u201cexposta\u201d em um espa\u00e7o vazio de 1,5m x 1,5m. O comprador recebeu apenas um certificado de autenticidade, que descreve a pe\u00e7a como uma \u201cescultura imaterial composta de ar e esp\u00edrito\u201d.&gt;\n<\/p>\n<p id=\"paragrafo-r8eeemp9g4\">\n\u201cO vazio tem sua pr\u00f3pria energia, e essa energia se torna parte da obra\u201d, defende Garau.&gt;\n<\/p>\n<p id=\"paragrafo-klrn72nx9r\">\nA escultura foi originalmente leiloada em 2021 por 15 mil euros, mas voltou a ganhar destaque ap\u00f3s o perfil brit\u00e2nico Pubity, com mais de 40 milh\u00f5es de seguidores, relembrar o caso em um post que ultrapassa 1 milh\u00e3o de curtidas.&gt;\n<\/p>\n<p id=\"paragrafo-kkdrelvqbb\">\nO certificado entregue ao comprador especifica:\u00a0\u201cEscultura imaterial para ser posicionada em um espa\u00e7o livre de obst\u00e1culos. Dimens\u00f5es vari\u00e1veis. Acompanhada de certificado de autenticidade emitido pelo artista. Proced\u00eancia: cole\u00e7\u00e3o particular, Mil\u00e3o.\u201d&gt;\n<\/p>\n<p id=\"paragrafo-amw8hkdlby\">\nPara Garau, o poder da obra est\u00e1 justamente na aus\u00eancia de mat\u00e9ria. \u201cA arte \u00e9 o que o observador sente, n\u00e3o o que ele v\u00ea\u201d, afirmou o artista em entrevista a ve\u00edculos italianos.&gt;\n<\/p>\n<p id=\"paragrafo-5ss98t7g8s\">\nA pol\u00eamica em torno de obras conceituais n\u00e3o \u00e9 novidade. Em 2019, o tamb\u00e9m italiano Maurizio Cattelan causou alvoro\u00e7o ao colar uma banana na parede com fita adesiva, batizada de \u201cComediante\u201d.&gt;\n<\/p>\n<p id=\"paragrafo-qnyutzxprz\">\nA pe\u00e7a foi arrematada em leil\u00e3o da Sotheby\u2019s por R$ 35 milh\u00f5es, ap\u00f3s uma disputa entre sete compradores. O vencedor foi o empres\u00e1rio Justin Sun, fundador da plataforma de criptomoedas Tron.&gt;\n<\/p>\n<p id=\"paragrafo-d2d2r801vy\">\n\u201cN\u00e3o \u00e9 apenas arte, \u00e9 um fen\u00f4meno cultural que une o mundo da arte, dos memes e das criptomoedas\u201d, declarou Sun, prometendo \u201ccomer pessoalmente a banana\u201d como parte da performance.&gt;\n<\/p>\n<p id=\"paragrafo-yrbwz83f9o\">\nA obra, com tr\u00eas vers\u00f5es originais, foi alvo de cr\u00edticas e at\u00e9 de protestos: um artista chegou a \u201ccomer\u201d a banana durante a exposi\u00e7\u00e3o em Miami, em protesto contra o pre\u00e7o considerado absurdo.&gt;\n<\/p>\n<p id=\"paragrafo-x9wj9kvmt9\">\nNo Brasil, o epis\u00f3dio inspirou o artista pl\u00e1stico Ren\u00e9 Machado, que criou a par\u00f3dia \u201cVendo ma\u00e7\u00e3 a pre\u00e7o de banana\u201d, colando frutas na parede ao som de \u201cOt\u00e1rio\u201d, do grupo Exalta Samba.&gt;<\/p>\n","protected":false},"excerpt":{"rendered":"O artista italiano Salvatore Garau voltou aos holofotes ap\u00f3s viralizar nas redes sociais por ter vendido uma escultura&hellip;\n","protected":false},"author":2,"featured_media":119585,"comment_status":"","ping_status":"","sticky":false,"template":"","format":"standard","meta":{"footnotes":""},"categories":[144],"tags":[207,205,206,203,201,202,204,114,115,32,33],"class_list":{"0":"post-119584","1":"post","2":"type-post","3":"status-publish","4":"format-standard","5":"has-post-thumbnail","7":"category-arte-e-design","8":"tag-arte","9":"tag-arte-e-design","10":"tag-artedesign","11":"tag-arts","12":"tag-arts-and-design","13":"tag-artsanddesign","14":"tag-design","15":"tag-entertainment","16":"tag-entretenimento","17":"tag-portugal","18":"tag-pt"},"share_on_mastodon":{"url":"https:\/\/pubeurope.com\/@pt\/115409309219146954","error":""},"_links":{"self":[{"href":"https:\/\/www.europesays.com\/pt\/wp-json\/wp\/v2\/posts\/119584","targetHints":{"allow":["GET"]}}],"collection":[{"href":"https:\/\/www.europesays.com\/pt\/wp-json\/wp\/v2\/posts"}],"about":[{"href":"https:\/\/www.europesays.com\/pt\/wp-json\/wp\/v2\/types\/post"}],"author":[{"embeddable":true,"href":"https:\/\/www.europesays.com\/pt\/wp-json\/wp\/v2\/users\/2"}],"replies":[{"embeddable":true,"href":"https:\/\/www.europesays.com\/pt\/wp-json\/wp\/v2\/comments?post=119584"}],"version-history":[{"count":0,"href":"https:\/\/www.europesays.com\/pt\/wp-json\/wp\/v2\/posts\/119584\/revisions"}],"wp:featuredmedia":[{"embeddable":true,"href":"https:\/\/www.europesays.com\/pt\/wp-json\/wp\/v2\/media\/119585"}],"wp:attachment":[{"href":"https:\/\/www.europesays.com\/pt\/wp-json\/wp\/v2\/media?parent=119584"}],"wp:term":[{"taxonomy":"category","embeddable":true,"href":"https:\/\/www.europesays.com\/pt\/wp-json\/wp\/v2\/categories?post=119584"},{"taxonomy":"post_tag","embeddable":true,"href":"https:\/\/www.europesays.com\/pt\/wp-json\/wp\/v2\/tags?post=119584"}],"curies":[{"name":"wp","href":"https:\/\/api.w.org\/{rel}","templated":true}]}}