{"id":119624,"date":"2025-10-21T00:56:14","date_gmt":"2025-10-21T00:56:14","guid":{"rendered":"https:\/\/www.europesays.com\/pt\/119624\/"},"modified":"2025-10-21T00:56:14","modified_gmt":"2025-10-21T00:56:14","slug":"andebol-sporting-aplica-reviravolta-na-povoa-e-retoma-lideranca","status":"publish","type":"post","link":"https:\/\/www.europesays.com\/pt\/119624\/","title":{"rendered":"Andebol: Sporting aplica reviravolta na P\u00f3voa e retoma lideran\u00e7a"},"content":{"rendered":"<p style=\"margin-bottom:11px\">Na sequ\u00eancia da fant\u00e1stica vit\u00f3ria na Liga dos Campe\u00f5es ante os h\u00fangaros do Veszpr\u00e9m, o Sporting aplicou uma reviravolta na visita ao P\u00f3voa. Na tarde deste domingo, os bicampe\u00f5es em t\u00edtulo at\u00e9 chegaram ao intervalo a perder (13-12), mas aplicaram uma etapa complementar de 22-5, culminando no 34-18.<\/p>\n<p>Destaque para os oito golos de Francisco Costa. Nos poveiros, Gabriel Sequeira (cinco golos) foi o mais inconformado.<\/p>\n<p>Assim, os le\u00f5es retomam a lideran\u00e7a isolada da Liga, com 24 pontos \u2013 oito vit\u00f3rias em oito rondas \u2013 mais dois do que FC Porto e Benfica. Segue-se a visita aos noruegueses do Kolstad \u2013 para a Champions, na quarta-feira (17h45) \u2013 e a rece\u00e7\u00e3o ao Avanca (8.\u00ba), no s\u00e1bado (21h).<\/p>\n<p>\u00a0<\/p>\n<blockquote class=\"twitter-tweet\">\n<p lang=\"pt\"><a href=\"https:\/\/twitter.com\/hashtag\/AndebolSCP?src=hash&amp;ref_src=twsrc%5Etfw\" rel=\"nofollow noopener\" target=\"_blank\">#AndebolSCP<\/a> | \u23f9\ufe0f Os Le\u00f5es vencem em casa do P\u00f3voa AC e conquistam a 8.\u00aa vit\u00f3ria em 8 jogos no Campeonato Nacional \ud83d\udd25<\/p>\n<p>\ud83d\udd35 18-34 \u26aa\ufe0f \/\/ <a href=\"https:\/\/twitter.com\/hashtag\/PACSCP?src=hash&amp;ref_src=twsrc%5Etfw\" rel=\"nofollow noopener\" target=\"_blank\">#PACSCP<\/a> <a href=\"https:\/\/t.co\/MAKa3FM9FC\" rel=\"nofollow\">pic.twitter.com\/MAKa3FM9FC<\/a><\/p>\n<p> \u2014 Sporting CP &#8211; Modalidades (@SCPModalidades)<br \/>\n  <a href=\"https:\/\/twitter.com\/SCPModalidades\/status\/1979966996599939118?ref_src=twsrc%5Etfw\" rel=\"nofollow noopener\" target=\"_blank\">October 19, 2025<\/a>\n <\/p><\/blockquote>\n<p>                                <script async src=\"https:\/\/platform.twitter.com\/widgets.js\" charset=\"utf-8\"><\/script><\/p>\n","protected":false},"excerpt":{"rendered":"Na sequ\u00eancia da fant\u00e1stica vit\u00f3ria na Liga dos Campe\u00f5es ante os h\u00fangaros do Veszpr\u00e9m, o Sporting aplicou uma&hellip;\n","protected":false},"author":2,"featured_media":119625,"comment_status":"","ping_status":"","sticky":false,"template":"","format":"standard","meta":{"footnotes":""},"categories":[87],"tags":[2693,6365,135,46,32,27843,33,47,527,5434,5920,34,134],"class_list":{"0":"post-119624","1":"post","2":"type-post","3":"status-publish","4":"format-standard","5":"has-post-thumbnail","7":"category-desporto","8":"tag-andebol","9":"tag-andebol-sporting","10":"tag-desporto","11":"tag-maisfutebol","12":"tag-portugal","13":"tag-povoa","14":"tag-pt","15":"tag-pura-paixao","16":"tag-resultados","17":"tag-resultados-hoje","18":"tag-resultados-maisfutebol","19":"tag-sporting","20":"tag-sports"},"share_on_mastodon":{"url":"https:\/\/pubeurope.com\/@pt\/115409438744192329","error":""},"_links":{"self":[{"href":"https:\/\/www.europesays.com\/pt\/wp-json\/wp\/v2\/posts\/119624","targetHints":{"allow":["GET"]}}],"collection":[{"href":"https:\/\/www.europesays.com\/pt\/wp-json\/wp\/v2\/posts"}],"about":[{"href":"https:\/\/www.europesays.com\/pt\/wp-json\/wp\/v2\/types\/post"}],"author":[{"embeddable":true,"href":"https:\/\/www.europesays.com\/pt\/wp-json\/wp\/v2\/users\/2"}],"replies":[{"embeddable":true,"href":"https:\/\/www.europesays.com\/pt\/wp-json\/wp\/v2\/comments?post=119624"}],"version-history":[{"count":0,"href":"https:\/\/www.europesays.com\/pt\/wp-json\/wp\/v2\/posts\/119624\/revisions"}],"wp:featuredmedia":[{"embeddable":true,"href":"https:\/\/www.europesays.com\/pt\/wp-json\/wp\/v2\/media\/119625"}],"wp:attachment":[{"href":"https:\/\/www.europesays.com\/pt\/wp-json\/wp\/v2\/media?parent=119624"}],"wp:term":[{"taxonomy":"category","embeddable":true,"href":"https:\/\/www.europesays.com\/pt\/wp-json\/wp\/v2\/categories?post=119624"},{"taxonomy":"post_tag","embeddable":true,"href":"https:\/\/www.europesays.com\/pt\/wp-json\/wp\/v2\/tags?post=119624"}],"curies":[{"name":"wp","href":"https:\/\/api.w.org\/{rel}","templated":true}]}}