{"id":119630,"date":"2025-10-21T01:02:10","date_gmt":"2025-10-21T01:02:10","guid":{"rendered":"https:\/\/www.europesays.com\/pt\/119630\/"},"modified":"2025-10-21T01:02:10","modified_gmt":"2025-10-21T01:02:10","slug":"jose-manuel-anes-esfaqueado-em-casa-filha-detida-pela-pj-violencia-domestica","status":"publish","type":"post","link":"https:\/\/www.europesays.com\/pt\/119630\/","title":{"rendered":"Jos\u00e9 Manuel Anes esfaqueado em casa. Filha detida pela PJ | Viol\u00eancia dom\u00e9stica"},"content":{"rendered":"<p>O antigo presidente do Observat\u00f3rio de Seguran\u00e7a, Criminalidade Organizada e Terrorismo (OSCOT) Jos\u00e9 Manuel Anes, de 81 anos, foi esfaqueado em casa, esta segunda-feira, alegadamente pela pr\u00f3pria filha, encontrando-se internado no hospital de S\u00e3o Jos\u00e9, em Lisboa.<\/p>\n<p>A mesma fonte adiantou que o alerta para a agress\u00e3o do tamb\u00e9m professor universit\u00e1rio e escritor foi dado pelas 13h54, tendo sido deslocado um carro patrulha da PSP para a resid\u00eancia, em Lisboa, &#8220;por haver not\u00edcia de agress\u00f5es alegadamente de uma filha ao pr\u00f3prio pai&#8221;.<\/p>\n<p>Ao chegar ao local, elementos da 1.\u00aa Divis\u00e3o do Cometlis, da PSP, foram informados por testemunhas &#8220;que teria sido visualizada uma suspeita do sexo feminino, alegadamente familiar da v\u00edtima, a sair da resid\u00eancia&#8221;, acrescentou a fonte policial.<\/p>\n<p>&#8220;Temendo pela integridade f\u00edsica do mesmo, j\u00e1 tendo conhecimento do hist\u00f3rico de viol\u00eancia dom\u00e9stica&#8221;, os pol\u00edcias &#8220;deslocaram-se de imediato&#8221; \u00e0 resid\u00eancia da v\u00edtima, &#8220;onde se depararam com o homem de 81 anos prostrado no solo ensanguentado&#8221;.<\/p>\n<p>Segundo a descri\u00e7\u00e3o policial, a v\u00edtima apresentava &#8220;v\u00e1rios ferimentos e lacera\u00e7\u00f5es, no abd\u00f3men, m\u00e3os e pernas, aparentemente provocados por um objecto cortante&#8221;, bem como &#8220;hematomas nos olhos provocados pelos dedos da suspeita&#8221;.<\/p>\n<p>A Pol\u00edcia Judici\u00e1ria fez saber, j\u00e1 esta noite, que a filha do antigo presidente do Observat\u00f3rio de Seguran\u00e7a encontra-se sob cust\u00f3dia da PJ, autoridade que ir\u00e1 prosseguir com a investiga\u00e7\u00e3o.<\/p>\n<p><a href=\"https:\/\/www.publico.pt\/2012\/01\/15\/jornal\/jose-manuel-anes-23698935\" target=\"_blank\" rel=\"nofollow noopener\">Jos\u00e9 Manuel Anes<\/a>, tamb\u00e9m conhecido pela sua liga\u00e7\u00e3o \u00e0 Ma\u00e7onaria, foi transportado por uma ambul\u00e2ncia dos Bombeiros Sapadores do Beato e Penha de Fran\u00e7a para o Hospital de S\u00e3o Jos\u00e9, &#8220;onde deu entrada pelas 14h50&#8221;, onde est\u00e1 internado, referiu a fonte, desconhecendo-se ao pormenor o estado de sa\u00fade da v\u00edtima.<\/p>\n<p>A PSP acrescenta que &#8220;efectuou dilig\u00eancias de preserva\u00e7\u00e3o do local do crime&#8221; e contactou com a Pol\u00edcia Judici\u00e1ria (PJ), que agora assume a investiga\u00e7\u00e3o.<\/p>\n<p>De acordo com a fonte da PSP, a suspeita do sexo feminino tem cerca de 40 anos e a sua identifica\u00e7\u00e3o e paradeiro n\u00e3o foi poss\u00edvel apurar no momento do socorro, face \u00e0 prioridade dada ao estado cl\u00ednico da v\u00edtima.<\/p>\n","protected":false},"excerpt":{"rendered":"O antigo presidente do Observat\u00f3rio de Seguran\u00e7a, Criminalidade Organizada e Terrorismo (OSCOT) Jos\u00e9 Manuel Anes, de 81 anos,&hellip;\n","protected":false},"author":2,"featured_media":119631,"comment_status":"","ping_status":"","sticky":false,"template":"","format":"standard","meta":{"footnotes":""},"categories":[10],"tags":[27,28,353,15,16,14,12686,25,26,21,22,12,13,19,20,4107,2445,32,23,24,1306,33,1717,58,17,18,29,30,31,3218],"class_list":{"0":"post-119630","1":"post","2":"type-post","3":"status-publish","4":"format-standard","5":"has-post-thumbnail","7":"category-portugal","8":"tag-breaking-news","9":"tag-breakingnews","10":"tag-em-destaque","11":"tag-featured-news","12":"tag-featurednews","13":"tag-headlines","14":"tag-hospital-de-sao-jose","15":"tag-latest-news","16":"tag-latestnews","17":"tag-main-news","18":"tag-mainnews","19":"tag-news","20":"tag-noticias","21":"tag-noticias-principais","22":"tag-noticiasprincipais","23":"tag-pj","24":"tag-policia-judiciaria","25":"tag-portugal","26":"tag-principais-noticias","27":"tag-principaisnoticias","28":"tag-psp","29":"tag-pt","30":"tag-seguranca","31":"tag-sociedade","32":"tag-top-stories","33":"tag-topstories","34":"tag-ultimas","35":"tag-ultimas-noticias","36":"tag-ultimasnoticias","37":"tag-violencia-domestica"},"share_on_mastodon":{"url":"https:\/\/pubeurope.com\/@pt\/115409462419107677","error":""},"_links":{"self":[{"href":"https:\/\/www.europesays.com\/pt\/wp-json\/wp\/v2\/posts\/119630","targetHints":{"allow":["GET"]}}],"collection":[{"href":"https:\/\/www.europesays.com\/pt\/wp-json\/wp\/v2\/posts"}],"about":[{"href":"https:\/\/www.europesays.com\/pt\/wp-json\/wp\/v2\/types\/post"}],"author":[{"embeddable":true,"href":"https:\/\/www.europesays.com\/pt\/wp-json\/wp\/v2\/users\/2"}],"replies":[{"embeddable":true,"href":"https:\/\/www.europesays.com\/pt\/wp-json\/wp\/v2\/comments?post=119630"}],"version-history":[{"count":0,"href":"https:\/\/www.europesays.com\/pt\/wp-json\/wp\/v2\/posts\/119630\/revisions"}],"wp:featuredmedia":[{"embeddable":true,"href":"https:\/\/www.europesays.com\/pt\/wp-json\/wp\/v2\/media\/119631"}],"wp:attachment":[{"href":"https:\/\/www.europesays.com\/pt\/wp-json\/wp\/v2\/media?parent=119630"}],"wp:term":[{"taxonomy":"category","embeddable":true,"href":"https:\/\/www.europesays.com\/pt\/wp-json\/wp\/v2\/categories?post=119630"},{"taxonomy":"post_tag","embeddable":true,"href":"https:\/\/www.europesays.com\/pt\/wp-json\/wp\/v2\/tags?post=119630"}],"curies":[{"name":"wp","href":"https:\/\/api.w.org\/{rel}","templated":true}]}}