{"id":119634,"date":"2025-10-21T01:06:08","date_gmt":"2025-10-21T01:06:08","guid":{"rendered":"https:\/\/www.europesays.com\/pt\/119634\/"},"modified":"2025-10-21T01:06:08","modified_gmt":"2025-10-21T01:06:08","slug":"poesia-resistencia-e-autoconhecimento-mineira-tathiane-de-lima-silva-lanca-alma-preta-na-sabia-livros-dia-25-sabado-em-uberlandia","status":"publish","type":"post","link":"https:\/\/www.europesays.com\/pt\/119634\/","title":{"rendered":"Poesia, resist\u00eancia e autoconhecimento: mineira Tathiane de Lima Silva lan\u00e7a \u201cAlma Preta\u201d na Sabi\u00e1 Livros, dia 25, s\u00e1bado, em Uberl\u00e2ndia"},"content":{"rendered":"<p style=\"text-align: center\">Livro re\u00fane poemas que transitam entre amor, espiritualidade, natureza e os desafios cotidianos, marcando a chegada de uma voz potente e necess\u00e1ria \u00e0 cena liter\u00e1ria contempor\u00e2nea<\/p>\n<p><img loading=\"lazy\" decoding=\"async\" class=\"size-medium wp-image-50411 aligncenter\" src=\"https:\/\/www.europesays.com\/pt\/wp-content\/uploads\/2025\/10\/Tathiane-de-Lima-Silva-Credito-para-Lucas-Orsini-1-600x400.jpg\" alt=\"\" width=\"600\" height=\"400\"  \/><\/p>\n<p><a name=\"m_-5988573393191797446_m_-4312730538354321004__c5kgezu3owj3\"\/><b>\u201cAlma Preta\u201d<\/b>\u00a0\u00e9 o primeiro livro da escritora mineira\u00a0<a href=\"https:\/\/www.instagram.com\/tathiane_lima_silva\" target=\"_blank\" rel=\"noopener nofollow\" data-saferedirecturl=\"https:\/\/www.google.com\/url?q=https:\/\/www.instagram.com\/tathiane_lima_silva&amp;source=gmail&amp;ust=1761090462682000&amp;usg=AOvVaw2HNFUYZxNLhLxdWOx9WaI5\">Tathiane de Lima Silva,<\/a>\u00a0publicado com incentivo do\u00a0<b>Programa Municipal de Incentivo \u00e0 Cultura de Uberl\u00e2ndia (PMIC)<\/b>\u00a0pela editora Sabi\u00e1 Livros. Com pref\u00e1cio do escritor Bruno In\u00e1cio, a obra convida o leitor a uma jornada po\u00e9tica por temas como\u00a0<b>identidade, ancestralidade, amor e os atravessamentos da vida<\/b>.\u00a0<b>A obra ser\u00e1 lan\u00e7ada em Uberl\u00e2ndia, na Sabi\u00e1 Livros, \u00e0s 19h deste s\u00e1bado, dia 25\/10.<\/b><\/p>\n<p>Dividido em tr\u00eas partes \u2014\u00a0Caminhos,\u00a0Autorretrato\u00a0e\u00a0Amores\u00a0\u2014, o livro apresenta uma poesia que \u00e9, ao mesmo tempo, den\u00fancia e celebra\u00e7\u00e3o. Os versos exploram a busca pela liberdade, o autocuidado, as dores do racismo e a beleza cotidiana. \u201cEscrevo sobre o que me atravessa no dia a dia. Dores e amores. Espinhos e flores\u201d, diz a autora. Essa autenticidade aparece em poemas como\u00a0Caminhos, que questiona:<\/p>\n<p>\u201cQual caminho seguir? \/ O caminho que me faz expandir \/ E fluir \/ E seguir \/ Pra dentro de mim.\u201d<\/p>\n<p>O processo criativo do livro se deu de forma org\u00e2nica, atravessando diferentes fases da vida da poeta. Tathiane revela que os poemas foram escritos em momentos distintos, com um per\u00edodo de produ\u00e7\u00e3o mais intensa durante a pandemia de Covid-19, ao longo de cerca de dois anos.<\/p>\n<p>\u201cIniciou como desabafo de uma menina preta t\u00edmida, que sofria epis\u00f3dios de racismo na escola. Ele se tornou um grito potente de resist\u00eancia\u201d, reflete.<\/p>\n<p>No pref\u00e1cio, Bruno In\u00e1cio \u2014 professor do curso de escrita liter\u00e1ria onde Tathiane deu os primeiros passos para a publica\u00e7\u00e3o \u2014 destaca a pot\u00eancia da obra: \u201cTathiane faz versos com leveza e profundidade, rebeldia e afeto, sil\u00eancio e imensid\u00e3o.<b>\u00a0Alma Preta\u00a0<\/b>\u00e9 um livro que transborda, faz la\u00e7os, dan\u00e7a e prop\u00f5e um respiro diante das turbul\u00eancias da vida moderna.\u201d<\/p>\n<p>A autora n\u00e3o ignora as dificuldades, mas reivindica a contempla\u00e7\u00e3o e a liberdade como formas de enfrent\u00e1-las. Entre as principais mensagens da obra, Tathiane ressalta a import\u00e2ncia de acreditar e buscar, mesmo quando os sonhos parecem distantes.<\/p>\n<p>\u201cNele me despi de forma genu\u00edna e intencional, sem m\u00e1scaras, e assim pude ressignificar algumas dores, transformando-as em for\u00e7as e impulsionadores\u201d, afirma.<\/p>\n<p><a name=\"m_-5988573393191797446_m_-4312730538354321004__ylomww6iztv1\"\/><b>Sobre a autora<\/b><\/p>\n<p>Tathiane de Lima Silva, 40 anos, \u00e9 natural de Ituiutaba (MG) e reside em Uberl\u00e2ndia. Mulher preta, \u00e9 bacharel e mestre em Medicina Veterin\u00e1ria pela Universidade Federal de Uberl\u00e2ndia, graduanda em Filosofia e estudante de viol\u00e3o. Servidora p\u00fablica concursada, teve dois poemas selecionados no Concurso Liter\u00e1rio de Poesia do Programa Ler com Prazer, da Biblioteca P\u00fablica Municipal de Uberl\u00e2ndia, em 2021. Suas influ\u00eancias art\u00edsticas transitam entre a m\u00fasica de Milton Nascimento, Iza e Mateus Aleluia, e a literatura de Cec\u00edlia Meireles.<\/p>\n<p><b>FICHA T\u00c9CNICA<\/b><\/p>\n<p><b>Livro:<\/b>\u00a0Alma Preta<\/p>\n<p><b>Autora:\u00a0<\/b>Tathiane de Lima Silva<\/p>\n<p><b>Editora:<\/b>\u00a0Sabi\u00e1 Livros<\/p>\n<p><b>Ano:\u00a0<\/b>2025<\/p>\n<p><b>G\u00eanero:<\/b>\u00a0Poesia<\/p>\n<p><a name=\"m_-5988573393191797446_m_-4312730538354321004__9bneu4vvteyi\"\/><b>ISBN:<\/b>\u00a0978-65-996889-8-0<\/p>\n<p>\t<script async src=\"\/\/www.instagram.com\/embed.js\"><\/script><\/p>\n","protected":false},"excerpt":{"rendered":"Livro re\u00fane poemas que transitam entre amor, espiritualidade, natureza e os desafios cotidianos, marcando a chegada de uma&hellip;\n","protected":false},"author":2,"featured_media":119635,"comment_status":"","ping_status":"","sticky":false,"template":"","format":"standard","meta":{"footnotes":""},"categories":[143],"tags":[169,114,115,170,32,33],"class_list":{"0":"post-119634","1":"post","2":"type-post","3":"status-publish","4":"format-standard","5":"has-post-thumbnail","7":"category-livros","8":"tag-books","9":"tag-entertainment","10":"tag-entretenimento","11":"tag-livros","12":"tag-portugal","13":"tag-pt"},"share_on_mastodon":{"url":"https:\/\/pubeurope.com\/@pt\/115409478301996636","error":""},"_links":{"self":[{"href":"https:\/\/www.europesays.com\/pt\/wp-json\/wp\/v2\/posts\/119634","targetHints":{"allow":["GET"]}}],"collection":[{"href":"https:\/\/www.europesays.com\/pt\/wp-json\/wp\/v2\/posts"}],"about":[{"href":"https:\/\/www.europesays.com\/pt\/wp-json\/wp\/v2\/types\/post"}],"author":[{"embeddable":true,"href":"https:\/\/www.europesays.com\/pt\/wp-json\/wp\/v2\/users\/2"}],"replies":[{"embeddable":true,"href":"https:\/\/www.europesays.com\/pt\/wp-json\/wp\/v2\/comments?post=119634"}],"version-history":[{"count":0,"href":"https:\/\/www.europesays.com\/pt\/wp-json\/wp\/v2\/posts\/119634\/revisions"}],"wp:featuredmedia":[{"embeddable":true,"href":"https:\/\/www.europesays.com\/pt\/wp-json\/wp\/v2\/media\/119635"}],"wp:attachment":[{"href":"https:\/\/www.europesays.com\/pt\/wp-json\/wp\/v2\/media?parent=119634"}],"wp:term":[{"taxonomy":"category","embeddable":true,"href":"https:\/\/www.europesays.com\/pt\/wp-json\/wp\/v2\/categories?post=119634"},{"taxonomy":"post_tag","embeddable":true,"href":"https:\/\/www.europesays.com\/pt\/wp-json\/wp\/v2\/tags?post=119634"}],"curies":[{"name":"wp","href":"https:\/\/api.w.org\/{rel}","templated":true}]}}