{"id":119636,"date":"2025-10-21T01:07:13","date_gmt":"2025-10-21T01:07:13","guid":{"rendered":"https:\/\/www.europesays.com\/pt\/119636\/"},"modified":"2025-10-21T01:07:13","modified_gmt":"2025-10-21T01:07:13","slug":"marcia-soares-mostra-o-lado-mais-intimo-da-sua-rotina-veja-as-fotos-que-estao-a-derreter-os-fas-secret-story","status":"publish","type":"post","link":"https:\/\/www.europesays.com\/pt\/119636\/","title":{"rendered":"Marcia Soares mostra o lado mais \u00edntimo da sua rotina: veja as fotos que est\u00e3o a derreter os f\u00e3s &#8211; Secret Story"},"content":{"rendered":"<p>\n                    Marcia Soares abriu-se aos seguidores e mostrou o seu lado mais \u00edntimo, partilhando momentos descontra\u00eddos da sua rotina.\n                <\/p>\n<p style=\"margin-bottom:11px\"><strong>Marcia Soares abriu uma janela para a sua vida <\/strong>mais \u00edntima ao partilhar, na tarde de domingo, 19 de outubro, uma sequ\u00eancia de fotografias no Instagram que mostram momentos pessoais, alegres e descontra\u00eddos.<a href=\"https:\/\/tvi.iol.pt\/secretstory\/search?pagina=1&amp;pesquisa=marcia+soares\" rel=\"nofollow noopener\" target=\"_blank\"> A ex-concorrente e comentadora<\/a> r<strong>evelou aos seguidores n\u00e3o apenas o seu dia a dia<\/strong>, mas tamb\u00e9m pequenos <strong>detalhes da sua rotina<\/strong>, <strong>hobbies e paix\u00f5es,<\/strong> proporcionando um olhar mais pr\u00f3ximo e genu\u00edno sobre quem \u00e9 fora das c\u00e2meras.<\/p>\n<p><strong>Na legenda das fotos<\/strong>, <a href=\"https:\/\/tvi.iol.pt\/secretstory\/search?pagina=1&amp;pesquisa=marcia+soares\" rel=\"nofollow noopener\" target=\"_blank\">Marcia fez quest\u00e3o de comentar cada momento<\/a>, <strong>com um tom descontra\u00eddo e cheio de humor:<\/strong><\/p>\n<p>\u00ab1. Achei que ficava gira como primeira foto do carrossel<\/p>\n<p>2. Mais uma foto que merecia o pr\u00e9mio do ano<\/p>\n<p>3.O tal cabelo que vos tenho de mostrar como se faz<\/p>\n<p>4. Intervalos no Extra @sstvi<\/p>\n<p>5. Era desnecess\u00e1ria aqui mas gostei das cores<\/p>\n<p>6. Padel com as gajas<\/p>\n<p>7. Nunca se deixem enganar por este sorriso<\/p>\n<p>8. Flores para uma flor<\/p>\n<p>9. Cora\u00e7\u00e3o machucado<\/p>\n<p>10. Amo estas cores ao fim do dia<\/p>\n<p>11. Eu linda com sardas<\/p>\n<p>12. Mais uma vez o sapatinho, estou viciada<\/p>\n<p>13. Por do sol algures na Ericeira (acho eu)<\/p>\n<p>14. Uma boa lula grelhada n\u00e3o sabia o bem que lhe fazia<\/p>\n<p>15. Sempre feliz no treino com a ajuda do @franciscomacaufitness<\/p>\n<p>16. Sinto que a miga me est\u00e1 a julgar<\/p>\n<p>17. Cores<\/p>\n<p>18. Eu elegant\u00edssima no desfile da @fatimalopes.official \u00bb<\/p>\n<p><strong>Entre momentos de lazer e intimidade<\/strong>, como o p\u00f4r do sol na Ericeira ou as pausas para treino com o personal trainer, <a href=\"https:\/\/tvi.iol.pt\/secretstory\/search?pagina=1&amp;pesquisa=marcia+soares\" rel=\"nofollow noopener\" target=\"_blank\">Marcia<\/a> <strong>revela uma faceta mais pessoal e genu\u00edna, longe das luzes e das c\u00e2meras do programa<\/strong>. Pequenos gestos, sorrisos e detalhes do seu dia a dia mostram uma mulher que vive em pleno e que n\u00e3o tem receio de partilhar o que a faz feliz.<\/p>\n<p>A sequ\u00eancia de fotos evidencia tamb\u00e9m<strong> a liga\u00e7\u00e3o afetiva da comentadora<\/strong> com amigos e familiares, <strong>o seu cuidado com o bem-estar e a forma como valoriza cada momento de simplicidade<\/strong>, refor\u00e7ando o seu lado mais humano e pr\u00f3ximo.<\/p>\n<p><strong>Veja agora a galeria de fotos que prepar\u00e1mos para si.<\/strong><\/p>\n","protected":false},"excerpt":{"rendered":"Marcia Soares abriu-se aos seguidores e mostrou o seu lado mais \u00edntimo, partilhando momentos descontra\u00eddos da sua rotina.&hellip;\n","protected":false},"author":2,"featured_media":113853,"comment_status":"","ping_status":"","sticky":false,"template":"","format":"standard","meta":{"footnotes":""},"categories":[142],"tags":[18706,114,115,18705,2038,32,33,151,3192,18704],"class_list":{"0":"post-119636","1":"post","2":"type-post","3":"status-publish","4":"format-standard","5":"has-post-thumbnail","7":"category-tv","8":"tag-bastidores-secret-story","9":"tag-entertainment","10":"tag-entretenimento","11":"tag-entrevistas-concorrentes-tvi","12":"tag-marcia-soares","13":"tag-portugal","14":"tag-pt","15":"tag-tv","16":"tag-vida","17":"tag-vida-fora-da-casa"},"share_on_mastodon":{"url":"https:\/\/pubeurope.com\/@pt\/115409482207702984","error":""},"_links":{"self":[{"href":"https:\/\/www.europesays.com\/pt\/wp-json\/wp\/v2\/posts\/119636","targetHints":{"allow":["GET"]}}],"collection":[{"href":"https:\/\/www.europesays.com\/pt\/wp-json\/wp\/v2\/posts"}],"about":[{"href":"https:\/\/www.europesays.com\/pt\/wp-json\/wp\/v2\/types\/post"}],"author":[{"embeddable":true,"href":"https:\/\/www.europesays.com\/pt\/wp-json\/wp\/v2\/users\/2"}],"replies":[{"embeddable":true,"href":"https:\/\/www.europesays.com\/pt\/wp-json\/wp\/v2\/comments?post=119636"}],"version-history":[{"count":0,"href":"https:\/\/www.europesays.com\/pt\/wp-json\/wp\/v2\/posts\/119636\/revisions"}],"wp:featuredmedia":[{"embeddable":true,"href":"https:\/\/www.europesays.com\/pt\/wp-json\/wp\/v2\/media\/113853"}],"wp:attachment":[{"href":"https:\/\/www.europesays.com\/pt\/wp-json\/wp\/v2\/media?parent=119636"}],"wp:term":[{"taxonomy":"category","embeddable":true,"href":"https:\/\/www.europesays.com\/pt\/wp-json\/wp\/v2\/categories?post=119636"},{"taxonomy":"post_tag","embeddable":true,"href":"https:\/\/www.europesays.com\/pt\/wp-json\/wp\/v2\/tags?post=119636"}],"curies":[{"name":"wp","href":"https:\/\/api.w.org\/{rel}","templated":true}]}}