{"id":119638,"date":"2025-10-21T01:10:13","date_gmt":"2025-10-21T01:10:13","guid":{"rendered":"https:\/\/www.europesays.com\/pt\/119638\/"},"modified":"2025-10-21T01:10:13","modified_gmt":"2025-10-21T01:10:13","slug":"noivo-de-maria-botelho-moniz-esta-de-luto-partiram-demasiado-cedo-novelas","status":"publish","type":"post","link":"https:\/\/www.europesays.com\/pt\/119638\/","title":{"rendered":"Noivo de Maria Botelho Moniz est\u00e1 de luto: \u00abPartiram demasiado cedo\u00bb &#8211; Novelas"},"content":{"rendered":"<p data-end=\"695\" data-start=\"315\">O <strong data-end=\"372\" data-start=\"317\">piloto de desportos motorizados<a href=\"https:\/\/tvi.iol.pt\/novelas\/pedro-bianchi-prata\/paternidade\/para-de-crescer-meu-pequenino-pedro-bianchi-prata-comove-fas-com-video-viral-do-filho\" rel=\"nofollow noopener\" target=\"_blank\"> Pedro Bianchi Prata<\/a><\/strong>, de 50 anos, voltou a <strong data-end=\"422\" data-start=\"395\">emocionar os seguidores<\/strong> ao partilhar uma <strong data-end=\"488\" data-start=\"440\">fotografia e um story carregados de significado e emo\u00e7\u00e3o<\/strong>. Noivo da apresentadora <strong data-end=\"536\" data-start=\"513\">Maria Botelho Moniz<\/strong>, de 41 anos, o desportista mostrou uma vez mais o seu lado mais humano e sens\u00edvel ao recordar dois colegas e grandes amigos que <strong data-end=\"692\" data-start=\"665\">partiram demasiado cedo<\/strong>.<\/p>\n<p data-end=\"695\" data-start=\"315\"><img loading=\"lazy\" decoding=\"async\" alt=\"\" height=\"177\" src=\"https:\/\/www.europesays.com\/pt\/wp-content\/uploads\/2025\/10\/68f62097d34e58bc67971666.webp\" width=\"100\"\/><\/p>\n<p data-end=\"695\" data-start=\"315\"><strong>Recorde-se que o piloto portugu\u00eas Jorge Brand\u00e3o faleceu esta sexta-feira, 17<\/strong> de outubro de 2025, aos 46 anos, ap\u00f3s um tr\u00e1gico acidente durante a quinta e \u00faltima etapa do Rallye du Maroc, em Marrocos. O incidente ocorreu nas dunas, ao quil\u00f3metro 214, quando Brand\u00e3o, que competia pela segunda vez nesta prova, perdeu o controlo da sua moto. Foi prontamente assistido pela equipa m\u00e9dica da organiza\u00e7\u00e3o e transportado de helic\u00f3ptero para o hospital de Erfoud, onde veio a falecer \u00e0s 13h55, hora local<\/p>\n<p data-end=\"930\" data-start=\"697\">Pedro Bianchi Prata, que sempre se mostrou <strong data-end=\"780\" data-start=\"740\">muito chegado \u00e0 fam\u00edlia e aos amigos<\/strong>, partilhou nas redes sociais uma imagem que recebeu da filha de um dos amigos perdidos, e que o tocou profundamente. Na legenda, o piloto escreveu:<strong> \u00abHoje recebi esta foto da filha do Jorge, a Ana. O Jorge tirou esta selfie \u2014 estamos os tr\u00eas: eu, ele e o Paulo Gon\u00e7alves. \ud83d\udc94Olhar para esta imagem agora tem um significado enorme\u2026 Dois grandes amigos, dois grandes pilotos, que partiram demasiado cedo. Gosto de acreditar que, l\u00e1 em cima, existe um deserto com dunas infinitas\u2026 e que o Jorge e o Paulo est\u00e3o juntos, a andar de moto e a olhar por n\u00f3s c\u00e1 em baixo. \ud83c\udfcd\ufe0f\ud83d\udd4a\ufe0f\u00bb.<\/strong><\/p>\n<blockquote class=\"instagram-media\" data-instgrm-captioned=\"\" data-instgrm-permalink=\"https:\/\/www.instagram.com\/p\/DP_OktbiEMJ\/?utm_source=ig_embed&amp;utm_campaign=loading\" data-instgrm-version=\"14\" style=\" background:#FFF; border:0; border-radius:3px; box-shadow:0 0 1px 0 rgba(0,0,0,0.5),0 1px 10px 0 rgba(0,0,0,0.15); margin: 1px; max-width:540px; min-width:326px; padding:0; width:99.375%; width:-webkit-calc(100% - 2px); width:calc(100% - 2px);\">\n<\/blockquote>\n<p data-end=\"1664\" data-start=\"1389\">A <strong data-end=\"1449\" data-start=\"1391\">fotografia mostra os tr\u00eas pilotos juntos e sorridentes<\/strong>, num momento feliz que, agora, ganha um valor ainda mais simb\u00f3lico. Para Pedro, esta recorda\u00e7\u00e3o \u00e9 uma forma de <strong data-end=\"1612\" data-start=\"1561\">homenagear os companheiros de estrada e de vida<\/strong>, celebrando as mem\u00f3rias e o esp\u00edrito que os unia.<\/p>\n<p data-end=\"1897\" data-start=\"1666\">A publica\u00e7\u00e3o gerou uma onda de <strong data-end=\"1729\" data-start=\"1697\">mensagens de carinho e apoio<\/strong>, com dezenas de coment\u00e1rios emocionados de seguidores, amigos e admiradores do piloto. Entre eles, destacaram-se palavras de grande empatia e partilha de sentimento: \u00abA vida, \u00e0s vezes, d\u00e1-nos cada murro no est\u00f4mago! Esta publica\u00e7\u00e3o foi um desses murros. Para nos mostrar, mais uma vez, que somos apenas as lembran\u00e7as do que vivemos e do que deixamos nos outros. Por isso, continuem a deixar Amor \u2764\ufe0f\u00bb, \u00ab\u2b50 For\u00e7a, Pedro.\u00bb,\u00abDuas estrelas no c\u00e9u a zelar por si. Tr\u00eas grandes pilotos \ud83d\udc4f\u00bb,<strong> \u00abFaz hoje 3 anos que partiu o Armindo Neves \ud83d\ude14\u00bb.<\/strong><\/p>\n<p data-end=\"2611\" data-start=\"2294\">O gesto de Pedro Bianchi Prata tocou profundamente quem o segue, relembrando a import\u00e2ncia de <strong data-end=\"2434\" data-start=\"2388\">celebrar a vida, as amizades e as mem\u00f3rias<\/strong>. O piloto, conhecido pela coragem nas pistas e pela sensibilidade fora delas, mostrou mais uma vez que a <strong data-end=\"2608\" data-start=\"2540\">verdadeira for\u00e7a est\u00e1 tamb\u00e9m na emo\u00e7\u00e3o e na capacidade de sentir<\/strong>.<\/p>\n<p>Veja aqui:\u00a0<\/p>\n<p><a href=\"https:\/\/tvi.iol.pt\/novelas\/cristina-ferreira\/remodelacoes\/cristina-ferreira-revela-duas-das-suas-paixoes-fora-da-televisao\" wbo-id=\"51\" rel=\"nofollow noopener\" target=\"_blank\">Cristina Ferreira revela duas das suas paix\u00f5es fora da televis\u00e3o &#8211; Novelas &#8211; TVI<\/a><\/p>\n<p><a href=\"https:\/\/tvi.iol.pt\/novelas\/paulo-vintem\/marta-melro\/paulo-vintem-quebra-silencio-sobre-separacao-de-marta-melro-o-amor-evolui-e-transforma-se\" wbo-id=\"52\" rel=\"nofollow noopener\" target=\"_blank\">Paulo Vint\u00e9m quebra sil\u00eancio sobre separa\u00e7\u00e3o de Marta Melro: \u00abO amor evolui e transforma-se\u00bb &#8211; Novelas &#8211; TVI<\/a>\u00a0<\/p>\n<p>                        <script async src=\"\/\/www.instagram.com\/embed.js\"><\/script><\/p>\n","protected":false},"excerpt":{"rendered":"O piloto de desportos motorizados Pedro Bianchi Prata, de 50 anos, voltou a emocionar os seguidores ao partilhar&hellip;\n","protected":false},"author":2,"featured_media":119639,"comment_status":"","ping_status":"","sticky":false,"template":"","format":"standard","meta":{"footnotes":""},"categories":[87],"tags":[1249,160,166,135,157,167,997,164,1437,1335,161,158,4089,165,159,32,33,156,134,163,162],"class_list":{"0":"post-119638","1":"post","2":"type-post","3":"status-publish","4":"format-standard","5":"has-post-thumbnail","7":"category-desporto","8":"tag-amigos","9":"tag-ana-guiomar","10":"tag-cristina-ferreira","11":"tag-desporto","12":"tag-festa-e-festa","13":"tag-ficcao","14":"tag-homenagem","15":"tag-jose-fidalgo","16":"tag-morte","17":"tag-motas","18":"tag-novelas","19":"tag-para-sempre","20":"tag-pedro-bianchi-prata","21":"tag-pedro-sousa","22":"tag-pedro-teixeira","23":"tag-portugal","24":"tag-pt","25":"tag-queridos-papas","26":"tag-sports","27":"tag-tiago-teotonio-pereira","28":"tag-tvi"},"share_on_mastodon":{"url":"https:\/\/pubeurope.com\/@pt\/115409493938216907","error":""},"_links":{"self":[{"href":"https:\/\/www.europesays.com\/pt\/wp-json\/wp\/v2\/posts\/119638","targetHints":{"allow":["GET"]}}],"collection":[{"href":"https:\/\/www.europesays.com\/pt\/wp-json\/wp\/v2\/posts"}],"about":[{"href":"https:\/\/www.europesays.com\/pt\/wp-json\/wp\/v2\/types\/post"}],"author":[{"embeddable":true,"href":"https:\/\/www.europesays.com\/pt\/wp-json\/wp\/v2\/users\/2"}],"replies":[{"embeddable":true,"href":"https:\/\/www.europesays.com\/pt\/wp-json\/wp\/v2\/comments?post=119638"}],"version-history":[{"count":0,"href":"https:\/\/www.europesays.com\/pt\/wp-json\/wp\/v2\/posts\/119638\/revisions"}],"wp:featuredmedia":[{"embeddable":true,"href":"https:\/\/www.europesays.com\/pt\/wp-json\/wp\/v2\/media\/119639"}],"wp:attachment":[{"href":"https:\/\/www.europesays.com\/pt\/wp-json\/wp\/v2\/media?parent=119638"}],"wp:term":[{"taxonomy":"category","embeddable":true,"href":"https:\/\/www.europesays.com\/pt\/wp-json\/wp\/v2\/categories?post=119638"},{"taxonomy":"post_tag","embeddable":true,"href":"https:\/\/www.europesays.com\/pt\/wp-json\/wp\/v2\/tags?post=119638"}],"curies":[{"name":"wp","href":"https:\/\/api.w.org\/{rel}","templated":true}]}}