{"id":119645,"date":"2025-10-21T01:16:12","date_gmt":"2025-10-21T01:16:12","guid":{"rendered":"https:\/\/www.europesays.com\/pt\/119645\/"},"modified":"2025-10-21T01:16:12","modified_gmt":"2025-10-21T01:16:12","slug":"cdu-contesta-apuramento-de-votos-em-lisboa-e-anuncia-recurso-para-o-tribunal-constitucional","status":"publish","type":"post","link":"https:\/\/www.europesays.com\/pt\/119645\/","title":{"rendered":"CDU contesta apuramento de votos em Lisboa e anuncia recurso para o Tribunal Constitucional"},"content":{"rendered":"<p>A CDU (coliga\u00e7\u00e3o que junta PCP ao Partido Ecologista os Verdes) anunciou esta segunda-feira, 20 de outubro, que vai requerer ao Tribunal Constitucional (TC) <strong>que &#8220;aprecie as decis\u00f5es&#8221; tomadas no apuramento geral dos votos das elei\u00e7\u00f5es aut\u00e1rquicas em Lisboa.<\/strong><\/p>\n<p>Em causa est\u00e3o <strong>&#8220;diverg\u00eancias nos resultados entre a ata e o edital&#8221;<\/strong> numa mesa de voto da cidade, juntando ainda &#8220;a necessidade de verifica\u00e7\u00e3o em inst\u00e2ncia superior da nulidade atribu\u00edda a votos nos quais consideramos estar expresso o sentido de voto do eleitor, <strong>bem como a diverg\u00eancia de crit\u00e9rios na avalia\u00e7\u00e3o da validade de votos entre for\u00e7as pol\u00edtica&#8221;.<\/strong><\/p>\n<p>Este protesto surge dias depois de ser noticiado que v\u00e1rios boletins de voto, na freguesia de S\u00e3o Domingos de Benfica, eram &#8220;defeituosos&#8221; e n\u00e3o tinham o quadradinho para votar no Chega. O partido de Andr\u00e9 Ventura ficou, inicialmente, a 11 votos da coliga\u00e7\u00e3o PCP-PEV. Depois do apuramento, essa diferen\u00e7a passou para tr\u00eas votos.<\/p>\n<p>Ao DN, <strong>Sofia Lisboa explicou que &#8220;h\u00e1 diverg\u00eancias&#8221; nos boletins de voto e nos &#8220;valores da ata e do edital&#8221; de uma freguesia lisboeta.<\/strong> <\/p>\n<p>Segundo a deputada eleita para a Assembleia Municipal, <strong>h\u00e1 ainda &#8220;uma s\u00e9rie de votos que deveriam ter sido contabilizados mas foram considerados nulos&#8221; quando h\u00e1 boletins iguais<\/strong>, com votos noutras for\u00e7as pol\u00edticas, mas que foram considerados v\u00e1lidos.<\/p>\n<p>Frisando que <strong>a assembleia de apuramento geral &#8220;s\u00f3 se debru\u00e7a sobre o edital&#8221;, Sofia Lisboa esclareceu que &#8220;h\u00e1 crit\u00e9rios&#8221; para avaliar estes votos e que a CDU questionou por que motivo &#8220;h\u00e1 boletins v\u00e1lidos para outras for\u00e7as pol\u00edticas&#8221; e n\u00e3o para a coliga\u00e7\u00e3o<\/strong>. E tendo em conta a diferen\u00e7a m\u00ednima entre CDU e Chega, que pode valer a elei\u00e7\u00e3o de um vereador, &#8220;\u00e9 normal que se esteja mais atento a esta quest\u00e3o&#8221;.<\/p>\n<p>No entanto, uma vez que se trata de uma quest\u00e3o de interpreta\u00e7\u00e3o de crit\u00e9rios, que pode abranger &#8220;um n\u00famero vari\u00e1vel&#8221; de boletins, <strong>a CDU n\u00e3o se comprometeu a &#8220;adiantar com nenhum valor espec\u00edfico&#8221; de quantos votos a mais poder\u00e1 a coliga\u00e7\u00e3o vir a ter.<\/strong><\/p>\n<p>Sofia Lisboa referiu ainda que &#8220;o processo de apuramento geral \u00e9 sempre assim, h\u00e1 contagens de votos e pode depois contestar-se junto do Tribunal Constitucional&#8221; &#8211; como agora acabou por acontecer, no \u00faltimo dia do prazo, segundo explicou ao DN a deputada eleita. <strong>A expectativa da coliga\u00e7\u00e3o \u00e9 que a resposta do TC chegue em dois dias \u00fateis (ou seja, at\u00e9 esta quarta-feira)<\/strong>. At\u00e9 essa data, o processo eleitoral n\u00e3o fica formalmente encerrado em Lisboa, uma vez que pode haver mudan\u00e7as na forma\u00e7\u00e3o do executivo camar\u00e1rio.<\/p>\n<p>N\u00e3o havendo quaisquer mudan\u00e7as, o pr\u00f3ximo executivo municipal ser\u00e1 composto por oito vereadores da coliga\u00e7\u00e3o Por Ti, Lisboa (PSD\/CDS\/IL), seis da coliga\u00e7\u00e3o Viver Lisboa (PS\/L\/BE\/PAN), dois do Chega e um da CDU.<\/p>\n","protected":false},"excerpt":{"rendered":"A CDU (coliga\u00e7\u00e3o que junta PCP ao Partido Ecologista os Verdes) anunciou esta segunda-feira, 20 de outubro, que&hellip;\n","protected":false},"author":2,"featured_media":119646,"comment_status":"","ping_status":"","sticky":false,"template":"","format":"standard","meta":{"footnotes":""},"categories":[10],"tags":[2431,27,28,4861,15,16,14,25,26,21,22,12,13,19,20,3596,52,32,23,24,33,17,18,29,30,31],"class_list":{"0":"post-119645","1":"post","2":"type-post","3":"status-publish","4":"format-standard","5":"has-post-thumbnail","7":"category-portugal","8":"tag-autarquicas-2025","9":"tag-breaking-news","10":"tag-breakingnews","11":"tag-cdu","12":"tag-featured-news","13":"tag-featurednews","14":"tag-headlines","15":"tag-latest-news","16":"tag-latestnews","17":"tag-main-news","18":"tag-mainnews","19":"tag-news","20":"tag-noticias","21":"tag-noticias-principais","22":"tag-noticiasprincipais","23":"tag-pcp","24":"tag-politica","25":"tag-portugal","26":"tag-principais-noticias","27":"tag-principaisnoticias","28":"tag-pt","29":"tag-top-stories","30":"tag-topstories","31":"tag-ultimas","32":"tag-ultimas-noticias","33":"tag-ultimasnoticias"},"share_on_mastodon":{"url":"https:\/\/pubeurope.com\/@pt\/115409517500895546","error":""},"_links":{"self":[{"href":"https:\/\/www.europesays.com\/pt\/wp-json\/wp\/v2\/posts\/119645","targetHints":{"allow":["GET"]}}],"collection":[{"href":"https:\/\/www.europesays.com\/pt\/wp-json\/wp\/v2\/posts"}],"about":[{"href":"https:\/\/www.europesays.com\/pt\/wp-json\/wp\/v2\/types\/post"}],"author":[{"embeddable":true,"href":"https:\/\/www.europesays.com\/pt\/wp-json\/wp\/v2\/users\/2"}],"replies":[{"embeddable":true,"href":"https:\/\/www.europesays.com\/pt\/wp-json\/wp\/v2\/comments?post=119645"}],"version-history":[{"count":0,"href":"https:\/\/www.europesays.com\/pt\/wp-json\/wp\/v2\/posts\/119645\/revisions"}],"wp:featuredmedia":[{"embeddable":true,"href":"https:\/\/www.europesays.com\/pt\/wp-json\/wp\/v2\/media\/119646"}],"wp:attachment":[{"href":"https:\/\/www.europesays.com\/pt\/wp-json\/wp\/v2\/media?parent=119645"}],"wp:term":[{"taxonomy":"category","embeddable":true,"href":"https:\/\/www.europesays.com\/pt\/wp-json\/wp\/v2\/categories?post=119645"},{"taxonomy":"post_tag","embeddable":true,"href":"https:\/\/www.europesays.com\/pt\/wp-json\/wp\/v2\/tags?post=119645"}],"curies":[{"name":"wp","href":"https:\/\/api.w.org\/{rel}","templated":true}]}}