{"id":119662,"date":"2025-10-21T01:37:10","date_gmt":"2025-10-21T01:37:10","guid":{"rendered":"https:\/\/www.europesays.com\/pt\/119662\/"},"modified":"2025-10-21T01:37:10","modified_gmt":"2025-10-21T01:37:10","slug":"atualizacao-sobre-a-saude-do-filho-de-patricia-poeta","status":"publish","type":"post","link":"https:\/\/www.europesays.com\/pt\/119662\/","title":{"rendered":"Atualiza\u00e7\u00e3o sobre a sa\u00fade do filho de Patr\u00edcia Poeta"},"content":{"rendered":"<p>Filho da apresentadora Patr\u00edcia Poeta, <strong><a href=\"https:\/\/www.otempo.com.br\/entretenimento\/2025\/10\/17\/patricia-poeta-chora-ao-revelar-doenca-do-filho-momento-dificil\" target=\"_blank\" rel=\"noopener nofollow\">Felipe Poeta, 23, segue internado<\/a><\/strong>. Ele teve um problema no joelho e precisou passar por uma cirurgia para conter uma infec\u00e7\u00e3o. Poeta ainda permanece hospitalizado, sem previs\u00e3o de alta.<\/p>\n<p>Na \u00faltima sexta-feira (17), a apresentadora se emocionou no Encontro (Globo) ao citar um problema de sa\u00fade do filho.<\/p>\n<p>Na atra\u00e7\u00e3o, ela recebeu homenagem pelos 25 anos de carreira, mas, ao final, falou sobre o momento delicado.<\/p>\n<p>&#8220;Eu estou emocionada, porque esse momento da minha vida, em termos pessoais, est\u00e3o sendo um dos mais dif\u00edceis. H\u00e1 dois meses, meu filho est\u00e1 se tratando. Ent\u00e3o, o que eu queria dizer para voc\u00eas \u00e9 que voc\u00eas s\u00e3o o respiro e a leveza que falo sempre no dia a dia. Muito obrigado. Pensamento positivo&#8221;, disse ela ao receber os aplausos dos convidados e da plateia.<\/p>\n<p>No domingo (19), Felipe, que \u00e9 DJ, publicou um v\u00eddeo curto do hospital cantando parab\u00e9ns e celebrando a chegada dos 49 anos da m\u00e3e. Com ela estava Amauri Soares, ex-marido e pai de Felipe.<\/p>\n<p><strong>LEONARDO VOLPATO\/Folhapress<\/strong><\/p>\n","protected":false},"excerpt":{"rendered":"Filho da apresentadora Patr\u00edcia Poeta, Felipe Poeta, 23, segue internado. Ele teve um problema no joelho e precisou&hellip;\n","protected":false},"author":2,"featured_media":115186,"comment_status":"","ping_status":"","sticky":false,"template":"","format":"standard","meta":{"footnotes":""},"categories":[145],"tags":[211,210,114,115,10994,32,33,117],"class_list":{"0":"post-119662","1":"post","2":"type-post","3":"status-publish","4":"format-standard","5":"has-post-thumbnail","7":"category-celebridades","8":"tag-celebridades","9":"tag-celebrities","10":"tag-entertainment","11":"tag-entretenimento","12":"tag-patricia-poeta","13":"tag-portugal","14":"tag-pt","15":"tag-saude"},"share_on_mastodon":{"url":"https:\/\/pubeurope.com\/@pt\/115409600030302160","error":""},"_links":{"self":[{"href":"https:\/\/www.europesays.com\/pt\/wp-json\/wp\/v2\/posts\/119662","targetHints":{"allow":["GET"]}}],"collection":[{"href":"https:\/\/www.europesays.com\/pt\/wp-json\/wp\/v2\/posts"}],"about":[{"href":"https:\/\/www.europesays.com\/pt\/wp-json\/wp\/v2\/types\/post"}],"author":[{"embeddable":true,"href":"https:\/\/www.europesays.com\/pt\/wp-json\/wp\/v2\/users\/2"}],"replies":[{"embeddable":true,"href":"https:\/\/www.europesays.com\/pt\/wp-json\/wp\/v2\/comments?post=119662"}],"version-history":[{"count":0,"href":"https:\/\/www.europesays.com\/pt\/wp-json\/wp\/v2\/posts\/119662\/revisions"}],"wp:featuredmedia":[{"embeddable":true,"href":"https:\/\/www.europesays.com\/pt\/wp-json\/wp\/v2\/media\/115186"}],"wp:attachment":[{"href":"https:\/\/www.europesays.com\/pt\/wp-json\/wp\/v2\/media?parent=119662"}],"wp:term":[{"taxonomy":"category","embeddable":true,"href":"https:\/\/www.europesays.com\/pt\/wp-json\/wp\/v2\/categories?post=119662"},{"taxonomy":"post_tag","embeddable":true,"href":"https:\/\/www.europesays.com\/pt\/wp-json\/wp\/v2\/tags?post=119662"}],"curies":[{"name":"wp","href":"https:\/\/api.w.org\/{rel}","templated":true}]}}