{"id":119668,"date":"2025-10-21T01:44:06","date_gmt":"2025-10-21T01:44:06","guid":{"rendered":"https:\/\/www.europesays.com\/pt\/119668\/"},"modified":"2025-10-21T01:44:06","modified_gmt":"2025-10-21T01:44:06","slug":"luta-contra-malaria-esta-estagnada-denunciam-ongs","status":"publish","type":"post","link":"https:\/\/www.europesays.com\/pt\/119668\/","title":{"rendered":"Luta contra mal\u00e1ria est\u00e1 estagnada, denunciam ONGs"},"content":{"rendered":"<p>A luta contra a mal\u00e1ria est\u00e1 estagnada ap\u00f3s duas d\u00e9cadas de progresso, mas as mudan\u00e7as clim\u00e1ticas e o crescimento populacional est\u00e3o entre os fatores que amea\u00e7am dar impulso \u00e0 doen\u00e7a, alertaram duas ONGs nesta ter\u00e7a-feira (20, data local).<\/p>\n<p>O financiamento insuficiente para programas de preven\u00e7\u00e3o pode comprometer os esfor\u00e7os de combate \u00e0 doen\u00e7a transmitida por mosquitos, com um custo de centenas de milhares de vidas e bilh\u00f5es de d\u00f3lares, advertem.<\/p>\n<p>O impacto seria sentido especialmente na \u00c1frica, onde est\u00e3o concentrados 95% dos casos da doen\u00e7a, que provocou a morte de 590 mil pessoas em todo o mundo em 2023, segundo um novo relat\u00f3rio da Alian\u00e7a de L\u00edderes Africanos contra a Mal\u00e1ria (ALMA) e da organiza\u00e7\u00e3o Malaria No More UK.<\/p>\n<p>V\u00e1rios pa\u00edses africanos registraram um aumento de casos entre janeiro e junho de 2025, ap\u00f3s fortes chuvas, informam as entidades.<\/p>\n<p>A mortalidade por mal\u00e1ria caiu pela metade nas \u00faltimas duas d\u00e9cadas, segundo o relat\u00f3rio, publicado antes de uma reuni\u00e3o marcada para 21 de novembro na \u00c1frica do Sul. Este encontro busca garantir contribui\u00e7\u00f5es para o Fundo Global de Luta contra a Aids, a Tuberculose e a Mal\u00e1ria, respons\u00e1vel por cobrir 59% das despesas relacionadas \u00e0 doen\u00e7a.<\/p>\n<p>&#8220;No entanto, o financiamento insuficiente desacelerou o progresso na luta contra a mal\u00e1ria&#8221;, afirma o documento.<\/p>\n<p>&#8220;A combina\u00e7\u00e3o perfeita de mudan\u00e7a clim\u00e1tica, crescente resist\u00eancia a medicamentos e inseticidas, instabilidades comerciais e inseguran\u00e7a global enfraquece ainda mais a efic\u00e1cia das interven\u00e7\u00f5es contra a mal\u00e1ria&#8221;, acrescenta o informe.<\/p>\n<p>De acordo com o Relat\u00f3rio Mundial sobre a Mal\u00e1ria 2024 das Na\u00e7\u00f5es Unidas, em 2023 foram registrados aproximadamente 263 milh\u00f5es de casos em todo o mundo, um aumento de 11 milh\u00f5es em rela\u00e7\u00e3o ao ano anterior.<\/p>\n<p>&#8220;O aumento das temperaturas e as inunda\u00e7\u00f5es causadas pelas mudan\u00e7as clim\u00e1ticas ampliam o n\u00famero de locais de reprodu\u00e7\u00e3o dos mosquitos&#8221;, declara \u00e0 AFP Joy Phumaphi, secret\u00e1ria-executiva da ALMA.<\/p>\n<p>Os m\u00e9todos de preven\u00e7\u00e3o de \u00faltima gera\u00e7\u00e3o, como mosquiteiros impregnados com duplo inseticida e o uso de drones para dispersar produtos qu\u00edmicos que eliminam as larvas, s\u00e3o eficazes, por\u00e9m mais caros, acrescenta.<\/p>\n<p>Ao mesmo tempo, a popula\u00e7\u00e3o da \u00c1frica quase dobrou nos \u00faltimos 30 anos.<\/p>\n<p>Uma vacina contra a mal\u00e1ria, utilizada em 23 pa\u00edses africanos, tem efic\u00e1cia de cerca de 40% e deve ser aplicada junto com outras medidas preventivas. No entanto, uma nova vacina, atualmente em testes cl\u00ednicos em humanos, pode atingir uma efic\u00e1cia de 80%, informa.<\/p>\n","protected":false},"excerpt":{"rendered":"A luta contra a mal\u00e1ria est\u00e1 estagnada ap\u00f3s duas d\u00e9cadas de progresso, mas as mudan\u00e7as clim\u00e1ticas e o&hellip;\n","protected":false},"author":2,"featured_media":2945,"comment_status":"","ping_status":"","sticky":false,"template":"","format":"standard","meta":{"footnotes":""},"categories":[86],"tags":[1932,2423,116,62,32,33,117],"class_list":{"0":"post-119668","1":"post","2":"type-post","3":"status-publish","4":"format-standard","5":"has-post-thumbnail","7":"category-saude","8":"tag-afp","9":"tag-africa-do-sul","10":"tag-health","11":"tag-mundo","12":"tag-portugal","13":"tag-pt","14":"tag-saude"},"share_on_mastodon":{"url":"https:\/\/pubeurope.com\/@pt\/115409627648036287","error":""},"_links":{"self":[{"href":"https:\/\/www.europesays.com\/pt\/wp-json\/wp\/v2\/posts\/119668","targetHints":{"allow":["GET"]}}],"collection":[{"href":"https:\/\/www.europesays.com\/pt\/wp-json\/wp\/v2\/posts"}],"about":[{"href":"https:\/\/www.europesays.com\/pt\/wp-json\/wp\/v2\/types\/post"}],"author":[{"embeddable":true,"href":"https:\/\/www.europesays.com\/pt\/wp-json\/wp\/v2\/users\/2"}],"replies":[{"embeddable":true,"href":"https:\/\/www.europesays.com\/pt\/wp-json\/wp\/v2\/comments?post=119668"}],"version-history":[{"count":0,"href":"https:\/\/www.europesays.com\/pt\/wp-json\/wp\/v2\/posts\/119668\/revisions"}],"wp:featuredmedia":[{"embeddable":true,"href":"https:\/\/www.europesays.com\/pt\/wp-json\/wp\/v2\/media\/2945"}],"wp:attachment":[{"href":"https:\/\/www.europesays.com\/pt\/wp-json\/wp\/v2\/media?parent=119668"}],"wp:term":[{"taxonomy":"category","embeddable":true,"href":"https:\/\/www.europesays.com\/pt\/wp-json\/wp\/v2\/categories?post=119668"},{"taxonomy":"post_tag","embeddable":true,"href":"https:\/\/www.europesays.com\/pt\/wp-json\/wp\/v2\/tags?post=119668"}],"curies":[{"name":"wp","href":"https:\/\/api.w.org\/{rel}","templated":true}]}}