{"id":119681,"date":"2025-10-21T01:58:20","date_gmt":"2025-10-21T01:58:20","guid":{"rendered":"https:\/\/www.europesays.com\/pt\/119681\/"},"modified":"2025-10-21T01:58:20","modified_gmt":"2025-10-21T01:58:20","slug":"5-mitos-perigosos-sobre-a-meningite","status":"publish","type":"post","link":"https:\/\/www.europesays.com\/pt\/119681\/","title":{"rendered":"5 mitos perigosos sobre a meningite"},"content":{"rendered":"<p class=\"texto\">A meningite \u00e9 uma doen\u00e7a grave que provoca inflama\u00e7\u00e3o nas membranas que envolvem o c\u00e9rebro e a medula espinhal. Ela pode ser causada por v\u00edrus, bact\u00e9rias e, em menor frequ\u00eancia, parasitas ou fungos. Apesar de conhecida, ela ainda desperta muitas d\u00favidas e interpreta\u00e7\u00f5es equivocadas, o que pode dificultar o reconhecimento dos sintomas e atrasar o diagn\u00f3stico. <\/p>\n<p class=\"texto\">A vacina\u00e7\u00e3o \u00e9 uma das formas mais eficazes de evitar casos graves e conter surtos da doen\u00e7a. No entanto, segundo o infectologista Felipe Moreno, do Hospital Evang\u00e9lico de Sorocaba (HES), a percep\u00e7\u00e3o equivocada de que essa \u00e9 uma condi\u00e7\u00e3o rara, faz com que muitas pessoas deixem de se vacinar, aumentando o risco de surtos e complica\u00e7\u00f5es graves.<\/p>\n<p class=\"texto\">A seguir, o especialista esclarece 5 mitos sobre a <strong>meningite<\/strong> e refor\u00e7a os cuidados essenciais com sintomas, diagn\u00f3stico e preven\u00e7\u00e3o. Confira!\u00a0<\/p>\n<p>1. A vacina contra meningite n\u00e3o \u00e9 necess\u00e1ria se a crian\u00e7a for saud\u00e1vel\u00a0<\/p>\n<p class=\"texto\"><strong>Mito.<\/strong> O Brasil ainda registra casos graves todos os anos de meningite, e muitos poderiam ser evitados com a <strong>vacina\u00e7\u00e3o<\/strong>.<\/p>\n<p>2. S\u00f3 existe um tipo de meningite<\/p>\n<p class=\"texto\"><strong>Mito.<\/strong> A meningite \u00e9 uma infec\u00e7\u00e3o das membranas que envolvem o c\u00e9rebro e a medula espinhal, e pode ser causada por v\u00edrus, bact\u00e9rias e fungos. Nas formas bacterianas, consideradas as mais graves, a transmiss\u00e3o ocorre por got\u00edculas de saliva, tosse ou espirro, da mesma forma que um simples resfriado.\u00a0<\/p>\n<p>3. A doen\u00e7a atinge apenas crian\u00e7as<\/p>\n<p class=\"texto\"><strong>Mito.<\/strong> Segundo Felipe Moreno, pessoas de qualquer idade podem contrair a doen\u00e7a, mas <strong>crian\u00e7as<\/strong> pequenas, adolescentes, idosos e pessoas com imunidade baixa est\u00e3o entre os grupos mais vulner\u00e1veis. O risco aumenta em locais fechados e com aglomera\u00e7\u00e3o, como creches, escolas e alojamentos.<\/p>\n<p>4. A meningite n\u00e3o tem cura<\/p>\n<p class=\"texto\"><strong>Mito.<\/strong> Todas as meningites t\u00eam tratamento e chance de cura, especialmente se forem identificadas e tratadas rapidamente.<\/p>\n<p>5. Pessoas vacinadas nunca ter\u00e3o a doen\u00e7a<\/p>\n<p class=\"texto\"><strong>Mito.<\/strong> As vacinas protegem contra os tipos mais graves, mas n\u00e3o garantem imunidade total contra todos os agentes.<\/p>\n<p><img fetchpriority=\"high\" decoding=\"async\" width=\"1024\" height=\"683\" src=\"https:\/\/www.europesays.com\/pt\/wp-content\/uploads\/2025\/10\/jovemcomdordecabeca-1024x683.png\" alt=\"Mulher com cabelo liso, castanho e solto usando camiseta cinza e short bege com m\u00e3o na cabe\u00e7a indicando dor\" class=\"wp-image-517986\"  \/>Febre de in\u00edcio s\u00fabito e dor de cabe\u00e7a podem ser sintomas de meningite (Imagem: giggsy25 | Shutterstock) <\/p>\n<p>Sintomas da meningite <\/p>\n<p class=\"texto\">Entre os sintomas cl\u00e1ssicos da meningite, est\u00e3o <strong>febre<\/strong> alta de in\u00edcio s\u00fabito, dor de cabe\u00e7a intensa e rigidez no pesco\u00e7o. Tamb\u00e9m podem ocorrer n\u00e1useas, v\u00f4mitos, sonol\u00eancia, sensibilidade \u00e0 luz e manchas vermelhas na pele que n\u00e3o desaparecem ao apertar.\u00a0<\/p>\n<p class=\"texto\">Em beb\u00eas, os sinais costumam ser mais discretos, como choro constante, recusa para mamar e moleira abaulada. \u201cA diferen\u00e7a para uma virose comum est\u00e1 na intensidade e na r\u00e1pida piora do quadro. Uma gripe melhora em poucos dias, enquanto a meningite tende a se agravar rapidamente e pode ser fatal se n\u00e3o for reconhecida a tempo\u201d, explica o infectologista.<\/p>\n<p>Diagn\u00f3stico da meningite <\/p>\n<p class=\"texto\">Como a doen\u00e7a pode evoluir rapidamente, quanto mais cedo o diagn\u00f3stico, maior a chance de cura sem sequelas. A meningite bacteriana \u00e9 uma emerg\u00eancia m\u00e9dica e pode causar surdez, convuls\u00f5es, danos <strong>neurol\u00f3gicos<\/strong> permanentes e at\u00e9 levar \u00e0 morte. \u201cO diagn\u00f3stico r\u00e1pido e o in\u00edcio precoce do antibi\u00f3tico fazem toda a diferen\u00e7a no desfecho do paciente\u201d, enfatiza o m\u00e9dico.<\/p>\n<p>Formas de preven\u00e7\u00e3o contra a meningite <\/p>\n<p class=\"texto\">Al\u00e9m da vacina\u00e7\u00e3o, que protege contra diferentes agentes causadores, como os meningococo, pneumococo e Haemophilus, o infectologista refor\u00e7a outras medidas de preven\u00e7\u00e3o contra a meningite:<\/p>\n<ul class=\"wp-block-list\">\n<li>N\u00e3o compartilhar copos e talheres;<\/li>\n<li>Lavar bem as m\u00e3os;<\/li>\n<li>Cobrir a boca e o nariz ao tossir;<\/li>\n<li>Manter os ambientes ventilados.<\/li>\n<\/ul>\n<p class=\"texto\">\u201cQuando h\u00e1 um caso confirmado, pessoas que tiveram contato pr\u00f3ximo podem precisar tomar antibi\u00f3tico preventivo, indicado pelo m\u00e9dico. E vale refor\u00e7ar: preven\u00e7\u00e3o e informa\u00e7\u00e3o salvam vidas. A meningite \u00e9 grave, mas pode ser evitada com atitudes simples e com a <strong>imuniza\u00e7\u00e3o<\/strong> em dia\u201d, conclui Felipe Moreno.<\/p>\n<p class=\"texto\">Por Juliana Moreno<\/p>\n<ul>\n<li><a href=\"https:\/\/wa.me\/?text=5+mitos+perigosos+sobre+a+meningite%20https:\/\/www.correiobraziliense.com.br\/revista-do-correio\/2025\/10\/7275012-5-mitos-perigosos-sobre-a-meningite.html\" target=\"_blank\" title=\"Whatsapp\" aria-label=\"WhatsApp\" rel=\"nofollow noopener\"><\/a><\/li>\n<li><a href=\"https:\/\/www.facebook.com\/sharer.php?u=https:\/\/www.correiobraziliense.com.br%2Frevista-do-correio%2F2025%2F10%2F7275012-5-mitos-perigosos-sobre-a-meningite.html&amp;text=5+mitos+perigosos+sobre+a+meningite\" target=\"_blank\" title=\"Facebook\" aria-label=\"Facebook\" rel=\"nofollow noopener\"><\/a><\/li>\n<li><a href=\"https:\/\/twitter.com\/intent\/tweet?url=https:\/\/www.correiobraziliense.com.br%2Frevista-do-correio%2F2025%2F10%2F7275012-5-mitos-perigosos-sobre-a-meningite.html&amp;text=5+mitos+perigosos+sobre+a+meningite\" target=\"_blank\" title=\"Twitter\" aria-label=\"Twitter\" rel=\"nofollow noopener\"><\/a><\/li>\n<li><a href=\"https:\/\/profile.google.com\/cp\/CgovbS8wNzZ0dms1\" title=\"Google Discover\" target=\"_blank\" aria-label=\"Google Discover\" rel=\"nofollow noopener\"><img decoding=\"async\" src=\"https:\/\/www.europesays.com\/pt\/wp-content\/uploads\/2025\/10\/google-discover-icon.png\" style=\"height: 25px; margin: 0 !important; margin-left: 3px;\" alt=\"Google Discover Icon\"\/><\/a><\/li>\n<\/ul>\n<p>                          <script async src=\"https:\/\/platform.twitter.com\/widgets.js\" charset=\"utf-8\"><\/script><\/p>\n","protected":false},"excerpt":{"rendered":"A meningite \u00e9 uma doen\u00e7a grave que provoca inflama\u00e7\u00e3o nas membranas que envolvem o c\u00e9rebro e a medula&hellip;\n","protected":false},"author":2,"featured_media":119682,"comment_status":"","ping_status":"","sticky":false,"template":"","format":"standard","meta":{"footnotes":""},"categories":[86],"tags":[538,4913,116,32,33,117,10991],"class_list":{"0":"post-119681","1":"post","2":"type-post","3":"status-publish","4":"format-standard","5":"has-post-thumbnail","7":"category-saude","8":"tag-bem-estar","9":"tag-edicase","10":"tag-health","11":"tag-portugal","12":"tag-pt","13":"tag-saude","14":"tag-saude-bem-estar"},"share_on_mastodon":{"url":"https:\/\/pubeurope.com\/@pt\/115409682789984402","error":""},"_links":{"self":[{"href":"https:\/\/www.europesays.com\/pt\/wp-json\/wp\/v2\/posts\/119681","targetHints":{"allow":["GET"]}}],"collection":[{"href":"https:\/\/www.europesays.com\/pt\/wp-json\/wp\/v2\/posts"}],"about":[{"href":"https:\/\/www.europesays.com\/pt\/wp-json\/wp\/v2\/types\/post"}],"author":[{"embeddable":true,"href":"https:\/\/www.europesays.com\/pt\/wp-json\/wp\/v2\/users\/2"}],"replies":[{"embeddable":true,"href":"https:\/\/www.europesays.com\/pt\/wp-json\/wp\/v2\/comments?post=119681"}],"version-history":[{"count":0,"href":"https:\/\/www.europesays.com\/pt\/wp-json\/wp\/v2\/posts\/119681\/revisions"}],"wp:featuredmedia":[{"embeddable":true,"href":"https:\/\/www.europesays.com\/pt\/wp-json\/wp\/v2\/media\/119682"}],"wp:attachment":[{"href":"https:\/\/www.europesays.com\/pt\/wp-json\/wp\/v2\/media?parent=119681"}],"wp:term":[{"taxonomy":"category","embeddable":true,"href":"https:\/\/www.europesays.com\/pt\/wp-json\/wp\/v2\/categories?post=119681"},{"taxonomy":"post_tag","embeddable":true,"href":"https:\/\/www.europesays.com\/pt\/wp-json\/wp\/v2\/tags?post=119681"}],"curies":[{"name":"wp","href":"https:\/\/api.w.org\/{rel}","templated":true}]}}