{"id":119691,"date":"2025-10-21T02:11:08","date_gmt":"2025-10-21T02:11:08","guid":{"rendered":"https:\/\/www.europesays.com\/pt\/119691\/"},"modified":"2025-10-21T02:11:08","modified_gmt":"2025-10-21T02:11:08","slug":"e-um-dos-maiores-talentos-que-ja-vi-na-minha-carreira","status":"publish","type":"post","link":"https:\/\/www.europesays.com\/pt\/119691\/","title":{"rendered":"\u00ab\u00c9 um dos maiores talentos que j\u00e1 vi na minha carreira\u00bb"},"content":{"rendered":"<p>&#8211; Advertisement &#8211;<\/p>\n<p><strong>Pep Guardiola deixou grandes elogios para Rayan Cherki. O t\u00e9cnico espanhol falou na antevis\u00e3o do Villarreal x Manchester City.<\/strong><\/p>\n<p>Pep Guardiola fez a antevis\u00e3o do Villarreal x Manchester City da terceira jornada da fase de liga da Champions League e deixou grandes elogios para Rayan Cherki, <a href=\"https:\/\/bolanarede.pt\/especial-bola-na-rede\/atualidade\/manchester-city-apresenta-o-novo-dono-da-camisola-10-da-equipa\/\" target=\"_blank\" rel=\"noreferrer noopener nofollow\">refor\u00e7o dos <\/a><a href=\"https:\/\/bolanarede.pt\/especial-bola-na-rede\/atualidade\/manchester-city-apresenta-o-novo-dono-da-camisola-10-da-equipa\/\" target=\"_blank\" rel=\"noreferrer noopener nofollow\">cityzens<\/a> para esta temporada:<\/p>\n<p>\u00abCherki \u00e9 um dos maiores talentos que j\u00e1 vi na minha carreira. Tecnicamente, individualmente, ele \u00e9 o melhor. A quest\u00e3o \u00e9 como ele se adapta e l\u00ea o jogo. Sempre que a bola chega at\u00e9 ele, a situa\u00e7\u00e3o melhora. Ele n\u00e3o sente press\u00e3o\u00bb, afirmou Pep Guardiola em confer\u00eancia de imprensa.<\/p>\n<p>Rayan Cherki tem um golo em tr\u00eas jogos pelo Manchester Ciy nesta temporada.<\/p>\n<blockquote class=\"twitter-tweet\" data-width=\"550\" data-dnt=\"true\">\n<p lang=\"en\" dir=\"ltr\">\ud83d\udc99\ud83c\uddeb\ud83c\uddf7 Pep Guardiola: \u201cCherki is one of the huge talents I\u2019ve ever seen in my career\u201d.<\/p>\n<p>\u201cTechnically, individually is TOP. The question is how he settles and reads the game\u201d.<\/p>\n<p>\u201cEvery time the ball comes to him the situation is better. He doesn\u2019t feel pressure\u201d. <a href=\"https:\/\/t.co\/H50rHbfYQ9\" rel=\"nofollow\">pic.twitter.com\/H50rHbfYQ9<\/a><\/p>\n<p>\u2014 Fabrizio Romano (@FabrizioRomano) <a href=\"https:\/\/twitter.com\/FabrizioRomano\/status\/1980328463426109770?ref_src=twsrc%5Etfw\" rel=\"nofollow noopener\" target=\"_blank\">October 20, 2025<\/a><\/p><\/blockquote>\n<p><script async src=\"https:\/\/platform.twitter.com\/widgets.js\" charset=\"utf-8\"><\/script><\/p>\n","protected":false},"excerpt":{"rendered":"&#8211; Advertisement &#8211; Pep Guardiola deixou grandes elogios para Rayan Cherki. O t\u00e9cnico espanhol falou na antevis\u00e3o do&hellip;\n","protected":false},"author":2,"featured_media":119692,"comment_status":"","ping_status":"","sticky":false,"template":"","format":"standard","meta":{"footnotes":""},"categories":[87],"tags":[260,135,1382,2960,32,666,33,27852,134],"class_list":{"0":"post-119691","1":"post","2":"type-post","3":"status-publish","4":"format-standard","5":"has-post-thumbnail","7":"category-desporto","8":"tag-atualidade","9":"tag-desporto","10":"tag-manchester-city","11":"tag-pep-guardiola","12":"tag-portugal","13":"tag-premier-league","14":"tag-pt","15":"tag-rayan-cherki","16":"tag-sports"},"share_on_mastodon":{"url":"https:\/\/pubeurope.com\/@pt\/115409733784776131","error":""},"_links":{"self":[{"href":"https:\/\/www.europesays.com\/pt\/wp-json\/wp\/v2\/posts\/119691","targetHints":{"allow":["GET"]}}],"collection":[{"href":"https:\/\/www.europesays.com\/pt\/wp-json\/wp\/v2\/posts"}],"about":[{"href":"https:\/\/www.europesays.com\/pt\/wp-json\/wp\/v2\/types\/post"}],"author":[{"embeddable":true,"href":"https:\/\/www.europesays.com\/pt\/wp-json\/wp\/v2\/users\/2"}],"replies":[{"embeddable":true,"href":"https:\/\/www.europesays.com\/pt\/wp-json\/wp\/v2\/comments?post=119691"}],"version-history":[{"count":0,"href":"https:\/\/www.europesays.com\/pt\/wp-json\/wp\/v2\/posts\/119691\/revisions"}],"wp:featuredmedia":[{"embeddable":true,"href":"https:\/\/www.europesays.com\/pt\/wp-json\/wp\/v2\/media\/119692"}],"wp:attachment":[{"href":"https:\/\/www.europesays.com\/pt\/wp-json\/wp\/v2\/media?parent=119691"}],"wp:term":[{"taxonomy":"category","embeddable":true,"href":"https:\/\/www.europesays.com\/pt\/wp-json\/wp\/v2\/categories?post=119691"},{"taxonomy":"post_tag","embeddable":true,"href":"https:\/\/www.europesays.com\/pt\/wp-json\/wp\/v2\/tags?post=119691"}],"curies":[{"name":"wp","href":"https:\/\/api.w.org\/{rel}","templated":true}]}}