{"id":119713,"date":"2025-10-21T02:33:14","date_gmt":"2025-10-21T02:33:14","guid":{"rendered":"https:\/\/www.europesays.com\/pt\/119713\/"},"modified":"2025-10-21T02:33:14","modified_gmt":"2025-10-21T02:33:14","slug":"treta-a-vista-matheus-martins-e-shia-phoenix-planejam-briga-falsa-para-confundir-adversarios-record","status":"publish","type":"post","link":"https:\/\/www.europesays.com\/pt\/119713\/","title":{"rendered":"Treta \u00e0 vista! Matheus Martins e Shia Phoenix planejam briga falsa para confundir advers\u00e1rios \u2013 Record"},"content":{"rendered":"<p><img decoding=\"async\" data-chromatic=\"ignore\" alt=\"\" class=\"c-image\" loading=\"lazy\" src=\"https:\/\/www.europesays.com\/pt\/wp-content\/uploads\/2025\/10\/SQ4KY2RFMJGX5C7VO4YOROILRM.png\"  width=\"677\" height=\"339\"\/>Ser\u00e1 que a estrat\u00e9gia de Shia e Matheus pode dar certo? Reprodu\u00e7\u00e3o\/RecordPlus <\/p>\n<p class=\"jarvics:base-text-neutral-high-400 base-text-[calc(theme(fontSize.xs)_*_var(--font-size,_1))] base-font-normal base-font-primary base-text-neutral-low-500 base-text-left\">Na \u00e1rea externa da sede, os novos aliados <a href=\"https:\/\/record.r7.com\/a-fazenda\/a-fazenda-17\/peoes\/matheus-martins\" rel=\"nofollow noopener\" title=\"Matheus Martins\" target=\"_blank\"><b>Matheus Martins<\/b><\/a> e <a href=\"https:\/\/record.r7.com\/a-fazenda\/a-fazenda-17\/peoes\/shia-phoenix\" rel=\"nofollow noopener\" title=\"Shia Phoenix\" target=\"_blank\"><b>Shia Phoenix<\/b><\/a> se juntaram para debater sobre o jogo na tarde desta segunda (20). Nas \u00faltimas semanas, os pe\u00f5es t\u00eam se aproximado nas estrat\u00e9gias e planejam despistar os rivais sobre a nova alian\u00e7a.<\/p>\n<p class=\"jarvics:base-text-neutral-high-400 base-text-[calc(theme(fontSize.xs)_*_var(--font-size,_1))] base-font-normal base-font-primary base-text-neutral-low-500 base-text-left\">Para Matheus, alguns pe\u00f5es j\u00e1 come\u00e7aram a perceber a aproxima\u00e7\u00e3o e para confundi-los o Fazendeiro pensou em armar um barraco falso com Shia: \u201cEu pensei que d\u00e1 para a gente enganar a galera, amanh\u00e3 a gente brigar\u201d. <\/p>\n<p class=\"jarvics:base-text-neutral-high-400 base-text-[calc(theme(fontSize.xs)_*_var(--font-size,_1))] base-font-normal base-font-primary base-text-neutral-low-500 base-text-left\">A ideia arrancou risadas de Shia, que considerou a ideia boa. Matheus explicou que alguns pe\u00f5es acreditam que ele tem outros alvos na mira: \u201cOuvi boatos de que est\u00e3o achando que eu vou indicar outra pessoa. Eles n\u00e3o est\u00e3o percebendo\u201d.<\/p>\n<p class=\"jarvics:base-text-neutral-high-400 base-text-[calc(theme(fontSize.xs)_*_var(--font-size,_1))] base-font-normal base-font-primary base-text-neutral-low-500 base-text-left\">Desconfiado da leitura dos advers\u00e1rios,<b> <\/b>o ator<b> <\/b>perguntou quais seriam os alvos que os pe\u00f5es acreditavam estar na mira do Fazendeiro. \u201cCitaram o Mesquita e voc\u00ea\u201d, respondeu Matheus.<\/p>\n<ul class=\"b-article-body__list-unordered\">\n<li><b>Quer ficar por dentro de tudo que est\u00e1 acontecendo em\u00a0<\/b><b>A Fazenda 17<\/b><b>?\u00a0<\/b><a href=\"https:\/\/www.whatsapp.com\/channel\/0029Va2cJIR1noz2ahzX0D1N\" target=\"_blank\" rel=\"noreferrer nofollow noopener\" title=\"https:\/\/www.whatsapp.com\/channel\/0029Va2cJIR1noz2ahzX0D1N\"><b>Clique aqui<\/b><\/a><b>\u00a0e fa\u00e7a parte do nosso canal no WhatsApp!<\/b><\/li>\n<\/ul>\n<p class=\"jarvics:base-text-neutral-high-400 base-text-[calc(theme(fontSize.xs)_*_var(--font-size,_1))] base-font-normal base-font-primary base-text-neutral-low-500 base-text-left\">Na mira de alguns pe\u00f5es, quais consequ\u00eancias a falsa briga poderia trazer: \u201cMe preocupa muito porque no seu grupo tem quatro pessoas que me odeiam gratuitamente e n\u00e3o confio. A\u00ed vai chegar na semana seguinte e virem para cima, eu n\u00e3o tenho aliados e voc\u00ea n\u00e3o consegue me segurar\u201d.<\/p>\n<p><b>Veja:<\/b><\/p>\n<p class=\"jarvics:base-text-neutral-high-400 base-text-[calc(theme(fontSize.xs)_*_var(--font-size,_1))] base-font-normal base-font-primary base-text-neutral-low-500 base-text-left\">Para a estrat\u00e9gia da semana, os pe\u00f5es seguem com a ideia de mandar at\u00e9 tr\u00eas integrantes da \u2018Equipe Total\u2019 para a Ro\u00e7a. <a href=\"https:\/\/record.r7.com\/a-fazenda\/a-fazenda-17\/peoes\/saory-cardoso\" rel=\"nofollow noopener\" title=\"Saory Cardoso\" target=\"_blank\"><b>Saory Cardoso<\/b><\/a> segue sendo a mais cotada como indica\u00e7\u00e3o do Fazendeiro: \u201cEu prefiro que seja todos de l\u00e1, que pelo menos se ela n\u00e3o sair, vai sair algu\u00e9m e vai ser um alerta.\u201d <\/p>\n<p class=\"jarvics:base-text-neutral-high-400 base-text-[calc(theme(fontSize.xs)_*_var(--font-size,_1))] base-font-normal base-font-primary base-text-neutral-low-500 base-text-left\">Fique ligado! <a href=\"https:\/\/record.r7.com\/a-fazenda\/a-fazenda-17\/\" rel=\"nofollow noopener\" title=\"https:\/\/record.r7.com\/a-fazenda\/a-fazenda-17\/\" target=\"_blank\"><b>A Fazenda 17<\/b><\/a> vai ao ar de segunda a domingo, \u00e0s 22h30, na tela da <a href=\"https:\/\/record.r7.com\/\" rel=\"nofollow noopener\" target=\"_blank\"><b>RECORD<\/b><\/a>. Assine o <a href=\"https:\/\/www.recordplus.com\/home\" rel=\"nofollow noopener\" title=\"https:\/\/www.recordplus.com\/home\" target=\"_blank\"><b>RecordPlus<\/b><\/a> e tenha acesso \u00e0s c\u00e2meras 24 horas.<\/p>\n<p><b>Exposed de romance, guerra de cosm\u00e9ticos e mais! Confira o resum\u00e3o da semana de A Fazenda 17<\/b><\/p>\n<p class=\"jarvics:base-text-neutral-high-400 base-text-[calc(theme(fontSize.xxs)_*_var(--font-size,_1))] base-font-semibold base-font-primary base-text-neutral-low-500 base-text-left\">Uma nova semana ca\u00f3tica se passou em A Fazenda 17 e os pe\u00f5es provaram que conseguem se superar quando o assunto \u00e9 entregar entretenimento. Os \u00faltimos dias na sede foram cheios de reviravoltas, adrenalina, embates pesados e muita emo\u00e7\u00e3o; relembre!<\/p>\n<p class=\"jarvics:base-text-neutral-high-400 base-text-[calc(theme(fontSize.little)_*_var(--font-size,_1))] base-font-normal base-font-primary base-text-neutral-low-500 base-text-left\">Reprodu\u00e7\u00e3o\/RECORD<\/p>\n","protected":false},"excerpt":{"rendered":"Ser\u00e1 que a estrat\u00e9gia de Shia e Matheus pode dar certo? Reprodu\u00e7\u00e3o\/RecordPlus Na \u00e1rea externa da sede, os&hellip;\n","protected":false},"author":2,"featured_media":119714,"comment_status":"","ping_status":"","sticky":false,"template":"","format":"standard","meta":{"footnotes":""},"categories":[145],"tags":[657,211,210,114,115,21428,32,33,26042],"class_list":{"0":"post-119713","1":"post","2":"type-post","3":"status-publish","4":"format-standard","5":"has-post-thumbnail","7":"category-celebridades","8":"tag-a-fazenda","9":"tag-celebridades","10":"tag-celebrities","11":"tag-entertainment","12":"tag-entretenimento","13":"tag-matheus-martins","14":"tag-portugal","15":"tag-pt","16":"tag-shia-phoenix"},"share_on_mastodon":{"url":"https:\/\/pubeurope.com\/@pt\/115409820412284186","error":""},"_links":{"self":[{"href":"https:\/\/www.europesays.com\/pt\/wp-json\/wp\/v2\/posts\/119713","targetHints":{"allow":["GET"]}}],"collection":[{"href":"https:\/\/www.europesays.com\/pt\/wp-json\/wp\/v2\/posts"}],"about":[{"href":"https:\/\/www.europesays.com\/pt\/wp-json\/wp\/v2\/types\/post"}],"author":[{"embeddable":true,"href":"https:\/\/www.europesays.com\/pt\/wp-json\/wp\/v2\/users\/2"}],"replies":[{"embeddable":true,"href":"https:\/\/www.europesays.com\/pt\/wp-json\/wp\/v2\/comments?post=119713"}],"version-history":[{"count":0,"href":"https:\/\/www.europesays.com\/pt\/wp-json\/wp\/v2\/posts\/119713\/revisions"}],"wp:featuredmedia":[{"embeddable":true,"href":"https:\/\/www.europesays.com\/pt\/wp-json\/wp\/v2\/media\/119714"}],"wp:attachment":[{"href":"https:\/\/www.europesays.com\/pt\/wp-json\/wp\/v2\/media?parent=119713"}],"wp:term":[{"taxonomy":"category","embeddable":true,"href":"https:\/\/www.europesays.com\/pt\/wp-json\/wp\/v2\/categories?post=119713"},{"taxonomy":"post_tag","embeddable":true,"href":"https:\/\/www.europesays.com\/pt\/wp-json\/wp\/v2\/tags?post=119713"}],"curies":[{"name":"wp","href":"https:\/\/api.w.org\/{rel}","templated":true}]}}