{"id":119724,"date":"2025-10-21T02:50:12","date_gmt":"2025-10-21T02:50:12","guid":{"rendered":"https:\/\/www.europesays.com\/pt\/119724\/"},"modified":"2025-10-21T02:50:12","modified_gmt":"2025-10-21T02:50:12","slug":"apos-ser-expulsa-de-secret-story-vera-chora-por-causa-de-ines-e-lanca-revelacao-bombastica","status":"publish","type":"post","link":"https:\/\/www.europesays.com\/pt\/119724\/","title":{"rendered":"Ap\u00f3s ser expulsa de &#8220;Secret Story&#8221;, Vera chora por causa de In\u00eas&#8230; e lan\u00e7a revela\u00e7\u00e3o bomb\u00e1stica!"},"content":{"rendered":"<p>A Voz decidiu expulsar Vera Cl\u00e1udia, esta segunda-feira, dia 20, da nona edi\u00e7\u00e3o de &#8220;Secret Story &#8211; Casa dos Segredos&#8221;, quase 24 horas depois de a agora ex-concorrente do reality show da <a href=\"https:\/\/tvi.iol.pt\/\" target=\"_blank\" rel=\"nofollow noopener\">TVI<\/a> ter agredido Dylan Fonte com v\u00e1rios estalos na cara.<\/p>\n<p>Em frente a Cristina Ferreira, no audit\u00f3rio da mans\u00e3o da Malveira, <a href=\"https:\/\/selfie.iol.pt\/famosos\/casa-dos-segredos-9\/a-voz-ja-decidiu-vera-expulsa-de-secret-story-apos-agredir-dylan\/20251020\/68f6a14ad34ee0c2fed17960\" target=\"_blank\" rel=\"nofollow noopener\">Vera Cl\u00e1udia<\/a> despediu-se de Liliana Oliveira. &#8220;\u00c9 a \u00fanica pessoa que leva deste programa?&#8221;, perguntou a apresentadora. A jovem negou e depressa desabou em l\u00e1grimas. &#8220;\u00c9 pela In\u00eas&#8221;, justificou o choro.<\/p>\n<p>&#8220;A In\u00eas n\u00e3o se manifestou ontem sobre este epis\u00f3dio. Estava \u00e0 espera desta rea\u00e7\u00e3o dela?&#8221;, insistiu Cristina Ferreira. Foi ent\u00e3o que Vera Cl\u00e1udia, que chegou a assumir estar interessada em In\u00eas Gama, lan\u00e7ou um revela\u00e7\u00e3o bomb\u00e1stica: &#8220;N\u00e3o, porque entendo tudo. Sei que, quando ela sair, vamos falar.&#8221;<\/p>\n<p>&#8220;N\u00e3o acho que a In\u00eas se enquadre no grupo em que ela est\u00e1. Em certas coisas, desde a forma como eles jogam \u00e0 forma como t\u00eam vindo a tratar as pessoas, n\u00e3o vejo a In\u00eas&#8221;, prosseguiu a ex-participante de &#8220;Secret Story &#8211; Casa dos Segredos&#8221;.<\/p>\n<p>A anfitri\u00e3 do programa da esta\u00e7\u00e3o de Queluz de Baixo questionou, depois, se via <a href=\"https:\/\/selfie.iol.pt\/famosos\/casa-dos-segredos-9\/reviravolta-em-secret-story-dylan-assume-interesse-por-ines-e-anuncia-conversa-bombastica\/20251020\/68f685b6d34ee0c2fed17879\" target=\"_blank\" rel=\"nofollow noopener\">In\u00eas Gama<\/a> numa rela\u00e7\u00e3o com Dylan Fonte. Vera Cl\u00e1udia fez uma pausa e assumiu:\u00a0&#8220;N\u00e3o sei. Vem muita coisa na minha cabe\u00e7a. Um dia, ela perguntou-me se eu a imaginava com algu\u00e9m da casa. Essa quest\u00e3o ficou na minha cabe\u00e7a. Tentei perceber a conex\u00e3o com algu\u00e9m de l\u00e1, mas n\u00e3o consegui detetar nada.&#8221;<\/p>\n<p>Veja, agora, os v\u00eddeos do referido momento em &#8220;<a href=\"https:\/\/tvi.iol.pt\/secretstory\/\" target=\"_blank\" rel=\"nofollow noopener\">Secret Story<\/a> &#8211; Casa dos Segredos&#8221;.<\/p>\n","protected":false},"excerpt":{"rendered":"A Voz decidiu expulsar Vera Cl\u00e1udia, esta segunda-feira, dia 20, da nona edi\u00e7\u00e3o de &#8220;Secret Story &#8211; Casa&hellip;\n","protected":false},"author":2,"featured_media":119725,"comment_status":"","ping_status":"","sticky":false,"template":"","format":"standard","meta":{"footnotes":""},"categories":[142],"tags":[2632,13471,6338,328,166,114,115,980,15353,25393,19016,24883,619,32,33,1014,1315,6985,16687,16686,1012,6986,16688,151,162,11841,24887],"class_list":{"0":"post-119724","1":"post","2":"type-post","3":"status-publish","4":"format-standard","5":"has-post-thumbnail","7":"category-tv","8":"tag-casa-dos-segredos","9":"tag-casa-dos-segredos-9","10":"tag-concorrente","11":"tag-concorrentes","12":"tag-cristina-ferreira","13":"tag-entertainment","14":"tag-entretenimento","15":"tag-famosos","16":"tag-ines","17":"tag-ines-gama","18":"tag-liliana","19":"tag-liliana-oliveira","20":"tag-nacional","21":"tag-portugal","22":"tag-pt","23":"tag-reality-show","24":"tag-secret-story","25":"tag-secret-story-casa-dos-segredos","26":"tag-secret-story-casa-dos-segredos-9","27":"tag-secret-story-9","28":"tag-selfie","29":"tag-ss","30":"tag-ss9","31":"tag-tv","32":"tag-tvi","33":"tag-vera","34":"tag-vera-claudia"},"share_on_mastodon":{"url":"https:\/\/pubeurope.com\/@pt\/115409887058255022","error":""},"_links":{"self":[{"href":"https:\/\/www.europesays.com\/pt\/wp-json\/wp\/v2\/posts\/119724","targetHints":{"allow":["GET"]}}],"collection":[{"href":"https:\/\/www.europesays.com\/pt\/wp-json\/wp\/v2\/posts"}],"about":[{"href":"https:\/\/www.europesays.com\/pt\/wp-json\/wp\/v2\/types\/post"}],"author":[{"embeddable":true,"href":"https:\/\/www.europesays.com\/pt\/wp-json\/wp\/v2\/users\/2"}],"replies":[{"embeddable":true,"href":"https:\/\/www.europesays.com\/pt\/wp-json\/wp\/v2\/comments?post=119724"}],"version-history":[{"count":0,"href":"https:\/\/www.europesays.com\/pt\/wp-json\/wp\/v2\/posts\/119724\/revisions"}],"wp:featuredmedia":[{"embeddable":true,"href":"https:\/\/www.europesays.com\/pt\/wp-json\/wp\/v2\/media\/119725"}],"wp:attachment":[{"href":"https:\/\/www.europesays.com\/pt\/wp-json\/wp\/v2\/media?parent=119724"}],"wp:term":[{"taxonomy":"category","embeddable":true,"href":"https:\/\/www.europesays.com\/pt\/wp-json\/wp\/v2\/categories?post=119724"},{"taxonomy":"post_tag","embeddable":true,"href":"https:\/\/www.europesays.com\/pt\/wp-json\/wp\/v2\/tags?post=119724"}],"curies":[{"name":"wp","href":"https:\/\/api.w.org\/{rel}","templated":true}]}}