{"id":119735,"date":"2025-10-21T03:07:16","date_gmt":"2025-10-21T03:07:16","guid":{"rendered":"https:\/\/www.europesays.com\/pt\/119735\/"},"modified":"2025-10-21T03:07:16","modified_gmt":"2025-10-21T03:07:16","slug":"vitoria-sc-elimina-uniao-de-lamas-em-tarde-de-surpresas-na-taca-de-portugal","status":"publish","type":"post","link":"https:\/\/www.europesays.com\/pt\/119735\/","title":{"rendered":"Vit\u00f3ria SC elimina Uni\u00e3o de Lamas em tarde de surpresas na Ta\u00e7a de Portugal"},"content":{"rendered":"<p>&#8211; Advertisement &#8211;<\/p>\n<p><strong>O Vit\u00f3ria SC foi ao terreno do Uni\u00e3o de Lamas vencer por uma bola a zero, em jogo da terceira eliminat\u00f3ria da Ta\u00e7a de Portugal.<\/strong><\/p>\n<p>O Vit\u00f3ria SC bateu o Uni\u00e3o de Lamas durante a tarde deste domingo por 1-0, num encontro v\u00e1lido pela terceira eliminat\u00f3ria da <a href=\"https:\/\/bolanarede.pt\/etiqueta\/taca-de-portugal\/\" target=\"_blank\" rel=\"noreferrer noopener nofollow\">Ta\u00e7a de Portugal<\/a>. O \u00fanico golo celebrado no est\u00e1dio foi da autoria de \u00d3scar Rivas, aos 50\u2032.<\/p>\n<p>O conjunto orientado por Lu\u00eds Pinto est\u00e1 assim qualificado para a quarta eliminat\u00f3ria, onde vai enfrentar o Mort\u00e1gua, que eliminou o Portimonense SC.<\/p>\n<p>Esta foi uma tarde com algumas surpresas na prova. O Fafe eliminou o Moreirense. J\u00e1 o Sintrense derrotou o Rio Ave. Eis os resultados dos jogos das 15 horas e das 15h15:<\/p>\n<ul class=\"wp-block-list\">\n<li><strong>Fafe<\/strong> 2-0 Moreirense<\/li>\n<li><strong>Sintrense<\/strong> 3-2 Rio Ave<\/li>\n<li><strong>Vila Me\u00e3<\/strong> 1-0 Vila Caiz<\/li>\n<li><strong>Silves<\/strong> 2-1 Louletano (ap\u00f3s prolongamento)<\/li>\n<li>Vila Real 1-5 <strong>Tondela<\/strong><\/li>\n<li><strong>Mort\u00e1gua<\/strong> 2-0 Portimonense SC<\/li>\n<li><strong>Lusitano de \u00c9vora<\/strong> 4-1 Olivais e Moscavide<\/li>\n<li><strong>Lusit\u00e2nia Lourosa<\/strong> 2-0 Resende<\/li>\n<li><strong>Com\u00e9rcio e Ind\u00fastria<\/strong> 3-0 Vianense<\/li>\n<li><strong>Caldas<\/strong> 1-0 Mirandela<\/li>\n<li><strong>Atl\u00e9tico<\/strong> 2-0 Felgueiras<\/li>\n<li>An\u00e7\u00e3 0-3 <strong>Casa Pia<\/strong><\/li>\n<li>Anadia 0-0 Marinhense (passagem do Marinhense nas grandes penalidades)<\/li>\n<li>Amarante 1-2 <strong>Leix\u00f5es<\/strong> (ap\u00f3s prolongamento)<\/li>\n<li>1\u00ba Dezembro 1-1 Benfica de Castelo Branco (passagem do 1\u00ba Dezembro nas grandes penalidades)<\/li>\n<\/ul>\n","protected":false},"excerpt":{"rendered":"&#8211; Advertisement &#8211; O Vit\u00f3ria SC foi ao terreno do Uni\u00e3o de Lamas vencer por uma bola a&hellip;\n","protected":false},"author":2,"featured_media":119736,"comment_status":"","ping_status":"","sticky":false,"template":"","format":"standard","meta":{"footnotes":""},"categories":[87],"tags":[260,135,32,33,134,27866,5321],"class_list":{"0":"post-119735","1":"post","2":"type-post","3":"status-publish","4":"format-standard","5":"has-post-thumbnail","7":"category-desporto","8":"tag-atualidade","9":"tag-desporto","10":"tag-portugal","11":"tag-pt","12":"tag-sports","13":"tag-uniao-de-lamas","14":"tag-vitoria-sc"},"share_on_mastodon":{"url":"https:\/\/pubeurope.com\/@pt\/115409953963682103","error":""},"_links":{"self":[{"href":"https:\/\/www.europesays.com\/pt\/wp-json\/wp\/v2\/posts\/119735","targetHints":{"allow":["GET"]}}],"collection":[{"href":"https:\/\/www.europesays.com\/pt\/wp-json\/wp\/v2\/posts"}],"about":[{"href":"https:\/\/www.europesays.com\/pt\/wp-json\/wp\/v2\/types\/post"}],"author":[{"embeddable":true,"href":"https:\/\/www.europesays.com\/pt\/wp-json\/wp\/v2\/users\/2"}],"replies":[{"embeddable":true,"href":"https:\/\/www.europesays.com\/pt\/wp-json\/wp\/v2\/comments?post=119735"}],"version-history":[{"count":0,"href":"https:\/\/www.europesays.com\/pt\/wp-json\/wp\/v2\/posts\/119735\/revisions"}],"wp:featuredmedia":[{"embeddable":true,"href":"https:\/\/www.europesays.com\/pt\/wp-json\/wp\/v2\/media\/119736"}],"wp:attachment":[{"href":"https:\/\/www.europesays.com\/pt\/wp-json\/wp\/v2\/media?parent=119735"}],"wp:term":[{"taxonomy":"category","embeddable":true,"href":"https:\/\/www.europesays.com\/pt\/wp-json\/wp\/v2\/categories?post=119735"},{"taxonomy":"post_tag","embeddable":true,"href":"https:\/\/www.europesays.com\/pt\/wp-json\/wp\/v2\/tags?post=119735"}],"curies":[{"name":"wp","href":"https:\/\/api.w.org\/{rel}","templated":true}]}}