{"id":119743,"date":"2025-10-21T03:18:10","date_gmt":"2025-10-21T03:18:10","guid":{"rendered":"https:\/\/www.europesays.com\/pt\/119743\/"},"modified":"2025-10-21T03:18:10","modified_gmt":"2025-10-21T03:18:10","slug":"5a-temporada-tem-orcamento-milionario-e-promete-final-emocionante","status":"publish","type":"post","link":"https:\/\/www.europesays.com\/pt\/119743\/","title":{"rendered":"5\u00aa temporada tem or\u00e7amento milion\u00e1rio e promete final emocionante"},"content":{"rendered":"<p>Com previs\u00e3o de lan\u00e7amento j\u00e1 no pr\u00f3ximo m\u00eas, a <strong>\u00faltima temporada da s\u00e9rie Stranger Things<\/strong>, da Netflix, promete ser uma das mais grandiosas, no enredo e no valor. Isso porque <strong>cada epis\u00f3dio possui or\u00e7amento de aproximadamente US$ 50 milh\u00f5es e US$ 60 milh\u00f5es \u2014 o equivalente a entre R$ 268,8 milh\u00f5es e R$ 322,5 milh\u00f5es<\/strong>.<\/p>\n<p>\u00c9 o que indica uma reportagem da revista americana Puck, divulgada pela Variety em entrevista com os criadores de um dos maiores sucessos do streaming, Matt e Ross Duffer. <\/p>\n<p>A produ\u00e7\u00e3o conquistou o <a href=\"https:\/\/www.infomoney.com.br\/tudo-sobre\/netflix\" target=\"_blank\" rel=\"noreferrer noopener nofollow\">ranking dos 10 conte\u00fados mais assistidos nos 93 pa\u00edses que a Netflix avalia<\/a>, se tornando a primeira s\u00e9rie em ingl\u00eas a registrar mais de 1 bilh\u00e3o de horas assistidas na plataforma.<\/p>\n<p class=\"py-2\">Continua depois da publicidade<\/p>\n<p>Apesar de n\u00e3o revelarem o dinheiro exato que gastaram ao longo da produ\u00e7\u00e3o da s\u00e9rie lan\u00e7ada em 2016, a <strong>diretora criativa da Netflix, Bela Bajaria, diz que o planejamento foi \u201cgastar o m\u00e1ximo poss\u00edvel para concretizar a vis\u00e3o do que est\u00e1 no papel<\/strong>, e esta temporada n\u00e3o \u00e9 diferente.\u201d<\/p>\n<p>Para a empresa de streaming, <a href=\"https:\/\/www.infomoney.com.br\/tudo-sobre\/coca-cola\" target=\"_blank\" rel=\"noreferrer noopener nofollow\">Stranger Things rendeu parcerias com marcas como Nike, Coca-Cola e at\u00e9 mesmo Lego<\/a> para promover as \u00faltimas temporadas, al\u00e9m de lan\u00e7ar trailers oficiais em grandes eventos como o Super Bowl.<\/p>\n<p>A <strong>Funko, por exemplo, foi a primeira parceira de licenciamento da s\u00e9rie, que vendeu 14 milh\u00f5es de bonecos Pop<\/strong>, incluindo 1 milh\u00e3o de Demogorgons \u2014 vil\u00e3o sobrenatural da trama \u2014, de acordo com a Netflix.<\/p>\n<p>E os <strong>produtos n\u00e3o s\u00e3o a \u00fanica extens\u00e3o da marca, que conseguiu se consolidar em West End e na Broadway <\/strong>com a pe\u00e7a \u201cStranger Things: The First Shadow\u201d, e j\u00e1 ganhou dois pr\u00eamios Olivier e tr\u00eas Tony.<\/p>\n<p>Com o final da aclamada s\u00e9rie, <strong>os criadores confirmaram uma nova parceria com a Paramount, durante os pr\u00f3ximos quatro anos, focando em projetos in\u00e9ditos<\/strong>.<\/p>\n<p>O que esperar da \u00faltima temporada de Stranger Things?<\/p>\n<p>Os <strong>epis\u00f3dios finais de Stranger Things estreiam na Netflix entre 26 de novembro e 31 de dezembro, em tr\u00eas lan\u00e7amentos<\/strong>.<\/p>\n<p class=\"py-2\">Continua depois da publicidade<\/p>\n<p>Na 5\u00aa temporada, os roteiristas afirmaram que v\u00e3o responder \u00e0 pergunta \u201co que \u00e9 o Mundo Invertido?\u201d. Agora, os personagens devem enfrentar a quebra da barreira entre o mundo real e o mundo invertido.<\/p>\n<p>\u00c9 previsto que a temporada comece com a cidade de Hawkins sob quarentena militar, 18 meses ap\u00f3s os acontecimentos da temporada anterior. Al\u00e9m disso, os epis\u00f3dios devem ter cerca de uma hora de dura\u00e7\u00e3o.<\/p>\n<p>Em especial, o quarto epis\u00f3dio possui 83 minutos e o \u00faltimo chega a duas horas de dura\u00e7\u00e3o, trazendo um final emocionante para Eleven e todos os personagens de Stranger Things. Confira o teaser:<\/p>\n<p class=\"py-2\">Continua depois da publicidade<\/p>\n<p>            <img decoding=\"async\" class=\"w-full\" src=\"https:\/\/www.europesays.com\/pt\/wp-content\/uploads\/2025\/10\/sddefault.webp.webp\" \/><\/p>\n","protected":false},"excerpt":{"rendered":"Com previs\u00e3o de lan\u00e7amento j\u00e1 no pr\u00f3ximo m\u00eas, a \u00faltima temporada da s\u00e9rie Stranger Things, da Netflix, promete&hellip;\n","protected":false},"author":2,"featured_media":119744,"comment_status":"","ping_status":"","sticky":false,"template":"","format":"standard","meta":{"footnotes":""},"categories":[142],"tags":[114,115,716,32,33,941,151],"class_list":{"0":"post-119743","1":"post","2":"type-post","3":"status-publish","4":"format-standard","5":"has-post-thumbnail","7":"category-tv","8":"tag-entertainment","9":"tag-entretenimento","10":"tag-netflix","11":"tag-portugal","12":"tag-pt","13":"tag-series","14":"tag-tv"},"share_on_mastodon":{"url":"https:\/\/pubeurope.com\/@pt\/115409997358762704","error":""},"_links":{"self":[{"href":"https:\/\/www.europesays.com\/pt\/wp-json\/wp\/v2\/posts\/119743","targetHints":{"allow":["GET"]}}],"collection":[{"href":"https:\/\/www.europesays.com\/pt\/wp-json\/wp\/v2\/posts"}],"about":[{"href":"https:\/\/www.europesays.com\/pt\/wp-json\/wp\/v2\/types\/post"}],"author":[{"embeddable":true,"href":"https:\/\/www.europesays.com\/pt\/wp-json\/wp\/v2\/users\/2"}],"replies":[{"embeddable":true,"href":"https:\/\/www.europesays.com\/pt\/wp-json\/wp\/v2\/comments?post=119743"}],"version-history":[{"count":0,"href":"https:\/\/www.europesays.com\/pt\/wp-json\/wp\/v2\/posts\/119743\/revisions"}],"wp:featuredmedia":[{"embeddable":true,"href":"https:\/\/www.europesays.com\/pt\/wp-json\/wp\/v2\/media\/119744"}],"wp:attachment":[{"href":"https:\/\/www.europesays.com\/pt\/wp-json\/wp\/v2\/media?parent=119743"}],"wp:term":[{"taxonomy":"category","embeddable":true,"href":"https:\/\/www.europesays.com\/pt\/wp-json\/wp\/v2\/categories?post=119743"},{"taxonomy":"post_tag","embeddable":true,"href":"https:\/\/www.europesays.com\/pt\/wp-json\/wp\/v2\/tags?post=119743"}],"curies":[{"name":"wp","href":"https:\/\/api.w.org\/{rel}","templated":true}]}}