{"id":119745,"date":"2025-10-21T03:21:39","date_gmt":"2025-10-21T03:21:39","guid":{"rendered":"https:\/\/www.europesays.com\/pt\/119745\/"},"modified":"2025-10-21T03:21:39","modified_gmt":"2025-10-21T03:21:39","slug":"alisson-santos-pode-chegar-a-selecao-do-brasil","status":"publish","type":"post","link":"https:\/\/www.europesays.com\/pt\/119745\/","title":{"rendered":"\u00abAlisson Santos pode chegar \u00e0 Sele\u00e7\u00e3o do Brasil\u00bb"},"content":{"rendered":"<p>&#8211; Advertisement &#8211;<\/p>\n<p><strong>Filipe C\u00e2ndido, treinador do Pa\u00e7os de Ferreira, deixou v\u00e1rios elogios a Alisson Santos. T\u00e9cnico acredita no potencial do avan\u00e7ado brasileiro.<\/strong><\/p>\n<p>Filipe C\u00e2ndido, treinador do Pa\u00e7os de Ferreira, acredita que Alisson Santos pode chegar \u00e0 Sele\u00e7\u00e3o do Brasil. No final do encontro, em que o<a href=\"https:\/\/bolanarede.pt\/especial-bola-na-rede\/atualidade\/sporting-precisou-de-prolongamento-para-eliminar-pacos-de-ferreira-da-taca-de-portugal\/\" target=\"_blank\" rel=\"noreferrer noopener nofollow\"> Sporting venceu por 3-2 no prolongamento<\/a> da Ta\u00e7a de Portugal, o t\u00e9cnico dos castores deixou v\u00e1rios elogios a Alisson Santos:<\/p>\n<p>\u00ab\u00c9 um jogador que observ\u00e1mos no UD Leiria. Tivemos a felicidade de conseguir traz\u00ea-lo e eu sentia que era um jogador que tinha um talento especial e que muito provavelmente poderia chegar a um patamar superior. Se me pergunta se achava que ia acontecer t\u00e3o r\u00e1pido, talvez esperasse que demorasse um pouco mais\u00bb.<\/p>\n<p>\u00ab\u00c9 um jogador que, dentro de pouco tempo, vai ser importante para o Sporting e at\u00e9 digo que, se a evolu\u00e7\u00e3o dele for cont\u00ednua, acredito que um dia possa chegar \u00e0 sele\u00e7\u00e3o do Brasil. \u00c9 a minha opini\u00e3o, daquilo que conseguimos ver. O resto \u00e9 trabalho dele. \u00c9 um bom menino que quer aprender e isso \u00e9 uma grande vantagem para ele. Espero que as coisas lhe corram bem\u00bb, completou Filipe C\u00e2ndido.<\/p>\n<p>Podes ver mais <a href=\"https:\/\/bolanarede.pt\/especial-bola-na-rede\/atualidade\/filipe-candido-saio-com-um-sabor-agridoce\/\" target=\"_blank\" rel=\"noreferrer noopener nofollow\">declara\u00e7\u00f5es de Filipe C\u00e2ndido<\/a> no rescaldo ao jogo com o Sporting.<\/p>\n","protected":false},"excerpt":{"rendered":"&#8211; Advertisement &#8211; Filipe C\u00e2ndido, treinador do Pa\u00e7os de Ferreira, deixou v\u00e1rios elogios a Alisson Santos. T\u00e9cnico acredita&hellip;\n","protected":false},"author":2,"featured_media":119746,"comment_status":"","ping_status":"","sticky":false,"template":"","format":"standard","meta":{"footnotes":""},"categories":[87],"tags":[27867,260,135,32,33,34,134,3142],"class_list":{"0":"post-119745","1":"post","2":"type-post","3":"status-publish","4":"format-standard","5":"has-post-thumbnail","7":"category-desporto","8":"tag-alisson-santos","9":"tag-atualidade","10":"tag-desporto","11":"tag-portugal","12":"tag-pt","13":"tag-sporting","14":"tag-sports","15":"tag-taca-de-portugal"},"share_on_mastodon":{"url":"https:\/\/pubeurope.com\/@pt\/115410009074741155","error":""},"_links":{"self":[{"href":"https:\/\/www.europesays.com\/pt\/wp-json\/wp\/v2\/posts\/119745","targetHints":{"allow":["GET"]}}],"collection":[{"href":"https:\/\/www.europesays.com\/pt\/wp-json\/wp\/v2\/posts"}],"about":[{"href":"https:\/\/www.europesays.com\/pt\/wp-json\/wp\/v2\/types\/post"}],"author":[{"embeddable":true,"href":"https:\/\/www.europesays.com\/pt\/wp-json\/wp\/v2\/users\/2"}],"replies":[{"embeddable":true,"href":"https:\/\/www.europesays.com\/pt\/wp-json\/wp\/v2\/comments?post=119745"}],"version-history":[{"count":0,"href":"https:\/\/www.europesays.com\/pt\/wp-json\/wp\/v2\/posts\/119745\/revisions"}],"wp:featuredmedia":[{"embeddable":true,"href":"https:\/\/www.europesays.com\/pt\/wp-json\/wp\/v2\/media\/119746"}],"wp:attachment":[{"href":"https:\/\/www.europesays.com\/pt\/wp-json\/wp\/v2\/media?parent=119745"}],"wp:term":[{"taxonomy":"category","embeddable":true,"href":"https:\/\/www.europesays.com\/pt\/wp-json\/wp\/v2\/categories?post=119745"},{"taxonomy":"post_tag","embeddable":true,"href":"https:\/\/www.europesays.com\/pt\/wp-json\/wp\/v2\/tags?post=119745"}],"curies":[{"name":"wp","href":"https:\/\/api.w.org\/{rel}","templated":true}]}}