{"id":119747,"date":"2025-10-21T03:22:11","date_gmt":"2025-10-21T03:22:11","guid":{"rendered":"https:\/\/www.europesays.com\/pt\/119747\/"},"modified":"2025-10-21T03:22:11","modified_gmt":"2025-10-21T03:22:11","slug":"novo-equipamento-promete-detectar-depressao-por-meio-da-saliva","status":"publish","type":"post","link":"https:\/\/www.europesays.com\/pt\/119747\/","title":{"rendered":"Novo equipamento promete detectar depress\u00e3o por meio da saliva"},"content":{"rendered":"<p style=\"text-align: justify;\"><strong>Vit\u00f3ria Macedo\/Folhapress<\/strong><\/p>\n<p style=\"text-align: justify;\">Um novo teste de saliva, desenvolvido por pesquisadores do Instituto de F\u00edsica de S\u00e3o Carlos da USP, pretende acelerar e tornar mais barato o diagn\u00f3stico de depress\u00e3o.<\/p>\n<p style=\"text-align: justify;\">Trata-se de um biossensor que monitora o n\u00edvel da prote\u00edna BDNF, ou Fator Neurotr\u00f3fico Derivado do C\u00e9rebro, um biomarcador crucial para o diagn\u00f3stico de transtornos mentais, associado \u00e0 depress\u00e3o. O teste identifica tanto n\u00edveis elevados como n\u00edveis baixos da prote\u00edna.<\/p>\n<p style=\"text-align: justify;\">Atualmente, existem exames que a detectam em laborat\u00f3rios, cujos resultados demoram alguns dias para serem entregues e s\u00e3o geralmente mais invasivos. De acordo com o pesquisador Paulo Augusto Raymundo Pereira, um dos respons\u00e1veis pelo projeto, este \u00e9 o primeiro teste a detectar a prote\u00edna na saliva. &#8220;\u00c9 o sensor com maior faixa de trabalho que existe na literatura&#8221;, diz.<\/p>\n<p>Como funciona?<\/p>\n<p style=\"text-align: justify;\">O sensor captura a concentra\u00e7\u00e3o da prote\u00edna na saliva, o material biol\u00f3gico \u00e9 analisado e lido pelo aparelho, e os dados s\u00e3o enviados para um aplicativo no celular, computador ou tablet.<\/p>\n<p style=\"text-align: justify;\">&#8220;N\u00e3o \u00e9 necess\u00e1rio comprar nenhum outro equipamento, nada disso. \u00c9 s\u00f3 fazer o download na lojinha de aplicativos&#8221;, explica o pesquisador.<\/p>\n<p style=\"text-align: justify;\">O teste \u00e9 descart\u00e1vel e de baixo custo. De acordo com Raymundo Pereira, a tira de mensuramento custa R$ 12.<\/p>\n<p style=\"text-align: justify;\">Vale ressaltar, por\u00e9m, que o teste n\u00e3o consegue diferenciar uma queda tempor\u00e1ria do n\u00edvel de prote\u00edna BDNF de um quadro cl\u00ednico de depress\u00e3o estabelecido.<\/p>\n<p style=\"text-align: justify;\">Segundo o pesquisador, ele tem duas fun\u00e7\u00f5es: uma delas seria detectar o n\u00edvel da prote\u00edna para ajudar o m\u00e9dico a estabelecer o diagn\u00f3stico de depress\u00e3o, e a outra \u00e9 o monitoramento do n\u00edvel dessa prote\u00edna na saliva, verificando se est\u00e1 aumentando.<\/p>\n<p style=\"text-align: justify;\">&#8220;O m\u00e9dico pode acompanhar o aumento do n\u00edvel da BDNF na saliva pra saber se o paciente t\u00e1 respondendo ao tratamento&#8221;, diz Raymundo Pereira. &#8220;Normalmente, o que \u00e9 feito \u00e9 o m\u00e9todo da tentativa e erro na utiliza\u00e7\u00e3o dos medicamentos, e muitas vezes esses medicamentos causam muitos efeitos colaterais.&#8221; Isso, ele diz, resulta no abandono do tratamento pelo paciente.<\/p>\n<p style=\"text-align: justify;\">Os resultados de testes realizados em humanos foram positivos e publicados na revista cient\u00edfica American Chemical Society (ACS) Polymers Au.<\/p>\n<p>Pr\u00f3ximos passos<\/p>\n<p style=\"text-align: justify;\">Os pr\u00f3ximos passos para a valida\u00e7\u00e3o cl\u00ednica do teste seriam a produ\u00e7\u00e3o em uma escala maior dos dispositivos, dos sensores, e a aplica\u00e7\u00e3o com volunt\u00e1rios que j\u00e1 estejam com o diagn\u00f3stico, para cumprir as exig\u00eancias da Ag\u00eancia Nacional de Vigil\u00e2ncia Sanit\u00e1ria (Anvisa).<\/p>\n<p style=\"text-align: justify;\">A fase laboratorial, segundo o pesquisador, j\u00e1 est\u00e1 conclu\u00edda. Ele afirma ainda que est\u00e1 previsto um estudo comparativo.<\/p>\n<p>Depress\u00e3o\u00a0<\/p>\n<p style=\"text-align: justify;\">De acordo com a Organiza\u00e7\u00e3o Mundial da Sa\u00fade (OMS), a depress\u00e3o atualmente afeta 280 milh\u00f5es de pessoas em todo o mundo e \u00e9 uma das principais causas de incapacidade.\u00a0<\/p>\n<p style=\"text-align: justify;\">Anualmente, mais de 700.000 pessoas morrem por suic\u00eddio, que se tornou a quarta principal causa de morte entre jovens de 15 a 29 anos em 2021.<\/p>\n","protected":false},"excerpt":{"rendered":"Vit\u00f3ria Macedo\/Folhapress Um novo teste de saliva, desenvolvido por pesquisadores do Instituto de F\u00edsica de S\u00e3o Carlos da&hellip;\n","protected":false},"author":2,"featured_media":119748,"comment_status":"","ping_status":"","sticky":false,"template":"","format":"standard","meta":{"footnotes":""},"categories":[86],"tags":[1531,2201,116,32,33,16393,117,4146],"class_list":{"0":"post-119747","1":"post","2":"type-post","3":"status-publish","4":"format-standard","5":"has-post-thumbnail","7":"category-saude","8":"tag-depressao","9":"tag-diagnostico-precoce","10":"tag-health","11":"tag-portugal","12":"tag-pt","13":"tag-saliva","14":"tag-saude","15":"tag-teste"},"share_on_mastodon":{"url":"https:\/\/pubeurope.com\/@pt\/115410012945557561","error":""},"_links":{"self":[{"href":"https:\/\/www.europesays.com\/pt\/wp-json\/wp\/v2\/posts\/119747","targetHints":{"allow":["GET"]}}],"collection":[{"href":"https:\/\/www.europesays.com\/pt\/wp-json\/wp\/v2\/posts"}],"about":[{"href":"https:\/\/www.europesays.com\/pt\/wp-json\/wp\/v2\/types\/post"}],"author":[{"embeddable":true,"href":"https:\/\/www.europesays.com\/pt\/wp-json\/wp\/v2\/users\/2"}],"replies":[{"embeddable":true,"href":"https:\/\/www.europesays.com\/pt\/wp-json\/wp\/v2\/comments?post=119747"}],"version-history":[{"count":0,"href":"https:\/\/www.europesays.com\/pt\/wp-json\/wp\/v2\/posts\/119747\/revisions"}],"wp:featuredmedia":[{"embeddable":true,"href":"https:\/\/www.europesays.com\/pt\/wp-json\/wp\/v2\/media\/119748"}],"wp:attachment":[{"href":"https:\/\/www.europesays.com\/pt\/wp-json\/wp\/v2\/media?parent=119747"}],"wp:term":[{"taxonomy":"category","embeddable":true,"href":"https:\/\/www.europesays.com\/pt\/wp-json\/wp\/v2\/categories?post=119747"},{"taxonomy":"post_tag","embeddable":true,"href":"https:\/\/www.europesays.com\/pt\/wp-json\/wp\/v2\/tags?post=119747"}],"curies":[{"name":"wp","href":"https:\/\/api.w.org\/{rel}","templated":true}]}}