{"id":119753,"date":"2025-10-21T03:32:09","date_gmt":"2025-10-21T03:32:09","guid":{"rendered":"https:\/\/www.europesays.com\/pt\/119753\/"},"modified":"2025-10-21T03:32:09","modified_gmt":"2025-10-21T03:32:09","slug":"policarpo-sacrificado-o-que-acontece-com-o-melhor-amigo-de-candinho-em-eta-mundo-melhor","status":"publish","type":"post","link":"https:\/\/www.europesays.com\/pt\/119753\/","title":{"rendered":"Policarpo sacrificado? O que acontece com o melhor amigo de Candinho em \u00cata Mundo Melhor"},"content":{"rendered":"<p>                        <img width=\"944\" height=\"531\" src=\"https:\/\/www.europesays.com\/pt\/wp-content\/uploads\/2025\/10\/Policarpo-sacrificado-O-que-acontece-com-o-melhor-amigo-de-Candinho-em-Eta-Mundo-Melhor-944x531.jpg\" class=\"attachment-custom-large size-custom-large article-featured-image\" alt=\"Policarpo sacrificado O que acontece com o melhor amigo de Candinho em \u00cata Mundo Melhor\" fetchpriority=\"high\" decoding=\"async\"  \/><\/p>\n<p>Candinho desmaia ao saber que Policarpo pode ser Sacrificado (Foto: Globoplay, Reprodu\u00e7\u00e3o)<\/p>\n<p>Os pr\u00f3ximos cap\u00edtulos e \u00cata Mundo Melhor! ter\u00e3o muitas reviravoltas, uma delas \u00e9 que Candinho\u00a0(S\u00e9rgio Guiz\u00e9) vai desmaiar ao saber que Policarpo ter\u00e1 de ser sacrificado.<\/p>\n<p>Continua depois da publicidade<\/p>\n<p>O fiel escudeiro de Candinho ser\u00e1 preso, v\u00edtima de uma arma\u00e7\u00e3o. Em seguida, o juiz determina que o burro seja levado para outra cidade e tenha um fim tr\u00e1gico.<\/p>\n<p>Em cenas que come\u00e7am a ir ao ar nesta segunda-feira (20), Simb\u00e1 (Arthur Yera) atenta contra Policarpo. O menino se machuca e inventa que o burro o atacou.\u00a0Zulma\u00a0(Helo\u00edsa P\u00e9riss\u00e9) ent\u00e3o presta queixa, e o delegado apreende o animal.<\/p>\n<p>Candinho e\u00a0Dita\u00a0(Jeniffer Nascimento) acompanham Policarpo at\u00e9 a delegacia, onde o caipira vai se recusar a deixar o amigo sozinho. Ele pedir\u00e1 para que Dita procure\u00a0Asdr\u00fabal\u00a0(Luis Miranda) e\u00a0Celso\u00a0(Rainer Cadete) para ajud\u00e1-los.<\/p>\n<p>Continua depois da publicidade<\/p>\n<p>O delegado anuncia a Candinho que o juiz decidir\u00e1 o futuro de Policarpo. Enquanto isso,\u00a0Samir\u00a0(Davi Malizia) e as outras crian\u00e7as confrontam Simb\u00e1 sobre a arma\u00e7\u00e3o para prejudicar a dupla.<\/p>\n<p>Candinho ent\u00e3o vai desmaiar, e Asdr\u00fabal afirma que o amigo entrou em nega\u00e7\u00e3o da realidade. Dita dar\u00e1 a ideia que todos cantem na r\u00e1dio pela salva\u00e7\u00e3o de Policarpo, dando in\u00edcio a uma grande manifesta\u00e7\u00e3o p\u00fablica pela soltura do bicho da delegacia.<\/p>\n<p> Veja o elenco completo de \u00cata Mundo Melhor!<\/p>\n<p>*Sob supervis\u00e3o de Pablo Brito<\/p>\n<p>Continua depois da publicidade<\/p>\n<p>Voc\u00ea tamb\u00e9m vai gostar de ler:\u00a0<strong><a href=\"https:\/\/www.nsctotal.com.br\/noticias\/quem-e-o-casal-de-malhacao-que-interpreta-irmaos-em-tres-gracas\" target=\"_blank\" rel=\"noreferrer noopener nofollow\">Quem \u00e9 o casal de Malha\u00e7\u00e3o que interpreta irm\u00e3os em Tr\u00eas Gra\u00e7as<\/a>\u00a0<\/strong>e\u00a0<a href=\"https:\/\/www.nsctotal.com.br\/noticias\/quem-sao-os-atores-de-malhacao-que-estao-no-elenco-de-tres-gracas\" target=\"_blank\" rel=\"noreferrer noopener nofollow\"><strong>Quem s\u00e3o os atores de Malha\u00e7\u00e3o que est\u00e3o no elenco de Tr\u00eas Gra\u00e7as<\/strong><\/a>.<\/p>\n","protected":false},"excerpt":{"rendered":"Candinho desmaia ao saber que Policarpo pode ser Sacrificado (Foto: Globoplay, Reprodu\u00e7\u00e3o) Os pr\u00f3ximos cap\u00edtulos e \u00cata Mundo&hellip;\n","protected":false},"author":2,"featured_media":119754,"comment_status":"","ping_status":"","sticky":false,"template":"","format":"standard","meta":{"footnotes":""},"categories":[142],"tags":[114,115,32,33,151,543],"class_list":{"0":"post-119753","1":"post","2":"type-post","3":"status-publish","4":"format-standard","5":"has-post-thumbnail","7":"category-tv","8":"tag-entertainment","9":"tag-entretenimento","10":"tag-portugal","11":"tag-pt","12":"tag-tv","13":"tag-ver-ouvir-ler"},"share_on_mastodon":{"url":"https:\/\/pubeurope.com\/@pt\/115410052385444264","error":""},"_links":{"self":[{"href":"https:\/\/www.europesays.com\/pt\/wp-json\/wp\/v2\/posts\/119753","targetHints":{"allow":["GET"]}}],"collection":[{"href":"https:\/\/www.europesays.com\/pt\/wp-json\/wp\/v2\/posts"}],"about":[{"href":"https:\/\/www.europesays.com\/pt\/wp-json\/wp\/v2\/types\/post"}],"author":[{"embeddable":true,"href":"https:\/\/www.europesays.com\/pt\/wp-json\/wp\/v2\/users\/2"}],"replies":[{"embeddable":true,"href":"https:\/\/www.europesays.com\/pt\/wp-json\/wp\/v2\/comments?post=119753"}],"version-history":[{"count":0,"href":"https:\/\/www.europesays.com\/pt\/wp-json\/wp\/v2\/posts\/119753\/revisions"}],"wp:featuredmedia":[{"embeddable":true,"href":"https:\/\/www.europesays.com\/pt\/wp-json\/wp\/v2\/media\/119754"}],"wp:attachment":[{"href":"https:\/\/www.europesays.com\/pt\/wp-json\/wp\/v2\/media?parent=119753"}],"wp:term":[{"taxonomy":"category","embeddable":true,"href":"https:\/\/www.europesays.com\/pt\/wp-json\/wp\/v2\/categories?post=119753"},{"taxonomy":"post_tag","embeddable":true,"href":"https:\/\/www.europesays.com\/pt\/wp-json\/wp\/v2\/tags?post=119753"}],"curies":[{"name":"wp","href":"https:\/\/api.w.org\/{rel}","templated":true}]}}