{"id":119806,"date":"2025-10-21T05:13:08","date_gmt":"2025-10-21T05:13:08","guid":{"rendered":"https:\/\/www.europesays.com\/pt\/119806\/"},"modified":"2025-10-21T05:13:08","modified_gmt":"2025-10-21T05:13:08","slug":"estreia-terra-forte-manuel-descobre-que-flor-esta-noiva-do-homem-a-quem-ele-roubou-tudo-novelas","status":"publish","type":"post","link":"https:\/\/www.europesays.com\/pt\/119806\/","title":{"rendered":"Estreia \u00abTerra Forte\u00bb: Manuel descobre que Flor est\u00e1 noiva do homem a quem ele roubou tudo &#8211; Novelas"},"content":{"rendered":"<p>Em \u00abTerra Forte\u00bb, recuamos a 2005, Flor (Benedita Pereira) e Sammy (Jos\u00e9 Fidalgo) est\u00e3o noivos. \u00c9 o almo\u00e7o de apresenta\u00e7\u00e3o das duas fam\u00edlias. Manuel (Ant\u00f3nio Capelo) e Rosa Maria (Cust\u00f3dia Gallego) chegam e v\u00e3o ter com Flor (Benedita Pereira), que lhes apresenta os pais de Sammy.<\/p>\n<p>Manuel fica em choque ao perceber que o futuro genro \u00e9 filho de \u00c1lvaro (Jos\u00e9 Wallenstein), o homem a quem roubou tudo em 1992.<\/p>\n","protected":false},"excerpt":{"rendered":"Em \u00abTerra Forte\u00bb, recuamos a 2005, Flor (Benedita Pereira) e Sammy (Jos\u00e9 Fidalgo) est\u00e3o noivos. \u00c9 o almo\u00e7o&hellip;\n","protected":false},"author":2,"featured_media":119807,"comment_status":"","ping_status":"","sticky":false,"template":"","format":"standard","meta":{"footnotes":""},"categories":[142],"tags":[20282,160,27279,7951,166,18259,114,115,157,167,978,164,2728,24821,161,158,165,159,32,33,156,27871,26751,18614,163,151,162],"class_list":{"0":"post-119806","1":"post","2":"type-post","3":"status-publish","4":"format-standard","5":"has-post-thumbnail","7":"category-tv","8":"tag-alvaro","9":"tag-ana-guiomar","10":"tag-antonio-capelo","11":"tag-benedita-pereira","12":"tag-cristina-ferreira","13":"tag-custodia-gallego","14":"tag-entertainment","15":"tag-entretenimento","16":"tag-festa-e-festa","17":"tag-ficcao","18":"tag-flor","19":"tag-jose-fidalgo","20":"tag-jose-wallenstein","21":"tag-manuel","22":"tag-novelas","23":"tag-para-sempre","24":"tag-pedro-sousa","25":"tag-pedro-teixeira","26":"tag-portugal","27":"tag-pt","28":"tag-queridos-papas","29":"tag-rosa-maria","30":"tag-sammy","31":"tag-terra-forte","32":"tag-tiago-teotonio-pereira","33":"tag-tv","34":"tag-tvi"},"share_on_mastodon":{"url":"https:\/\/pubeurope.com\/@pt\/115410449611367459","error":""},"_links":{"self":[{"href":"https:\/\/www.europesays.com\/pt\/wp-json\/wp\/v2\/posts\/119806","targetHints":{"allow":["GET"]}}],"collection":[{"href":"https:\/\/www.europesays.com\/pt\/wp-json\/wp\/v2\/posts"}],"about":[{"href":"https:\/\/www.europesays.com\/pt\/wp-json\/wp\/v2\/types\/post"}],"author":[{"embeddable":true,"href":"https:\/\/www.europesays.com\/pt\/wp-json\/wp\/v2\/users\/2"}],"replies":[{"embeddable":true,"href":"https:\/\/www.europesays.com\/pt\/wp-json\/wp\/v2\/comments?post=119806"}],"version-history":[{"count":0,"href":"https:\/\/www.europesays.com\/pt\/wp-json\/wp\/v2\/posts\/119806\/revisions"}],"wp:featuredmedia":[{"embeddable":true,"href":"https:\/\/www.europesays.com\/pt\/wp-json\/wp\/v2\/media\/119807"}],"wp:attachment":[{"href":"https:\/\/www.europesays.com\/pt\/wp-json\/wp\/v2\/media?parent=119806"}],"wp:term":[{"taxonomy":"category","embeddable":true,"href":"https:\/\/www.europesays.com\/pt\/wp-json\/wp\/v2\/categories?post=119806"},{"taxonomy":"post_tag","embeddable":true,"href":"https:\/\/www.europesays.com\/pt\/wp-json\/wp\/v2\/tags?post=119806"}],"curies":[{"name":"wp","href":"https:\/\/api.w.org\/{rel}","templated":true}]}}