{"id":119823,"date":"2025-10-21T05:33:13","date_gmt":"2025-10-21T05:33:13","guid":{"rendered":"https:\/\/www.europesays.com\/pt\/119823\/"},"modified":"2025-10-21T05:33:13","modified_gmt":"2025-10-21T05:33:13","slug":"com-supercomputador-da-nasa-pesquisadores-estimam-quando-o-mundo-acabara-veja-a-data-noticias-r7","status":"publish","type":"post","link":"https:\/\/www.europesays.com\/pt\/119823\/","title":{"rendered":"Com supercomputador da Nasa, pesquisadores estimam quando o mundo acabar\u00e1; veja a data \u2013 Noticias R7"},"content":{"rendered":"<p>LEIA AQUI O RESUMO DA NOT\u00cdCIA<\/p>\n<ul class=\"b-article-body-custom-embed-brief-news__list\" style=\"margin: 0; padding-left: 20px; list-style-type: disc;\">\n<li>Pesquisadores da Universidade de Toho e da Nasa estimaram que a Terra se tornar\u00e1 inabit\u00e1vel em 1.000.002.021.<\/li>\n<li>O estudo indica que o aumento da radia\u00e7\u00e3o solar provocar\u00e1 a evapora\u00e7\u00e3o dos oceanos e o desaparecimento do oxig\u00eanio.<\/li>\n<li>Condi\u00e7\u00f5es para a sobreviv\u00eancia humana devem piorar muito antes do fim total da vida no planeta.<\/li>\n<li>O estudo refor\u00e7a a necessidade de buscar alternativas, como habitats artificiais e coloniza\u00e7\u00e3o espacial.<\/li>\n<\/ul>\n<p style=\"font-size: 0.8em; font-style: italic; text-align: right; margin-top: 15px; padding-bottom: 5px; margin-bottom: 0;\">Produzido pela Ri7a &#8211; a Intelig\u00eancia Artificial do R7<\/p>\n<p><img decoding=\"async\" data-chromatic=\"ignore\" alt=\"Aumento gradual da radia&#xE7;&#xE3;o solar provocar&#xE1; a evapora&#xE7;&#xE3;o dos oceanos\" class=\"c-image\" loading=\"lazy\" src=\"https:\/\/www.europesays.com\/pt\/wp-content\/uploads\/2025\/10\/3Y3YO7SMLVCK3O3IPSCLBYGGYE.jpg\"  width=\"1024\" height=\"768\"\/>Aumento gradual da radia\u00e7\u00e3o solar provocar\u00e1 a evapora\u00e7\u00e3o dos oceanos NASA\/GSFC\/Solar Dynamics Observatory <\/p>\n<p class=\"jarvics:base-text-neutral-high-400 base-text-[calc(theme(fontSize.xs)_*_var(--font-size,_1))] base-font-normal base-font-primary base-text-neutral-low-500 base-text-left\">Pesquisadores da Universidade de Toho, no Jap\u00e3o, em colabora\u00e7\u00e3o com a Nasa, usaram supercomputadores para estimar quando a vida na Terra deixar\u00e1 de existir. Segundo o estudo, o <a href=\"https:\/\/noticias.r7.com\/fala-ciencia\/novo-planeta-pode-estar-escondido-e-alterando-o-sistema-solar-19102025\/\" target=\"_blank\" rel=\"noreferrer nofollow noopener\" title=\"https:\/\/noticias.r7.com\/fala-ciencia\/novo-planeta-pode-estar-escondido-e-alterando-o-sistema-solar-19102025\/\">planeta se tornar\u00e1 inabit\u00e1vel<\/a> no ano 1.000.002.021 (um bilh\u00e3o e dois mil e vinte e um), quando as temperaturas da superf\u00edcie ser\u00e3o t\u00e3o altas que nem mesmo os <a href=\"https:\/\/noticias.r7.com\/internacional\/superbacterias-podem-matar-milhoes-e-causar-prejuizo-de-r-11-trilhoes-por-ano-ate-2050-21072025\/\" target=\"_blank\" rel=\"noreferrer nofollow noopener\" title=\"https:\/\/noticias.r7.com\/internacional\/superbacterias-podem-matar-milhoes-e-causar-prejuizo-de-r-11-trilhoes-por-ano-ate-2050-21072025\/\">microrganismos<\/a> mais resistentes conseguir\u00e3o sobreviver.<\/p>\n<p class=\"jarvics:base-text-neutral-high-400 base-text-[calc(theme(fontSize.xs)_*_var(--font-size,_1))] base-font-normal base-font-primary base-text-neutral-low-500 base-text-left\">O trabalho, intitulado \u201c<a href=\"https:\/\/www.nature.com\/articles\/s41561-021-00693-5\" target=\"_blank\" rel=\"noreferrer nofollow noopener\" title=\"https:\/\/www.nature.com\/articles\/s41561-021-00693-5\">A vida futura da atmosfera oxigenada da Terra<\/a>\u201d, aponta que o destino do planeta est\u00e1 diretamente ligado \u00e0 evolu\u00e7\u00e3o do Sol. Ao longo de bilh\u00f5es de anos, o astro continuar\u00e1 a se expandir e emitir mais calor, tornando a Terra um ambiente cada vez mais hostil.<\/p>\n<p class=\"jarvics:base-text-neutral-high-400 base-text-[calc(theme(fontSize.xs)_*_var(--font-size,_1))] base-font-normal base-font-primary base-text-neutral-low-500 base-text-left\">De acordo com as simula\u00e7\u00f5es, o aumento gradual da radia\u00e7\u00e3o solar provocar\u00e1 a evapora\u00e7\u00e3o dos oceanos, o <a href=\"https:\/\/noticias.r7.com\/jr-24h\/conteudo-exclusivo\/video\/nobel-de-quimica-premia-trio-que-desenvolveu-estruturas-para-extrair-gases-poluentes-da-atmosfera-08102025\/\" target=\"_blank\" rel=\"noreferrer nofollow noopener\" title=\"https:\/\/noticias.r7.com\/jr-24h\/conteudo-exclusivo\/video\/nobel-de-quimica-premia-trio-que-desenvolveu-estruturas-para-extrair-gases-poluentes-da-atmosfera-08102025\/\">afinamento da atmosfera e o desaparecimento do oxig\u00eanio<\/a>. Quando esse processo se completar, o planeta n\u00e3o ter\u00e1 condi\u00e7\u00f5es de abrigar nenhuma forma de vida.<\/p>\n<p class=\"jarvics:base-text-neutral-high-400 base-text-[calc(theme(fontSize.xs)_*_var(--font-size,_1))] base-font-normal base-font-primary base-text-neutral-low-500 base-text-left\">O autor principal do estudo, Kazumi Ozaki, afirmou que as novas proje\u00e7\u00f5es indicam que a vida \u00fatil da biosfera pode ser muito menor do que se imaginava. \u201cPor muitos anos, a vida \u00fatil da biosfera da Terra foi discutida com base no brilho constante do Sol\u201d, explicou. \u201cAntes, as estimativas davam cerca de dois bilh\u00f5es de anos, mas modelos mais novos praticamente reduziram esse per\u00edodo pela metade. Se for verdade, pode-se esperar que os n\u00edveis de oxig\u00eanio na atmosfera tamb\u00e9m diminuam em um futuro distante.\u201d<\/p>\n<p class=\"jarvics:base-text-neutral-high-400 base-text-[calc(theme(fontSize.xs)_*_var(--font-size,_1))] base-font-normal base-font-primary base-text-neutral-low-500 base-text-left\">Embora o desaparecimento total da vida ainda esteja distante, os pesquisadores alertam que as condi\u00e7\u00f5es para a sobreviv\u00eancia humana devem se deteriorar muito antes. \u00c0 medida que o Sol aquece, a atmosfera mudar\u00e1 de forma significativa, levando \u00e0 redu\u00e7\u00e3o do oxig\u00eanio, ao aumento das temperaturas e \u00e0 piora da qualidade do ar.<\/p>\n<p class=\"jarvics:base-text-neutral-high-400 base-text-[calc(theme(fontSize.xs)_*_var(--font-size,_1))] base-font-normal base-font-primary base-text-neutral-low-500 base-text-left\">Os primeiros sinais desse processo j\u00e1 s\u00e3o percept\u00edveis. Cientistas observaram o aumento da atividade solar, como eje\u00e7\u00f5es de massa coronal e tempestades que afetam o campo magn\u00e9tico da Terra e reduzem gradualmente o oxig\u00eanio atmosf\u00e9rico. Somadas \u00e0s mudan\u00e7as clim\u00e1ticas, essas altera\u00e7\u00f5es apontam para um planeta que est\u00e1 \u201clentamente perdendo o equil\u00edbrio\u201d, segundo o estudo.<\/p>\n<p class=\"jarvics:base-text-neutral-high-400 base-text-[calc(theme(fontSize.xs)_*_var(--font-size,_1))] base-font-normal base-font-primary base-text-neutral-low-500 base-text-left\">Nenhuma data exata foi definida para o fim da vida humana, mas os pesquisadores afirmam que as condi\u00e7\u00f5es ambientais podem se tornar cr\u00edticas muito antes do prazo de um bilh\u00e3o de anos.<\/p>\n<p class=\"jarvics:base-text-neutral-high-400 base-text-[calc(theme(fontSize.xs)_*_var(--font-size,_1))] base-font-normal base-font-primary base-text-neutral-low-500 base-text-left\">Apesar do cen\u00e1rio de longo prazo, os cientistas defendem que o estudo ajuda a compreender os limites da habitabilidade terrestre e refor\u00e7a a necessidade de buscar alternativas. Entre as propostas discutidas est\u00e3o o desenvolvimento de sistemas fechados de suporte \u00e0 vida, habitats artificiais e planos de coloniza\u00e7\u00e3o espacial. <\/p>\n<p><video controls=\"\" class=\"video-js\" preload=\"metadata\" poster=\"https:\/\/d22yf0mxeu0gma.cloudfront.net\/09-01-2025\/t_5fda9fc3f1a044ca9c7d1a9c9b5f8a2a_name_54.jpg\" title=\"'Nebulosa da borboleta': forma&#xE7;&#xE3;o rara de poeira c&#xF3;smica &#xE9; registrada pela primeira vez\" data-sprite-url=\"\" data-metadata=\"{&quot;title&quot;:&quot;'Nebulosa da borboleta': forma&#xE7;&#xE3;o rara de poeira c&#xF3;smica &#xE9; registrada pela primeira vez&quot;,&quot;sectionName&quot;:&quot;R7&quot;,&quot;mainSection&quot;:&quot;Internacional&quot;,&quot;subSection&quot;:&quot;&quot;,&quot;views&quot;:&quot;&quot;,&quot;disableAdv&quot;:&quot;false&quot;,&quot;createdDate&quot;:&quot;2025-09-01T20:46:11Z&quot;,&quot;mainSectionUrl&quot;:&quot;https:\/\/noticias.r7.com\/record-news\/hora-news\/video\/nebulosa-da-borboleta-formacao-rara-de-poeira-cosmica-e-registrada-pela-primeira-vez-01092025\/&quot;,&quot;sectionPath&quot;:&quot;https:\/\/noticias.r7.com\/record-news\/hora-news&quot;,&quot;ageRating&quot;:&quot;&quot;,&quot;ageRatingDescription&quot;:&quot;&quot;,&quot;duration&quot;:34112,&quot;playerUrl&quot;:&quot;https:\/\/noticias.r7.com\/player\/53d93e71-362d-4ff3-9d08-293fc7b6e557\/&quot;}\" data-player-params=\"{&quot;p&quot;:&quot;true&quot;,&quot;autoPlay&quot;:&quot;false&quot;,&quot;logo&quot;:&quot;true&quot;,&quot;playlistId&quot;:&quot;false&quot;,&quot;calhau&quot;:&quot;false&quot;,&quot;share&quot;:&quot;true&quot;,&quot;sz&quot;:&quot;false&quot;,&quot;full&quot;:&quot;true&quot;,&quot;customAdHash&quot;:&quot;\/7542\/r7noticias\/internacional&quot;,&quot;referrerUrl&quot;:&quot;&quot;,&quot;externalLinks&quot;:&quot;true&quot;,&quot;debug&quot;:&quot;false&quot;,&quot;debugHash&quot;:&quot;false&quot;,&quot;debugRelated&quot;:&quot;false&quot;,&quot;timerRelated&quot;:&quot;true&quot;,&quot;logoRecord&quot;:&quot;false&quot;,&quot;contextModal&quot;:&quot;false&quot;,&quot;parentUrl&quot;:&quot;https:\/\/record.r7.com\/&quot;,&quot;t&quot;:&quot;0&quot;,&quot;noTitle&quot;:false,&quot;endBehavior&quot;:&quot;default&quot;}\" data-related-videos=\"[{&quot;title&quot;:&quot;Apag&#xE3;o na Amazon afeta pelo menos 500 empresas no mundo&quot;,&quot;thumb&quot;:&quot;https:\/\/d22yf0mxeu0gma.cloudfront.net\/10-20-2025\/t_a18f2aa863df47949a7f4dcff96505a8_name_aaaaaaaa__27_.png&quot;,&quot;url&quot;:&quot;https:\/\/noticias.r7.com\/record-news\/news-das-19h\/video\/apagao-na-amazon-afeta-pelo-menos-500-empresas-no-mundo-20102025\/&quot;,&quot;embedUrl&quot;:&quot;https:\/\/noticias.r7.com\/player\/0ca7430c-8429-4927-8989-7f7e3a23d97b\/&quot;},{&quot;title&quot;:&quot;Apag&#xE3;o derruba aplicativos e servi&#xE7;os no mundo todo&quot;,&quot;thumb&quot;:&quot;https:\/\/d22yf0mxeu0gma.cloudfront.net\/10-20-2025\/t_3ec2921d83f043848545be9c7cbf60ee_name_aaaaaaaa__22_.png&quot;,&quot;url&quot;:&quot;https:\/\/noticias.r7.com\/record-news\/conexao-record-news\/video\/apagao-derruba-aplicativos-e-servicos-no-mundo-todo-20102025\/&quot;,&quot;embedUrl&quot;:&quot;https:\/\/noticias.r7.com\/player\/10b4c00b-fc39-4be5-b6f5-3e483ed611b4\/&quot;},{&quot;title&quot;:&quot;Empresa promete &#x2018;delivery espacial&#x2019; em todo o planeta&quot;,&quot;thumb&quot;:&quot;https:\/\/d22yf0mxeu0gma.cloudfront.net\/10-03-2025\/t_7662571a4d1b4c899adc8905ede8a72b_name_file_960x540_1600_v4_.jpg&quot;,&quot;url&quot;:&quot;https:\/\/noticias.r7.com\/record-news\/news-das-10\/video\/empresa-promete-delivery-espacial-em-todo-o-planeta-03102025\/&quot;,&quot;embedUrl&quot;:&quot;https:\/\/noticias.r7.com\/player\/914779a6-cfa8-4850-bf58-e4a18b6a0362\/&quot;}]\" data-player-url=\"https:\/\/noticias.r7.com\/player\/53d93e71-362d-4ff3-9d08-293fc7b6e557\/\" data-arc-video=\"\" data-arc-id=\"53d93e71-362d-4ff3-9d08-293fc7b6e557\" data-short=\"false\" style=\"visibility:hidden\"><\/video><\/p>\n<p class=\"jarvics:base-text-neutral-high-400 base-text-[calc(theme(fontSize.xs)_*_var(--font-size,_1))] base-font-normal base-font-primary base-text-neutral-low-500 base-text-left\"><b>Fique por dentro das principais not\u00edcias do dia no Brasil e no mundo. <\/b><a href=\"https:\/\/whatsapp.com\/channel\/0029Va6eEELGZNCyryabmO1m\" rel=\"nofollow noopener\" target=\"_blank\"><b>Siga o canal do R7<\/b><\/a><b>, o portal de not\u00edcias da Record, no WhatsApp<\/b><\/p>\n","protected":false},"excerpt":{"rendered":"LEIA AQUI O RESUMO DA NOT\u00cdCIA Pesquisadores da Universidade de Toho e da Nasa estimaram que a Terra&hellip;\n","protected":false},"author":2,"featured_media":119824,"comment_status":"","ping_status":"","sticky":false,"template":"","format":"standard","meta":{"footnotes":""},"categories":[84],"tags":[109,107,108,1976,1149,32,33,105,103,104,106,110],"class_list":{"0":"post-119823","1":"post","2":"type-post","3":"status-publish","4":"format-standard","5":"has-post-thumbnail","7":"category-ciencia-e-tecnologia","8":"tag-ciencia","9":"tag-ciencia-e-tecnologia","10":"tag-cienciaetecnologia","11":"tag-espaco-sideral","12":"tag-nasa","13":"tag-portugal","14":"tag-pt","15":"tag-science","16":"tag-science-and-technology","17":"tag-scienceandtechnology","18":"tag-technology","19":"tag-tecnologia"},"share_on_mastodon":{"url":"https:\/\/pubeurope.com\/@pt\/115410528126905059","error":""},"_links":{"self":[{"href":"https:\/\/www.europesays.com\/pt\/wp-json\/wp\/v2\/posts\/119823","targetHints":{"allow":["GET"]}}],"collection":[{"href":"https:\/\/www.europesays.com\/pt\/wp-json\/wp\/v2\/posts"}],"about":[{"href":"https:\/\/www.europesays.com\/pt\/wp-json\/wp\/v2\/types\/post"}],"author":[{"embeddable":true,"href":"https:\/\/www.europesays.com\/pt\/wp-json\/wp\/v2\/users\/2"}],"replies":[{"embeddable":true,"href":"https:\/\/www.europesays.com\/pt\/wp-json\/wp\/v2\/comments?post=119823"}],"version-history":[{"count":0,"href":"https:\/\/www.europesays.com\/pt\/wp-json\/wp\/v2\/posts\/119823\/revisions"}],"wp:featuredmedia":[{"embeddable":true,"href":"https:\/\/www.europesays.com\/pt\/wp-json\/wp\/v2\/media\/119824"}],"wp:attachment":[{"href":"https:\/\/www.europesays.com\/pt\/wp-json\/wp\/v2\/media?parent=119823"}],"wp:term":[{"taxonomy":"category","embeddable":true,"href":"https:\/\/www.europesays.com\/pt\/wp-json\/wp\/v2\/categories?post=119823"},{"taxonomy":"post_tag","embeddable":true,"href":"https:\/\/www.europesays.com\/pt\/wp-json\/wp\/v2\/tags?post=119823"}],"curies":[{"name":"wp","href":"https:\/\/api.w.org\/{rel}","templated":true}]}}