{"id":119833,"date":"2025-10-21T05:50:12","date_gmt":"2025-10-21T05:50:12","guid":{"rendered":"https:\/\/www.europesays.com\/pt\/119833\/"},"modified":"2025-10-21T05:50:12","modified_gmt":"2025-10-21T05:50:12","slug":"comer-kiwi-pode-aliviar-prisao-de-ventre-cronica-noticias-r7","status":"publish","type":"post","link":"https:\/\/www.europesays.com\/pt\/119833\/","title":{"rendered":"Comer kiwi pode aliviar pris\u00e3o de ventre cr\u00f4nica \u2013 Noticias R7"},"content":{"rendered":"<p><img decoding=\"async\" data-chromatic=\"ignore\" alt=\"\" class=\"c-image\" loading=\"lazy\" src=\"https:\/\/www.europesays.com\/pt\/wp-content\/uploads\/2025\/10\/WJAZUDTH4FAWTK3OTI54PPT2R4.JPG\"  width=\"2000\" height=\"1333\"\/>Al\u00e9m do kiwi, p\u00e3o de centeio tamb\u00e9m faz bem contra a constipa\u00e7\u00e3o, diz pesquisa puhimec\/iStockphoto\/Getty Images via CNN Newsource\/Arquivo <\/p>\n<p class=\"jarvics:base-text-neutral-high-400 base-text-[calc(theme(fontSize.xs)_*_var(--font-size,_1))] base-font-normal base-font-primary base-text-neutral-low-500 base-text-left\">Novas diretrizes internacionais de nutri\u00e7\u00e3o indicam que o consumo regular de kiwi pode ajudar a aliviar a <a href=\"https:\/\/noticias.r7.com\/saude\/feed-tv-saude\/intestino-preso-veja-os-alimentos-que-ajudam-a-soltar-e-o-alerta-dos-especialistas-23052025\/\" target=\"_self\" rel=\"nofollow noopener\" title=\"https:\/\/noticias.r7.com\/saude\/feed-tv-saude\/intestino-preso-veja-os-alimentos-que-ajudam-a-soltar-e-o-alerta-dos-especialistas-23052025\/\">pris\u00e3o de ventre cr\u00f4nica<\/a>. A recomenda\u00e7\u00e3o faz parte de um conjunto de orienta\u00e7\u00f5es divulgado pelo Journal of Human Nutrition and Dietetics e pela Neurogastroenterology &amp; Motility. <\/p>\n<p class=\"jarvics:base-text-neutral-high-400 base-text-[calc(theme(fontSize.xs)_*_var(--font-size,_1))] base-font-normal base-font-primary base-text-neutral-low-500 base-text-left\">Al\u00e9m do <a href=\"https:\/\/noticias.r7.com\/prisma\/ciencia-para-o-dia-a-dia\/kiwi-melhora-o-funcionamento-do-intestino-e-ajuda-no-combate-a-constipacao-29092025\/\" target=\"_self\" rel=\"nofollow noopener\" title=\"https:\/\/noticias.r7.com\/prisma\/ciencia-para-o-dia-a-dia\/kiwi-melhora-o-funcionamento-do-intestino-e-ajuda-no-combate-a-constipacao-29092025\/\">kiwi<\/a>, o estudo destaca alimentos como p\u00e3o de centeio, ameixas, \u00e1gua com alto teor de minerais e suplementos espec\u00edficos como aliados na melhora do funcionamento intestinal.<\/p>\n<p class=\"jarvics:base-text-neutral-high-400 base-text-[calc(theme(fontSize.xs)_*_var(--font-size,_1))] base-font-normal base-font-primary base-text-neutral-low-500 base-text-left\">A constipa\u00e7\u00e3o cr\u00f4nica afeta de uma em cada seis pessoas no mundo e <a href=\"https:\/\/entretenimento.r7.com\/vivaavida\/prisma\/como-ser-saudavel\/bye-bye-prisao-de-ventre-02072023\/\" target=\"_self\" rel=\"nofollow noopener\" title=\"https:\/\/entretenimento.r7.com\/vivaavida\/prisma\/como-ser-saudavel\/bye-bye-prisao-de-ventre-02072023\/\">entre 9% e 20% dos adultos nos Estados Unidos<\/a>. <\/p>\n<p><video controls=\"\" class=\"video-js\" preload=\"metadata\" poster=\"https:\/\/d22yf0mxeu0gma.cloudfront.net\/05-12-2025\/t_403e3631a2074a4f81a2bcbe58bc0d24_name_file_960x540_1600_v4_.jpg\" title=\"Sa&#xFA;de para Todos: manter intestino saud&#xE1;vel pode ser uma das principais chaves para o bem-estar\" data-sprite-url=\"\" data-metadata=\"{&quot;title&quot;:&quot;Sa&#xFA;de para Todos: manter intestino saud&#xE1;vel pode ser uma das principais chaves para o bem-estar&quot;,&quot;sectionName&quot;:&quot;R7&quot;,&quot;mainSection&quot;:&quot;Sa&#xFA;de&quot;,&quot;subSection&quot;:&quot;&quot;,&quot;views&quot;:&quot;&quot;,&quot;disableAdv&quot;:&quot;false&quot;,&quot;createdDate&quot;:&quot;2025-05-12T19:23:10Z&quot;,&quot;mainSectionUrl&quot;:&quot;https:\/\/noticias.r7.com\/minas-gerais\/balanco-geral-mg\/video\/saude-para-todos-manter-intestino-saudavel-pode-ser-uma-das-principais-chaves-para-o-bem-estar-12052025\/&quot;,&quot;sectionPath&quot;:&quot;https:\/\/noticias.r7.com\/minas-gerais\/balanco-geral-mg&quot;,&quot;ageRating&quot;:&quot;&quot;,&quot;ageRatingDescription&quot;:&quot;&quot;,&quot;duration&quot;:325675,&quot;playerUrl&quot;:&quot;https:\/\/noticias.r7.com\/player\/08926ee1-7866-43d3-a89b-5721305cd3b3\/&quot;}\" data-player-params=\"{&quot;p&quot;:&quot;true&quot;,&quot;autoPlay&quot;:&quot;false&quot;,&quot;logo&quot;:&quot;true&quot;,&quot;playlistId&quot;:&quot;false&quot;,&quot;calhau&quot;:&quot;false&quot;,&quot;share&quot;:&quot;true&quot;,&quot;sz&quot;:&quot;false&quot;,&quot;full&quot;:&quot;true&quot;,&quot;customAdHash&quot;:&quot;\/7542\/r7noticias\/saude&quot;,&quot;referrerUrl&quot;:&quot;&quot;,&quot;externalLinks&quot;:&quot;true&quot;,&quot;debug&quot;:&quot;false&quot;,&quot;debugHash&quot;:&quot;false&quot;,&quot;debugRelated&quot;:&quot;false&quot;,&quot;timerRelated&quot;:&quot;true&quot;,&quot;logoRecord&quot;:&quot;false&quot;,&quot;contextModal&quot;:&quot;false&quot;,&quot;parentUrl&quot;:&quot;https:\/\/record.r7.com\/&quot;,&quot;t&quot;:&quot;0&quot;,&quot;noTitle&quot;:false,&quot;endBehavior&quot;:&quot;default&quot;}\" data-related-videos=\"[{&quot;title&quot;:&quot;&#x2018;O Bol&#xE3;o n&#xE3;o morre, ele renasce&#x2019;, diz dono ao anunciar fechamento do bar do Bol&#xE3;o, em BH&quot;,&quot;thumb&quot;:&quot;https:\/\/d22yf0mxeu0gma.cloudfront.net\/10-20-2025\/t_4644b04323cd4c65b0065676cb2e7a5c_name_file_960x540_1600_v4_.jpg&quot;,&quot;url&quot;:&quot;https:\/\/noticias.r7.com\/minas-gerais\/balanco-geral-mg\/video\/o-bolao-nao-morre-ele-renasce-diz-dono-ao-anunciar-fechamento-do-bar-do-bolao-em-bh-20102025\/&quot;,&quot;embedUrl&quot;:&quot;https:\/\/noticias.r7.com\/player\/f43f7cea-4ea2-4790-bb0c-34c2b9440ba3\/&quot;},{&quot;title&quot;:&quot;Cabos baixos e emaranhados causam riscos e deixam bairro sem luz em BH&quot;,&quot;thumb&quot;:&quot;https:\/\/d22yf0mxeu0gma.cloudfront.net\/10-20-2025\/t_f17e9bcd1d0f4693a5edf9e5497646a9_name_file_960x540_1600_v4_.jpg&quot;,&quot;url&quot;:&quot;https:\/\/noticias.r7.com\/minas-gerais\/balanco-geral-mg\/video\/cabos-baixos-e-emaranhados-causam-riscos-e-deixam-bairro-sem-luz-em-bh-20102025\/&quot;,&quot;embedUrl&quot;:&quot;https:\/\/noticias.r7.com\/player\/1214dd68-532c-4459-8a2a-0904a446705e\/&quot;},{&quot;title&quot;:&quot;Ap&#xF3;s quase 10 anos, Balan&#xE7;o Geral Minas vai ganhar novo est&#xFA;dio&quot;,&quot;thumb&quot;:&quot;https:\/\/d22yf0mxeu0gma.cloudfront.net\/10-20-2025\/t_2658f44c04864a48b6b5b0cf18bfd02a_name_file_960x540_1600_v4_.jpg&quot;,&quot;url&quot;:&quot;https:\/\/noticias.r7.com\/minas-gerais\/balanco-geral-mg\/video\/apos-quase-10-anos-balanco-geral-minas-vai-ganhar-novo-estudio-20102025\/&quot;,&quot;embedUrl&quot;:&quot;https:\/\/noticias.r7.com\/player\/7ffdc468-7acf-48a1-8ba8-aff51aea8bbb\/&quot;}]\" data-player-url=\"https:\/\/noticias.r7.com\/player\/08926ee1-7866-43d3-a89b-5721305cd3b3\/\" data-arc-video=\"\" data-arc-id=\"08926ee1-7866-43d3-a89b-5721305cd3b3\" data-short=\"false\" style=\"visibility:hidden\"><\/video><\/p>\n<p class=\"jarvics:base-text-neutral-high-400 base-text-[calc(theme(fontSize.xs)_*_var(--font-size,_1))] base-font-normal base-font-primary base-text-neutral-low-500 base-text-left\">Entre os sintomas mais comuns est\u00e3o evacua\u00e7\u00f5es com menos de tr\u00eas vezes por semana, fezes ressecadas e esfor\u00e7o ou dor ao evacuar. <\/p>\n<p class=\"jarvics:base-text-neutral-high-400 base-text-[calc(theme(fontSize.xs)_*_var(--font-size,_1))] base-font-normal base-font-primary base-text-neutral-low-500 base-text-left\">Segundo a principal autora da pesquisa, a professora Eirini Dimidi, do King\u2019s College London, as novas orienta\u00e7\u00f5es \u201cpreenchem uma lacuna entre a pesquisa e o aconselhamento cl\u00ednico de rotina, permitindo que profissionais e pacientes adotem estrat\u00e9gias alimentares mais claras e eficazes\u201d.<\/p>\n<p>Fibra n\u00e3o \u00e9 solu\u00e7\u00e3o gen\u00e9rica<\/p>\n<p class=\"jarvics:base-text-neutral-high-400 base-text-[calc(theme(fontSize.xs)_*_var(--font-size,_1))] base-font-normal base-font-primary base-text-neutral-low-500 base-text-left\">O foco das diretrizes est\u00e1 em alimentos espec\u00edficos e n\u00e3o no aumento gen\u00e9rico da ingest\u00e3o de fibras.<\/p>\n<p class=\"jarvics:base-text-neutral-high-400 base-text-[calc(theme(fontSize.xs)_*_var(--font-size,_1))] base-font-normal base-font-primary base-text-neutral-low-500 base-text-left\">De acordo com os pesquisadores, incluir de dois a tr\u00eas kiwis por dia na dieta pode ser uma estrat\u00e9gia simples e eficiente para melhorar o tr\u00e2nsito intestinal.<\/p>\n<p class=\"jarvics:base-text-neutral-high-400 base-text-[calc(theme(fontSize.xs)_*_var(--font-size,_1))] base-font-normal base-font-primary base-text-neutral-low-500 base-text-left\">A fruta aumenta o volume e o teor de \u00e1gua nas fezes, melhora a digest\u00e3o de prote\u00ednas e facilita a movimenta\u00e7\u00e3o de alimentos e l\u00edquidos no trato digestivo. Tamb\u00e9m tem efeito prebi\u00f3tico natural, ajudando a reduzir inflama\u00e7\u00f5es intestinais.<\/p>\n<p class=\"jarvics:base-text-neutral-high-400 base-text-[calc(theme(fontSize.xs)_*_var(--font-size,_1))] base-font-normal base-font-primary base-text-neutral-low-500 base-text-left\">Segundo especialistas, o kiwi \u00e9 bem tolerado e f\u00e1cil de incorporar \u00e0 alimenta\u00e7\u00e3o \u2014 ao contr\u00e1rio de outros alimentos como ameixas secas, que precisam ser introduzidas gradualmente. <\/p>\n<p class=\"jarvics:base-text-neutral-high-400 base-text-[calc(theme(fontSize.xs)_*_var(--font-size,_1))] base-font-normal base-font-primary base-text-neutral-low-500 base-text-left\">A casca do kiwi tamb\u00e9m pode ser consumida, por conter fibras extras, embora o aquecimento da fruta deva ser evitado, pois o calor destr\u00f3i a enzima respons\u00e1vel por estimular o intestino.<\/p>\n<p class=\"jarvics:base-text-neutral-high-400 base-text-[calc(theme(fontSize.sm)_*_var(--font-size,_1))] base-font-semibold base-font-primary base-text-neutral-low-500 base-text-left\">A constipa\u00e7\u00e3o, conhecida popularmente com intestino preso, \u00e9 um<br \/>\nproblema bastante comum. Al\u00e9m de inc\u00f4moda, a pris\u00e3o de ventre constante pode<br \/>\nlevar ao surgimento de hemorroidas \u2013 doen\u00e7a que causa dilata\u00e7\u00e3o dos vasos<br \/>\nsangu\u00edneos localizados na parte infer&#8230;<\/p>\n<p class=\"jarvics:base-text-neutral-high-400 base-text-[calc(theme(fontSize.xxs)_*_var(--font-size,_1))] base-font-semibold base-font-primary base-text-neutral-low-500 base-text-left\">A constipa\u00e7\u00e3o, conhecida popularmente com intestino preso, \u00e9 um<br \/>\nproblema bastante comum. Al\u00e9m de inc\u00f4moda, a pris\u00e3o de ventre constante pode<br \/>\nlevar ao surgimento de hemorroidas \u2013 doen\u00e7a que causa dilata\u00e7\u00e3o dos vasos<br \/>\nsangu\u00edneos localizados na parte inferior do reto e do \u00e2nus, devido ao aumento<br \/>\nda press\u00e3o interior, explica o cirurgi\u00e3o do aparelho digestivo Dem\u00e9trius<br \/>\nGermini.<\/p>\n<p>\u201cAlgumas origens potenciais para surgimento delas incluem o<br \/>\nesfor\u00e7o feito durante a evacua\u00e7\u00e3o, devido a constipa\u00e7\u00e3o. Sempre que h\u00e1 lentid\u00e3o<br \/>\nnos movimentos perist\u00e1lticos do intestino, respons\u00e1veis por empurrar o bolo<br \/>\nfecal do intestino grosso at\u00e9 ser eliminado pelo reto, o problema aparece\u201d.<\/p>\n<p>Nem sempre as informa\u00e7\u00f5es difundidas pela popula\u00e7\u00e3o s\u00e3o<br \/>\nverdadeiras. Por isso, o especialista desvenda alguns mitos e verdades sobre a<br \/>\npris\u00e3o de ventre. Veja-os a seguir:<\/p>\n<p>As alternativas<\/p>\n<p class=\"jarvics:base-text-neutral-high-400 base-text-[calc(theme(fontSize.xs)_*_var(--font-size,_1))] base-font-normal base-font-primary base-text-neutral-low-500 base-text-left\">Para quem n\u00e3o aprecia o sabor do kiwi, alternativas incluem ameixas, p\u00e3o de centeio, linha\u00e7a, laranja, iogurte, feij\u00e3o e aveia. <\/p>\n<p class=\"jarvics:base-text-neutral-high-400 base-text-[calc(theme(fontSize.xs)_*_var(--font-size,_1))] base-font-normal base-font-primary base-text-neutral-low-500 base-text-left\">Suplementos como o psyllium \u2014 fibra sol\u00favel que auxilia na movimenta\u00e7\u00e3o intestinal e na redu\u00e7\u00e3o da absor\u00e7\u00e3o de colesterol \u2014 tamb\u00e9m s\u00e3o recomendados, desde que o consumo aumente de forma gradual.<\/p>\n<p class=\"jarvics:base-text-neutral-high-400 base-text-[calc(theme(fontSize.xs)_*_var(--font-size,_1))] base-font-normal base-font-primary base-text-neutral-low-500 base-text-left\">Os pesquisadores lembram ainda que h\u00e1bitos simples, como praticar caminhadas di\u00e1rias, ajudam a estimular o sistema digestivo. <\/p>\n<p class=\"jarvics:base-text-neutral-high-400 base-text-[calc(theme(fontSize.xs)_*_var(--font-size,_1))] base-font-normal base-font-primary base-text-neutral-low-500 base-text-left\">As novas recomenda\u00e7\u00f5es s\u00e3o baseadas em quatro revis\u00f5es sistem\u00e1ticas e meta-an\u00e1lises que analisaram mais de 75 estudos cl\u00ednicos sobre interven\u00e7\u00f5es alimentares para tratar a constipa\u00e7\u00e3o cr\u00f4nica.<\/p>\n<p class=\"jarvics:base-text-neutral-high-400 base-text-[calc(theme(fontSize.xs)_*_var(--font-size,_1))] base-font-normal base-font-primary base-text-neutral-low-500 base-text-left\"><b>Fique por dentro das principais not\u00edcias do dia no Brasil e no mundo. <\/b><a href=\"https:\/\/whatsapp.com\/channel\/0029Va6eEELGZNCyryabmO1m\" rel=\"nofollow noopener\" target=\"_blank\"><b>Siga o canal do R7<\/b><\/a><b>, o portal de not\u00edcias da Record, no WhatsApp<\/b><\/p>\n","protected":false},"excerpt":{"rendered":"Al\u00e9m do kiwi, p\u00e3o de centeio tamb\u00e9m faz bem contra a constipa\u00e7\u00e3o, diz pesquisa puhimec\/iStockphoto\/Getty Images via CNN&hellip;\n","protected":false},"author":2,"featured_media":4680,"comment_status":"","ping_status":"","sticky":false,"template":"","format":"standard","meta":{"footnotes":""},"categories":[86],"tags":[27873,13048,27872,3210,116,4560,32,33,117,25149],"class_list":{"0":"post-119833","1":"post","2":"type-post","3":"status-publish","4":"format-standard","5":"has-post-thumbnail","7":"category-saude","8":"tag-balanco-geral-mg","9":"tag-constipacao","10":"tag-dieta-equilibrada","11":"tag-endocrinologia","12":"tag-health","13":"tag-menopausa","14":"tag-portugal","15":"tag-pt","16":"tag-saude","17":"tag-saude-intestinal"},"share_on_mastodon":{"url":"https:\/\/pubeurope.com\/@pt\/115410595023191370","error":""},"_links":{"self":[{"href":"https:\/\/www.europesays.com\/pt\/wp-json\/wp\/v2\/posts\/119833","targetHints":{"allow":["GET"]}}],"collection":[{"href":"https:\/\/www.europesays.com\/pt\/wp-json\/wp\/v2\/posts"}],"about":[{"href":"https:\/\/www.europesays.com\/pt\/wp-json\/wp\/v2\/types\/post"}],"author":[{"embeddable":true,"href":"https:\/\/www.europesays.com\/pt\/wp-json\/wp\/v2\/users\/2"}],"replies":[{"embeddable":true,"href":"https:\/\/www.europesays.com\/pt\/wp-json\/wp\/v2\/comments?post=119833"}],"version-history":[{"count":0,"href":"https:\/\/www.europesays.com\/pt\/wp-json\/wp\/v2\/posts\/119833\/revisions"}],"wp:featuredmedia":[{"embeddable":true,"href":"https:\/\/www.europesays.com\/pt\/wp-json\/wp\/v2\/media\/4680"}],"wp:attachment":[{"href":"https:\/\/www.europesays.com\/pt\/wp-json\/wp\/v2\/media?parent=119833"}],"wp:term":[{"taxonomy":"category","embeddable":true,"href":"https:\/\/www.europesays.com\/pt\/wp-json\/wp\/v2\/categories?post=119833"},{"taxonomy":"post_tag","embeddable":true,"href":"https:\/\/www.europesays.com\/pt\/wp-json\/wp\/v2\/tags?post=119833"}],"curies":[{"name":"wp","href":"https:\/\/api.w.org\/{rel}","templated":true}]}}