{"id":119859,"date":"2025-10-21T06:25:11","date_gmt":"2025-10-21T06:25:11","guid":{"rendered":"https:\/\/www.europesays.com\/pt\/119859\/"},"modified":"2025-10-21T06:25:11","modified_gmt":"2025-10-21T06:25:11","slug":"exercicio-de-resiliencia-record","status":"publish","type":"post","link":"https:\/\/www.europesays.com\/pt\/119859\/","title":{"rendered":"\u2018Exerc\u00edcio de resili\u00eancia\u2019 \u2013 Record"},"content":{"rendered":"<p><img decoding=\"async\" data-chromatic=\"ignore\" alt=\"\" class=\"c-image\" loading=\"lazy\" src=\"https:\/\/www.europesays.com\/pt\/wp-content\/uploads\/2025\/10\/JOC6FU6TD5GZPLFQPYJB5F6TUA.png\"  width=\"2116\" height=\"1153\"\/>Michelle e Shia est\u00e3o cada dia mais pr\u00f3ximos Reprodu\u00e7\u00e3o\/RecordPlus <\/p>\n<p class=\"jarvics:base-text-neutral-high-400 base-text-[calc(theme(fontSize.xs)_*_var(--font-size,_1))] base-font-normal base-font-primary base-text-neutral-low-500 base-text-left\">A temperatura esfriou em Itapecerica da Serra nesta segunda (20), mas em <a href=\"https:\/\/record.r7.com\/a-fazenda\/a-fazenda-17\/\" target=\"_self\" rel=\"nofollow noopener\" title=\"https:\/\/record.r7.com\/a-fazenda\/a-fazenda-17\/\"><b>A Fazenda 17<\/b><\/a> o calor s\u00f3 aumenta!<b> <\/b><a href=\"https:\/\/record.r7.com\/a-fazenda\/a-fazenda-17\/peoes\/michelle-barros\" target=\"_self\" title=\"Michelle Barros\" rel=\"nofollow noopener\"><b>Michelle Barros<\/b><\/a> e <a href=\"https:\/\/record.r7.com\/a-fazenda\/a-fazenda-17\/peoes\/shia-phoenix\" target=\"_self\" title=\"Shia Phoenix\" rel=\"nofollow noopener\"><b>Shia Phoenix<\/b><\/a> j\u00e1 se declararam um para o outro, contaram sobre o affair para os pe\u00f5es e combinaram de n\u00e3o se envolver romanticamente. Apesar de tentarem, eles n\u00e3o conseguem ficar longe, e passaram o dia inteiro grudadinhos!<\/p>\n<ul class=\"b-article-body__list-unordered\">\n<li><b>Quer ficar por dentro de tudo que est\u00e1 acontecendo em\u00a0<\/b><b>A Fazenda 17<\/b><b>?\u00a0<\/b><a href=\"https:\/\/www.whatsapp.com\/channel\/0029Va2cJIR1noz2ahzX0D1N\" target=\"_blank\" rel=\"noreferrer nofollow noopener\" title=\"https:\/\/www.whatsapp.com\/channel\/0029Va2cJIR1noz2ahzX0D1N\"><b>Clique aqui<\/b><\/a><b>\u00a0e fa\u00e7a parte do nosso canal no WhatsApp!<\/b><\/li>\n<\/ul>\n<p class=\"jarvics:base-text-neutral-high-400 base-text-[calc(theme(fontSize.xs)_*_var(--font-size,_1))] base-font-normal base-font-primary base-text-neutral-low-500 base-text-left\">De manh\u00e3, tomaram o caf\u00e9 juntos e treinaram a s\u00f3s na academia. Rolou um monte de abra\u00e7os entre um exerc\u00edcio e outro. O pe\u00e3o brincou: \u201cMeu Deus, sai de perto de mim\u201d, e a jornalista rebateu: \u201cT\u00f4 tentando!\u201d<\/p>\n<p><b>Olha s\u00f3:<\/b><\/p>\n<p class=\"jarvics:base-text-neutral-high-400 base-text-[calc(theme(fontSize.xs)_*_var(--font-size,_1))] base-font-normal base-font-primary base-text-neutral-low-500 base-text-left\">Michelle preparou abobrinha para o almo\u00e7o, e eles comeram enquanto batiam papo sobre viagens. Depois, foram para a \u00e1rea externa tomar sol e falar sobre jogo. <\/p>\n<p class=\"jarvics:base-text-neutral-high-400 base-text-[calc(theme(fontSize.xs)_*_var(--font-size,_1))] base-font-normal base-font-primary base-text-neutral-low-500 base-text-left\">Mais tarde, seguiram para a cama e dividiram o edredom para um cochilo da tarde. Eles ficaram abra\u00e7ados por baixo das cobertas e Michelle soltou: \u201cExerc\u00edcio de resili\u00eancia\u201d. Shia olhou bem fundo nos olhos da peoa, e quase rolou um beijo, mas ela disse \u2018n\u00e3o\u2019: \u201cUm dia vai acontecer, a gente vai conseguir\u201d, disse o ator.<\/p>\n<p class=\"jarvics:base-text-neutral-high-400 base-text-[calc(theme(fontSize.xs)_*_var(--font-size,_1))] base-font-normal base-font-primary base-text-neutral-low-500 base-text-left\">Ser\u00e1 que vem mais um casal a\u00ed?<\/p>\n<p><b>Veja:<\/b><\/p>\n<p class=\"jarvics:base-text-neutral-high-400 base-text-[calc(theme(fontSize.xs)_*_var(--font-size,_1))] base-font-normal base-font-primary base-text-neutral-low-500 base-text-left\">Fique ligado! <a href=\"https:\/\/record.r7.com\/a-fazenda\/a-fazenda-17\/\" rel=\"nofollow noopener\" title=\"https:\/\/record.r7.com\/a-fazenda\/a-fazenda-17\/\" target=\"_blank\"><b>A Fazenda 17<\/b><\/a> vai ao ar de segunda a domingo, \u00e0s 22h30, na tela da <a href=\"https:\/\/record.r7.com\/\" rel=\"nofollow noopener\" target=\"_blank\"><b>RECORD<\/b><\/a>. Assine o <a href=\"https:\/\/www.recordplus.com\/home\" rel=\"nofollow noopener\" title=\"https:\/\/www.recordplus.com\/home\" target=\"_blank\"><b>RecordPlus<\/b><\/a> e tenha acesso \u00e0s c\u00e2meras 24 horas.<\/p>\n<p><b>Exposed de romance, guerra de cosm\u00e9ticos e mais! Confira o resum\u00e3o da semana de A Fazenda 17<\/b><\/p>\n<p class=\"jarvics:base-text-neutral-high-400 base-text-[calc(theme(fontSize.xxs)_*_var(--font-size,_1))] base-font-semibold base-font-primary base-text-neutral-low-500 base-text-left\">Uma nova semana ca\u00f3tica se passou em A Fazenda 17 e os pe\u00f5es provaram que conseguem se superar quando o assunto \u00e9 entregar entretenimento. Os \u00faltimos dias na sede foram cheios de reviravoltas, adrenalina, embates pesados e muita emo\u00e7\u00e3o; relembre!<\/p>\n<p class=\"jarvics:base-text-neutral-high-400 base-text-[calc(theme(fontSize.little)_*_var(--font-size,_1))] base-font-normal base-font-primary base-text-neutral-low-500 base-text-left\">Reprodu\u00e7\u00e3o\/RECORD<\/p>\n","protected":false},"excerpt":{"rendered":"Michelle e Shia est\u00e3o cada dia mais pr\u00f3ximos Reprodu\u00e7\u00e3o\/RecordPlus A temperatura esfriou em Itapecerica da Serra nesta segunda&hellip;\n","protected":false},"author":2,"featured_media":119860,"comment_status":"","ping_status":"","sticky":false,"template":"","format":"standard","meta":{"footnotes":""},"categories":[145],"tags":[657,211,210,114,115,17001,32,33,26042],"class_list":{"0":"post-119859","1":"post","2":"type-post","3":"status-publish","4":"format-standard","5":"has-post-thumbnail","7":"category-celebridades","8":"tag-a-fazenda","9":"tag-celebridades","10":"tag-celebrities","11":"tag-entertainment","12":"tag-entretenimento","13":"tag-michelle-barros","14":"tag-portugal","15":"tag-pt","16":"tag-shia-phoenix"},"share_on_mastodon":{"url":"https:\/\/pubeurope.com\/@pt\/115410732637081657","error":""},"_links":{"self":[{"href":"https:\/\/www.europesays.com\/pt\/wp-json\/wp\/v2\/posts\/119859","targetHints":{"allow":["GET"]}}],"collection":[{"href":"https:\/\/www.europesays.com\/pt\/wp-json\/wp\/v2\/posts"}],"about":[{"href":"https:\/\/www.europesays.com\/pt\/wp-json\/wp\/v2\/types\/post"}],"author":[{"embeddable":true,"href":"https:\/\/www.europesays.com\/pt\/wp-json\/wp\/v2\/users\/2"}],"replies":[{"embeddable":true,"href":"https:\/\/www.europesays.com\/pt\/wp-json\/wp\/v2\/comments?post=119859"}],"version-history":[{"count":0,"href":"https:\/\/www.europesays.com\/pt\/wp-json\/wp\/v2\/posts\/119859\/revisions"}],"wp:featuredmedia":[{"embeddable":true,"href":"https:\/\/www.europesays.com\/pt\/wp-json\/wp\/v2\/media\/119860"}],"wp:attachment":[{"href":"https:\/\/www.europesays.com\/pt\/wp-json\/wp\/v2\/media?parent=119859"}],"wp:term":[{"taxonomy":"category","embeddable":true,"href":"https:\/\/www.europesays.com\/pt\/wp-json\/wp\/v2\/categories?post=119859"},{"taxonomy":"post_tag","embeddable":true,"href":"https:\/\/www.europesays.com\/pt\/wp-json\/wp\/v2\/tags?post=119859"}],"curies":[{"name":"wp","href":"https:\/\/api.w.org\/{rel}","templated":true}]}}