{"id":119865,"date":"2025-10-21T06:31:18","date_gmt":"2025-10-21T06:31:18","guid":{"rendered":"https:\/\/www.europesays.com\/pt\/119865\/"},"modified":"2025-10-21T06:31:18","modified_gmt":"2025-10-21T06:31:18","slug":"quem-morre-em-caramelo-filme-da-netflix-revela-surpresa-final-zoeira","status":"publish","type":"post","link":"https:\/\/www.europesays.com\/pt\/119865\/","title":{"rendered":"Quem morre em &#8216;Caramelo&#8217;? Filme da Netflix revela surpresa final &#8211; Zoeira"},"content":{"rendered":"<p>Aos apaixonados por hist\u00f3rias com pets, o cinema nacional est\u00e1 com uma super estreia. \u201cCaramelo\u201d, chegou \u00e0 Netflix no \u00faltimo dia 8 de outubro,\u00a0estrelado por Rafa Vitti, com uma narrativa sobre amizade e supera\u00e7\u00e3o.<\/p>\n<p>Na trama, Pedro (Vitti) est\u00e1 prestes a realizar o sonho de abrir seu pr\u00f3prio restaurante quando sua vida muda ao adotar Caramelo, um c\u00e3ozinho que se torna seu companheiro insepar\u00e1vel. A amizade entre os dois cresce a cada cena, at\u00e9 que o protagonista recebe um diagn\u00f3stico de tumor cerebral, o que traz novos contornos ao filme.\u00a0<\/p>\n<p>Se n\u00e3o viu o filme, fuja desse spoiler<\/p>\n<p>O enredo \u00e9 dram\u00e1tico, mas, ao final,<strong> nem Pedro nem Caramelo morrem<\/strong>. Ambos os <strong>protagonistas<\/strong> terminam o filme <strong>viv\u00edssimos<\/strong>. Em uma longa passagem de tempo, Pedro deixa claro que o diagn\u00f3stico da sua doen\u00e7a, felizmente, n\u00e3o se concretizou.<\/p>\n<p>\t\t\t\tVeja tamb\u00e9m<\/p>\n<p>Pedro segue com a vida, cresce profissionalmente e constr\u00f3i uma fam\u00edlia ao lado de Camila (Arianne Botelho). Ainda que a cura completa do tumor n\u00e3o tenha ocorrido, o personagem reflete sobre o significado de estar vivo:<\/p>\n<p>\u201cA cura ainda n\u00e3o veio. Mas o que \u00e9 a cura, sen\u00e3o estar aqui? Construindo um lar, fazendo planos, tendo sonhos, sempre com voc\u00ea ao meu lado, meu amigo&#8221;.\u00a0<\/p>\n<p>Um final de celebra\u00e7\u00e3o \u00e0 vida<\/p>\n<p>As cenas finais entregam sequ\u00eancias emocionantes do filme: Pedro e Caramelo \u00e0 beira-mar, em um gesto simb\u00f3lico de celebra\u00e7\u00e3o \u00e0 vida.<br \/>&#13;<br \/>\n\u00a0<\/p>\n","protected":false},"excerpt":{"rendered":"Aos apaixonados por hist\u00f3rias com pets, o cinema nacional est\u00e1 com uma super estreia. \u201cCaramelo\u201d, chegou \u00e0 Netflix&hellip;\n","protected":false},"author":2,"featured_media":119866,"comment_status":"","ping_status":"","sticky":false,"template":"","format":"standard","meta":{"footnotes":""},"categories":[140],"tags":[2397,114,115,147,148,146,32,33],"class_list":{"0":"post-119865","1":"post","2":"type-post","3":"status-publish","4":"format-standard","5":"has-post-thumbnail","7":"category-filmes","8":"tag-artes-cultura-e-entretenimento","9":"tag-entertainment","10":"tag-entretenimento","11":"tag-film","12":"tag-filmes","13":"tag-movies","14":"tag-portugal","15":"tag-pt"},"share_on_mastodon":{"url":"https:\/\/pubeurope.com\/@pt\/115410756134060785","error":""},"_links":{"self":[{"href":"https:\/\/www.europesays.com\/pt\/wp-json\/wp\/v2\/posts\/119865","targetHints":{"allow":["GET"]}}],"collection":[{"href":"https:\/\/www.europesays.com\/pt\/wp-json\/wp\/v2\/posts"}],"about":[{"href":"https:\/\/www.europesays.com\/pt\/wp-json\/wp\/v2\/types\/post"}],"author":[{"embeddable":true,"href":"https:\/\/www.europesays.com\/pt\/wp-json\/wp\/v2\/users\/2"}],"replies":[{"embeddable":true,"href":"https:\/\/www.europesays.com\/pt\/wp-json\/wp\/v2\/comments?post=119865"}],"version-history":[{"count":0,"href":"https:\/\/www.europesays.com\/pt\/wp-json\/wp\/v2\/posts\/119865\/revisions"}],"wp:featuredmedia":[{"embeddable":true,"href":"https:\/\/www.europesays.com\/pt\/wp-json\/wp\/v2\/media\/119866"}],"wp:attachment":[{"href":"https:\/\/www.europesays.com\/pt\/wp-json\/wp\/v2\/media?parent=119865"}],"wp:term":[{"taxonomy":"category","embeddable":true,"href":"https:\/\/www.europesays.com\/pt\/wp-json\/wp\/v2\/categories?post=119865"},{"taxonomy":"post_tag","embeddable":true,"href":"https:\/\/www.europesays.com\/pt\/wp-json\/wp\/v2\/tags?post=119865"}],"curies":[{"name":"wp","href":"https:\/\/api.w.org\/{rel}","templated":true}]}}