{"id":119885,"date":"2025-10-21T06:49:09","date_gmt":"2025-10-21T06:49:09","guid":{"rendered":"https:\/\/www.europesays.com\/pt\/119885\/"},"modified":"2025-10-21T06:49:09","modified_gmt":"2025-10-21T06:49:09","slug":"bug-no-windows-11-bloqueia-rato-e-teclado-microsoft-tem-solucao","status":"publish","type":"post","link":"https:\/\/www.europesays.com\/pt\/119885\/","title":{"rendered":"Bug no Windows 11 bloqueia rato e teclado! Microsoft tem solu\u00e7\u00e3o"},"content":{"rendered":"<p>Com o fim do Windows 10, todos os olhares voltam-se agora para o Windows 11. Este passa a ser a \u00fanica vers\u00e3o suportada e aquela que \u00e9 recomendada. Tudo estaria bem, n\u00e3o fosse o caso de existir um novo bug. Este pode bloquear o rato e o teclado ou impedir o acesso \u00e0 Internet. A Microsoft j\u00e1 tem a solu\u00e7\u00e3o e quer que todos a instalem.<\/p>\n<p><a target=\"_blank\" href=\"https:\/\/pplware.sapo.pt\/wp-content\/uploads\/2023\/10\/pplware_windows_11_logo_2.jpg\" onclick=\"refreshIframe()\" class=\"foobox\" rel=\"nofollow noopener\"><img fetchpriority=\"high\" decoding=\"async\" src=\"https:\/\/www.europesays.com\/pt\/wp-content\/uploads\/2025\/10\/pplware_windows_11_logo_2-1024x576.jpg\" alt=\"Windows 11 bug Microsoft rato teclado\" width=\"720\" height=\"405\" class=\"aligncenter size-large wp-image-953822\"  \/><\/a>\n<\/p>\n<p>Bug no Windows 11 pode bloquear o rato e o teclado<\/p>\n<p>Enquanto a Microsoft se prepara para melhorar o Windows 11 com novas funcionalidades de IA, a empresa lan\u00e7ou uma importante atualiza\u00e7\u00e3o para corrigir um bug importante. Este afeta muitos utilizadores numa das mais recentes atualiza\u00e7\u00f5es deste sistema. Isto pode fazer com que o PC ou perif\u00e9ricos deixem de funcionar em muitos casos, ou que os programas percam completamente o acesso \u00e0 Internet.<\/p>\n<p>A Microsoft alertou que a atualiza\u00e7\u00e3o do Windows 11 que apresenta estas falhas \u00e9 a KB5066835. Especificamente, um problema est\u00e1 a fazer com que as liga\u00e7\u00f5es HTTP\/2 do host local deixem de funcionar corretamente, impedindo que as aplica\u00e7\u00f5es ou programas alojados localmente se liguem \u00e0 rede. Esta atualiza\u00e7\u00e3o tamb\u00e9m apresenta bugs nas vers\u00f5es 24H2 ou 25H2. <\/p>\n<p>Entre eles, existe um bug que bloqueia a visualiza\u00e7\u00e3o de documentos do Explorador de Ficheiros no painel de Visualiza\u00e7\u00e3o e faz com que uma mensagem de seguran\u00e7a surja incorretamente. Al\u00e9m disso, alguns perif\u00e9ricos Logitech n\u00e3o funcionam em PCs com o Windows 11 atualizados para estas vers\u00f5es. Por fim, o teclado e o rato n\u00e3o funcionam quando o utilizador navega para o Ambiente de Recupera\u00e7\u00e3o do Windows (WinRE). <\/p>\n<p><a target=\"_blank\" href=\"https:\/\/pplware.sapo.pt\/wp-content\/uploads\/2024\/02\/microsoft_windows_11_no_reboot_2.jpg\" onclick=\"refreshIframe()\" class=\"foobox\" rel=\"nofollow noopener\"><img loading=\"lazy\" decoding=\"async\" src=\"https:\/\/www.europesays.com\/pt\/wp-content\/uploads\/2025\/08\/microsoft_windows_11_no_reboot_2-1024x576.jpg\" alt=\"Windows 11 bug Microsoft rato teclado\" width=\"720\" height=\"405\" class=\"aligncenter size-large wp-image-978276\"  \/><\/a><\/p>\n<p>Microsoft j\u00e1 tem solu\u00e7\u00e3o e quer que todos a instalem<\/p>\n<p>O problema \u00e9 mais grave do que parece, pois a atualiza\u00e7\u00e3o KB5066835 \u00e9 obrigat\u00f3ria. Ou seja, a Microsoft instala-a automaticamente em todos os computadores compat\u00edveis com o Windows 11. No entanto, os problemas n\u00e3o afetam todos, mas sim um pequeno n\u00famero de dispositivos. A Microsoft n\u00e3o demorou muito tempo a lan\u00e7ar um patch de seguran\u00e7a para corrigir os muitos problemas causados \u200b\u200bpela \u00faltima atualiza\u00e7\u00e3o do Windows 11. <\/p>\n<p>Ser\u00e1 instalado automaticamente em todos os PCs que j\u00e1 tenham a atualiza\u00e7\u00e3o KB5066835 e as vers\u00f5es 24H2 ou 25H2. Quem tiver desativado as atualiza\u00e7\u00f5es autom\u00e1ticas, ter\u00e1 de executar a instala\u00e7\u00e3o manualmente. Basta clicar no bot\u00e3o Iniciar e ir a \u201cDefini\u00e7\u00f5es\u201d. Ap\u00f3s, selecionar \u201cAtualiza\u00e7\u00e3o e Seguran\u00e7a\u201d e, na sec\u00e7\u00e3o \u201cWindows Update\u201d, clicar em \u201c Verificar atualiza\u00e7\u00f5es \u201c. Por fim, seguir os passos para instalar a atualiza\u00e7\u00e3o.<\/p>\n<p>Se o patch do Windows 11 n\u00e3o aparecer, tamb\u00e9m se pode tentar reverter a atualiza\u00e7\u00e3o e voltar a uma vers\u00e3o anterior. Para tal, no Windows Update, tocar em \u201cHist\u00f3rico de atualiza\u00e7\u00f5es\u201d e clicar em \u201cDesinstalar\u201d. Por fim, reiniciar o PC.<\/p>\n","protected":false},"excerpt":{"rendered":"Com o fim do Windows 10, todos os olhares voltam-se agora para o Windows 11. Este passa a&hellip;\n","protected":false},"author":2,"featured_media":119886,"comment_status":"","ping_status":"","sticky":false,"template":"","format":"standard","meta":{"footnotes":""},"categories":[84],"tags":[11179,109,107,108,906,32,33,27887,105,103,104,106,3632,110,1732],"class_list":{"0":"post-119885","1":"post","2":"type-post","3":"status-publish","4":"format-standard","5":"has-post-thumbnail","7":"category-ciencia-e-tecnologia","8":"tag-bug","9":"tag-ciencia","10":"tag-ciencia-e-tecnologia","11":"tag-cienciaetecnologia","12":"tag-microsoft","13":"tag-portugal","14":"tag-pt","15":"tag-rato","16":"tag-science","17":"tag-science-and-technology","18":"tag-scienceandtechnology","19":"tag-technology","20":"tag-teclado","21":"tag-tecnologia","22":"tag-windows-11"},"share_on_mastodon":{"url":"https:\/\/pubeurope.com\/@pt\/115410827027297515","error":""},"_links":{"self":[{"href":"https:\/\/www.europesays.com\/pt\/wp-json\/wp\/v2\/posts\/119885","targetHints":{"allow":["GET"]}}],"collection":[{"href":"https:\/\/www.europesays.com\/pt\/wp-json\/wp\/v2\/posts"}],"about":[{"href":"https:\/\/www.europesays.com\/pt\/wp-json\/wp\/v2\/types\/post"}],"author":[{"embeddable":true,"href":"https:\/\/www.europesays.com\/pt\/wp-json\/wp\/v2\/users\/2"}],"replies":[{"embeddable":true,"href":"https:\/\/www.europesays.com\/pt\/wp-json\/wp\/v2\/comments?post=119885"}],"version-history":[{"count":0,"href":"https:\/\/www.europesays.com\/pt\/wp-json\/wp\/v2\/posts\/119885\/revisions"}],"wp:featuredmedia":[{"embeddable":true,"href":"https:\/\/www.europesays.com\/pt\/wp-json\/wp\/v2\/media\/119886"}],"wp:attachment":[{"href":"https:\/\/www.europesays.com\/pt\/wp-json\/wp\/v2\/media?parent=119885"}],"wp:term":[{"taxonomy":"category","embeddable":true,"href":"https:\/\/www.europesays.com\/pt\/wp-json\/wp\/v2\/categories?post=119885"},{"taxonomy":"post_tag","embeddable":true,"href":"https:\/\/www.europesays.com\/pt\/wp-json\/wp\/v2\/tags?post=119885"}],"curies":[{"name":"wp","href":"https:\/\/api.w.org\/{rel}","templated":true}]}}