{"id":119891,"date":"2025-10-21T07:01:00","date_gmt":"2025-10-21T07:01:00","guid":{"rendered":"https:\/\/www.europesays.com\/pt\/119891\/"},"modified":"2025-10-21T07:01:00","modified_gmt":"2025-10-21T07:01:00","slug":"livro-finalista-do-jabuti-apoia-construcao-de-escola-yanomami","status":"publish","type":"post","link":"https:\/\/www.europesays.com\/pt\/119891\/","title":{"rendered":"Livro finalista do Jabuti apoia constru\u00e7\u00e3o de escola Yanomami"},"content":{"rendered":"<p>O livro\u00a0<strong>Os \u00daltimos Filhos da Floresta<\/strong>, do fot\u00f3grafo e documentarista <strong>Ricardo Martins<\/strong>, \u00e9 finalista do <a href=\"https:\/\/portalamazonia.com\/educacao\/livros-inpa-finalistas-jabuti\/\" rel=\"nofollow noopener\" target=\"_blank\">Pr\u00eamio Jabuti <\/a>2025 na categoria N\u00e3o Fic\u00e7\u00e3o \u2013 Artes, que reconhece obras de relev\u00e2ncia cultural e art\u00edstica no pa\u00eds.<\/p>\n<p>A publica\u00e7\u00e3o retrata a vida e a resist\u00eancia do <a href=\"https:\/\/portalamazonia.com\/amazonia-de-a-a-z\/yanomami\/\" rel=\"nofollow noopener\" target=\"_blank\">povo Yanomami<\/a>, destacando tamb\u00e9m uma a\u00e7\u00e3o concreta de retorno \u00e0 comunidade: parte da renda do projeto est\u00e1 sendo revertida para a doa\u00e7\u00e3o de materiais para a constru\u00e7\u00e3o de uma escola ind\u00edgena na<strong> aldeia Hemare Pi Wei<\/strong>, no territ\u00f3rio <strong>Yanomami<\/strong>, na <strong>Amaz\u00f4nia<\/strong>. <\/p>\n<p><a href=\"https:\/\/bit.ly\/4ak8zyu\" target=\"_blank\" rel=\"noopener nofollow\">\ud83d\udcf2 Confira o canal do Portal Amaz\u00f4nia no WhatsApp<\/a><\/p>\n<p>O principal objetivo da escola \u00e9 valorizar a cultura ind\u00edgena, preservando seus saberes e tradi\u00e7\u00f5es, e ao mesmo tempo proporcionar o aprendizado da cultura da cidade \u2014 pois, como disse Maciel, uma das lideran\u00e7as da aldeia, \u201cesse ser\u00e1 o nosso escudo, a nossa defesa\u201d.<\/p>\n<p><strong>Saiba mais:<\/strong> <a href=\"https:\/\/portalamazonia.com\/amazonia\/quem-sao-os-yanomami-conheca-um-dos-maiores-povos-indigenas-da-amazonia-internacional\/\" rel=\"nofollow noopener\" target=\"_blank\">Quem s\u00e3o os Yanomami? Conhe\u00e7a um dos maiores povos ind\u00edgenas da Amaz\u00f4nia Internacional<\/a><\/p>\n<p><img loading=\"lazy\" decoding=\"async\" width=\"1080\" height=\"721\" src=\"https:\/\/www.europesays.com\/pt\/wp-content\/uploads\/2025\/10\/ti_yanomami_leonardo_prado_pgr_fotos_publicas_2015.jpg\" alt=\"\" class=\"wp-image-122189\"  \/>Terra Ind\u00edgena Yanomami. Foto: Leonardo Prado\/PGR<\/p>\n<p>Para Ricardo Martins, chegar \u00e0 final do Jabuti representa mais do que um reconhecimento art\u00edstico. \u201cEsse livro \u00e9 resultado de uma forma de ampliar o alcance da voz Yanomami. A escola simboliza o futuro desse povo\u201d, afirma.<\/p>\n<p>Fot\u00f3grafo premiado e autor de 15 livros, Martins j\u00e1 recebeu o Pr\u00eamio Jabuti em 2012, na categoria Melhor Fotografia, e tem obras em institui\u00e7\u00f5es como a UNESCO, em Paris, e a Galeria Tretyakov, em Moscou.<\/p>\n<p><strong>Leia tamb\u00e9m:<\/strong> <a href=\"https:\/\/portalamazonia.com\/educacao\/livros-favoritos-leitor-amazonia\/\" rel=\"nofollow noopener\" target=\"_blank\">Conhe\u00e7a os livros favoritos dos pequenos leitores da Amaz\u00f4nia<\/a><\/p>\n<p><strong><strong>O livro<\/strong><\/strong><\/p>\n<p>O livro Os \u00daltimos Filhos da Floresta\u00a0nasceu de uma imers\u00e3o de <a href=\"http:\/\/www.ricardomartins.org\" target=\"_blank\" rel=\"noopener nofollow\">Ricardo Martins<\/a> na aldeia Yanomami, ap\u00f3s mais de um ano e meio de negocia\u00e7\u00f5es para garantir o acesso e o consentimento da comunidade. <\/p>\n<p>O livro re\u00fane imagens e relatos do cotidiano ind\u00edgena, acompanhados de\u00a0QR codes\u00a0que conduzem a v\u00eddeos exclusivos sobre os bastidores das fotos. A obra faz parte de um projeto maior que inclui o document\u00e1rio\u00a0<a href=\"https:\/\/youtube.com\/playlist?list=PLDU_tRVHdxlFtwl3-IChIJQPQ6QXeQ7uL&amp;si=VaUEF-igkn9xtbqB\" target=\"_blank\" rel=\"noopener nofollow\">\u201cYanomami, Os \u00daltimos Filhos da Floresta\u201d<\/a><\/p>\n<p><strong><strong>Sobre o povo Yanomami<\/strong><\/strong><\/p>\n<p><img loading=\"lazy\" decoding=\"async\" width=\"640\" height=\"395\" src=\"https:\/\/www.europesays.com\/pt\/wp-content\/uploads\/2025\/10\/g1-esp-emerg-yanomami-info-ubsis-v5.jpeg\" alt=\"Mortes de ind\u00edgenas na Terra Yanomami caem\" class=\"wp-image-110484\" style=\"width:852px;height:auto\"  \/>Terra Ind\u00edgena Yanomami. Foto: Divulga\u00e7\u00e3o<\/p>\n<p>Os Yanomami s\u00e3o um dos maiores povos ind\u00edgenas relativamente isolados do mundo. Vivem h\u00e1 mais de mil anos na floresta amaz\u00f4nica, entre as terras altas da atual Venezuela e o territ\u00f3rio brasileiro, distribu\u00eddos entre a Terra Ind\u00edgena Yanomami, no Brasil, e a Reserva da Biosfera Alto Orinoco-Casiquiare, na Venezuela. Tradicionalmente, s\u00e3o ca\u00e7adores, agricultores e coletores, vivendo em comunidades profundamente integradas \u00e0 floresta.<\/p>\n<p>Para os Yanomami, a floresta n\u00e3o \u00e9 apenas um ambiente natural ou recurso econ\u00f4mico. \u00c9 uma entidade viva, sagrada. A \u201curihi\u201d (como chamam a terra-floresta) \u00e9 um ser com o qual humanos e n\u00e3o-humanos mant\u00eam uma rela\u00e7\u00e3o espiritual cont\u00ednua. Essa vis\u00e3o se aproxima da chamada Hip\u00f3tese de Gaia, proposta nos anos 1970 pelo cientista brit\u00e2nico James Lovelock, que entende a Terra como um organismo vivo e autorregulador.<\/p>\n<p><img loading=\"lazy\" decoding=\"async\" width=\"1080\" height=\"685\" src=\"https:\/\/www.europesays.com\/pt\/wp-content\/uploads\/2025\/10\/yanomami.jpg\" alt=\"\" class=\"wp-image-87470\"  \/>Terra Ind\u00edgena Yanomami. Foto: Divulga\u00e7\u00e3o<\/p>\n<p>Desde a d\u00e9cada de 1980, o modo de vida Yanomami vem sendo amea\u00e7ado por fatores externos, como o avan\u00e7o do garimpo ilegal, o desmatamento, a propaga\u00e7\u00e3o de doen\u00e7as trazidas de fora e a viol\u00eancia. Essa press\u00e3o coloca em risco n\u00e3o apenas a sobreviv\u00eancia f\u00edsica do povo, mas tamb\u00e9m sua cultura, cosmovis\u00e3o e rela\u00e7\u00e3o com o territ\u00f3rio.<\/p>\n<p>Proteger os Yanomami \u00e9, em \u00faltima inst\u00e2ncia, proteger a floresta. E enquanto seus territ\u00f3rios e modos de vida forem respeitados, a floresta ainda ter\u00e1 chances de se manter em p\u00e9.<\/p>\n<p><strong><strong>Sobre Ricardo Martins<\/strong><\/strong><\/p>\n<p>Ricardo Martins \u00e9 um dos principais nomes da fotografia de natureza do Brasil. Jornalista, apresentador e s\u00f3cio-fundador da RM Produ\u00e7\u00f5es. Martins tem suas imagens exibidas em espa\u00e7os\u00a0 de prest\u00edgio internacional, como a sede da UNESCO, em Paris, e a Galeria Tretyakov, em Moscou. Seu trabalho refor\u00e7a seu papel como verdadeiro embaixador das belezas naturais brasileiras.\u00a0<\/p>\n<p><img loading=\"lazy\" decoding=\"async\" width=\"1080\" height=\"542\" src=\"https:\/\/www.europesays.com\/pt\/wp-content\/uploads\/2025\/10\/Captura-de-Tela-2025-10-18-as-11.41.20.jpg\" alt=\"Livro finalista do Jabuti apoia constru\u00e7\u00e3o de escola Yanomami na Amaz\u00f4nia\" class=\"wp-image-126417\"  \/>O livro\u00a0Os \u00daltimos Filhos da Floresta, do fot\u00f3grafo e documentarista Ricardo Martins. Imagem: reprodu\u00e7\u00e3o\/site<\/p>\n<p>\u00c9 autor e editor de 15 livros, entre eles A Riqueza de um Vale, obra reconhecida com o Pr\u00eamio Jabuti em 2012, na categoria Melhor Fotografia \u2014 um dos mais importantes reconhecimentos da literatura nacional. <\/p>\n<p>Em Os \u00daltimos Filhos da Floresta, Ricardo mergulha ainda mais fundo: n\u00e3o apenas em paisagens amplas e grandiosas, mas tamb\u00e9m nas texturas e detalhes delicados da selva e de seus habitantes. Um mundo oculto, isolado e vibrante, retratado com a sensibilidade de quem sabe que preservar \u00e9, antes de tudo, enxergar.<\/p>\n","protected":false},"excerpt":{"rendered":"O livro\u00a0Os \u00daltimos Filhos da Floresta, do fot\u00f3grafo e documentarista Ricardo Martins, \u00e9 finalista do Pr\u00eamio Jabuti 2025&hellip;\n","protected":false},"author":2,"featured_media":119892,"comment_status":"","ping_status":"","sticky":false,"template":"","format":"standard","meta":{"footnotes":""},"categories":[143],"tags":[169,114,115,170,32,33],"class_list":{"0":"post-119891","1":"post","2":"type-post","3":"status-publish","4":"format-standard","5":"has-post-thumbnail","7":"category-livros","8":"tag-books","9":"tag-entertainment","10":"tag-entretenimento","11":"tag-livros","12":"tag-portugal","13":"tag-pt"},"share_on_mastodon":{"url":"https:\/\/pubeurope.com\/@pt\/115410874225395984","error":""},"_links":{"self":[{"href":"https:\/\/www.europesays.com\/pt\/wp-json\/wp\/v2\/posts\/119891","targetHints":{"allow":["GET"]}}],"collection":[{"href":"https:\/\/www.europesays.com\/pt\/wp-json\/wp\/v2\/posts"}],"about":[{"href":"https:\/\/www.europesays.com\/pt\/wp-json\/wp\/v2\/types\/post"}],"author":[{"embeddable":true,"href":"https:\/\/www.europesays.com\/pt\/wp-json\/wp\/v2\/users\/2"}],"replies":[{"embeddable":true,"href":"https:\/\/www.europesays.com\/pt\/wp-json\/wp\/v2\/comments?post=119891"}],"version-history":[{"count":0,"href":"https:\/\/www.europesays.com\/pt\/wp-json\/wp\/v2\/posts\/119891\/revisions"}],"wp:featuredmedia":[{"embeddable":true,"href":"https:\/\/www.europesays.com\/pt\/wp-json\/wp\/v2\/media\/119892"}],"wp:attachment":[{"href":"https:\/\/www.europesays.com\/pt\/wp-json\/wp\/v2\/media?parent=119891"}],"wp:term":[{"taxonomy":"category","embeddable":true,"href":"https:\/\/www.europesays.com\/pt\/wp-json\/wp\/v2\/categories?post=119891"},{"taxonomy":"post_tag","embeddable":true,"href":"https:\/\/www.europesays.com\/pt\/wp-json\/wp\/v2\/tags?post=119891"}],"curies":[{"name":"wp","href":"https:\/\/api.w.org\/{rel}","templated":true}]}}